{"id":6317,"date":"2018-10-17T11:10:39","date_gmt":"2018-10-17T10:10:39","guid":{"rendered":"https:\/\/www.fededonbosco.org\/villena\/?p=6317"},"modified":"2018-10-17T11:10:39","modified_gmt":"2018-10-17T10:10:39","slug":"escuela-de-rock","status":"publish","type":"post","link":"https:\/\/www.fededonbosco.org\/villena\/escuela-de-rock\/","title":{"rendered":"ESCUELA DE ROCK"},"content":{"rendered":"<div id=\"fb-root\"><\/div>\n<p><span style=\"color: #000000\">Superado este primer fin de semana con creces, nuestras chicas y chicos de Escuela de Rock siguen con ganas de mostrar toda su energ\u00eda en cada paso y actuaci\u00f3n que hacen, este pr\u00f3ximo fin de semana seguimos con dos representaciones m\u00e1s, que har\u00e1n vibrar el escenario del teatro del colegio salesianos.<\/span><\/p>\n<p><span style=\"color: #000000\">Las representaciones ser\u00e1n el viernes 11 a las 21:00h y el domingo 13 a las 18:30h.<\/span><br \/>\n<span style=\"color: #000000\">Este fin de semana todo lo recaudado ir\u00e1 destinado a la Asociaci\u00f3n Amig@s del Cerezo , una entidad sin \u00e1nimo de lucro que desarrolla su labor desde el a\u00f1o 1997. Trabaja para incidir de manera positiva y permanente en la transformaci\u00f3n social, generando recursos y \u00a0herramientas a trav\u00e9s de programas sociales,\u00a0 educativos y de inserci\u00f3n sociolaboral que generen cambios sustanciales en las personas y en la sociedad en su conjunto.<\/span><\/p>\n<p><span style=\"color: #000000\">Los proyectos que la integran son:<\/span><\/p>\n<div><span style=\"color: #000000\">Centro de D\u00eda El Cerezo<\/span><\/div>\n<div><span style=\"color: #000000\">Incorpora de \u00abla Obra Social La Caixa\u00bb<\/span><\/div>\n<div><span style=\"color: #000000\">Programa Formativo de Inserci\u00f3n Sociolaboral<\/span><\/div>\n<div><span style=\"color: #000000\">Insertadix Empresa de Inserci\u00f3n Sociolaboral<\/span><\/div>\n<p><span style=\"color: #000000\">Una vez, educando en valores. Si no te quieres perder este maravilloso taller y adem\u00e1s quieres colaborar con esta asociaci\u00f3n; este fin de semana tienes una cita en el teatro del colegio salesianos.<\/span><\/p>\n<p><span style=\"color: #000000\">Os esperamos \u00a1NO OS LO POD\u00c9IS PERDER!<\/span><\/p>\n<p><strong><em><span style=\"color: #ff9900\">C<\/span>entro<span style=\"color: #008000\">\u00a0J<\/span>uvenil\u00a0<span style=\"color: #ffff00\">D<\/span>on\u00a0<span style=\"color: #ff00ff\">B<\/span>osco Villena<\/em><\/strong><\/p>\n\n<div class=\"twitter-share\"><a href=\"https:\/\/twitter.com\/intent\/tweet?via=CJDB_Villena\" class=\"twitter-share-button\">Twittear<\/a><\/div>\n","protected":false},"excerpt":{"rendered":"<p>Superado este primer fin de semana con creces, nuestras chicas y chicos de Escuela de Rock siguen con ganas de mostrar toda su energ\u00eda en cada paso y actuaci\u00f3n que hacen, este pr\u00f3ximo fin de semana seguimos con dos representaciones m\u00e1s, que har\u00e1n vibrar el escenario del teatro del colegio salesianos. Las representaciones ser\u00e1n el [&hellip;]<\/p>\n","protected":false},"author":8,"featured_media":6320,"comment_status":"open","ping_status":"closed","sticky":false,"template":"","format":"standard","meta":{"_et_pb_use_builder":"","_et_pb_old_content":"","_et_gb_content_width":"","footnotes":""},"categories":[172,168],"tags":[],"class_list":["post-6317","post","type-post","status-publish","format-standard","has-post-thumbnail","hentry","category-ju-b","category-musical"],"yoast_head":"<!-- This site is optimized with the Yoast SEO plugin v27.5 - https:\/\/yoast.com\/product\/yoast-seo-wordpress\/ -->\n<title>ESCUELA DE ROCK - Centro Juvenil Don Bosco Villena<\/title>\n<meta name=\"robots\" content=\"index, follow, max-snippet:-1, max-image-preview:large, max-video-preview:-1\" \/>\n<link rel=\"canonical\" href=\"https:\/\/www.fededonbosco.org\/villena\/escuela-de-rock\/\" \/>\n<meta property=\"og:locale\" content=\"es_ES\" \/>\n<meta property=\"og:type\" content=\"article\" \/>\n<meta property=\"og:title\" content=\"ESCUELA DE ROCK - Centro Juvenil Don Bosco Villena\" \/>\n<meta property=\"og:description\" content=\"Superado este primer fin de semana con creces, nuestras chicas y chicos de Escuela de Rock siguen con ganas de mostrar toda su energ\u00eda en cada paso y actuaci\u00f3n que hacen, este pr\u00f3ximo fin de semana seguimos con dos representaciones m\u00e1s, que har\u00e1n vibrar el escenario del teatro del colegio salesianos. Las representaciones ser\u00e1n el [&hellip;]\" \/>\n<meta property=\"og:url\" content=\"https:\/\/www.fededonbosco.org\/villena\/escuela-de-rock\/\" \/>\n<meta property=\"og:site_name\" content=\"Centro Juvenil Don Bosco Villena\" \/>\n<meta property=\"article:author\" content=\"https:\/\/www.facebook.com\/cjdbvillena\/\" \/>\n<meta property=\"article:published_time\" content=\"2018-10-17T10:10:39+00:00\" \/>\n<meta property=\"og:image\" content=\"https:\/\/www.fededonbosco.org\/villena\/wp-content\/uploads\/sites\/4\/2018\/10\/foto-final-1024x683.jpg\" \/>\n\t<meta property=\"og:image:width\" content=\"1024\" \/>\n\t<meta property=\"og:image:height\" content=\"683\" \/>\n\t<meta property=\"og:image:type\" content=\"image\/jpeg\" \/>\n<meta name=\"author\" content=\"webcjdb\" \/>\n<meta name=\"twitter:card\" content=\"summary_large_image\" \/>\n<meta name=\"twitter:creator\" content=\"@cjdbvillena\" \/>\n<meta name=\"twitter:label1\" content=\"Escrito por\" \/>\n\t<meta name=\"twitter:data1\" content=\"webcjdb\" \/>\n\t<meta name=\"twitter:label2\" content=\"Tiempo de lectura\" \/>\n\t<meta name=\"twitter:data2\" content=\"1 minuto\" \/>\n<script type=\"application\/ld+json\" class=\"yoast-schema-graph\">{\"@context\":\"https:\\\/\\\/schema.org\",\"@graph\":[{\"@type\":\"Article\",\"@id\":\"https:\\\/\\\/www.fededonbosco.org\\\/villena\\\/escuela-de-rock\\\/#article\",\"isPartOf\":{\"@id\":\"https:\\\/\\\/www.fededonbosco.org\\\/villena\\\/escuela-de-rock\\\/\"},\"author\":{\"name\":\"webcjdb\",\"@id\":\"https:\\\/\\\/www.fededonbosco.org\\\/villena\\\/#\\\/schema\\\/person\\\/4da59decd0bb185b3d847ec0fcc2087f\"},\"headline\":\"ESCUELA DE ROCK\",\"datePublished\":\"2018-10-17T10:10:39+00:00\",\"mainEntityOfPage\":{\"@id\":\"https:\\\/\\\/www.fededonbosco.org\\\/villena\\\/escuela-de-rock\\\/\"},\"wordCount\":227,\"commentCount\":0,\"image\":{\"@id\":\"https:\\\/\\\/www.fededonbosco.org\\\/villena\\\/escuela-de-rock\\\/#primaryimage\"},\"thumbnailUrl\":\"https:\\\/\\\/www.fededonbosco.org\\\/villena\\\/wp-content\\\/uploads\\\/sites\\\/4\\\/2018\\\/10\\\/foto-final.jpg\",\"articleSection\":[\"Ju-B\",\"Musical\"],\"inLanguage\":\"es\",\"potentialAction\":[{\"@type\":\"CommentAction\",\"name\":\"Comment\",\"target\":[\"https:\\\/\\\/www.fededonbosco.org\\\/villena\\\/escuela-de-rock\\\/#respond\"]}]},{\"@type\":\"WebPage\",\"@id\":\"https:\\\/\\\/www.fededonbosco.org\\\/villena\\\/escuela-de-rock\\\/\",\"url\":\"https:\\\/\\\/www.fededonbosco.org\\\/villena\\\/escuela-de-rock\\\/\",\"name\":\"ESCUELA DE ROCK - Centro Juvenil Don Bosco Villena\",\"isPartOf\":{\"@id\":\"https:\\\/\\\/www.fededonbosco.org\\\/villena\\\/#website\"},\"primaryImageOfPage\":{\"@id\":\"https:\\\/\\\/www.fededonbosco.org\\\/villena\\\/escuela-de-rock\\\/#primaryimage\"},\"image\":{\"@id\":\"https:\\\/\\\/www.fededonbosco.org\\\/villena\\\/escuela-de-rock\\\/#primaryimage\"},\"thumbnailUrl\":\"https:\\\/\\\/www.fededonbosco.org\\\/villena\\\/wp-content\\\/uploads\\\/sites\\\/4\\\/2018\\\/10\\\/foto-final.jpg\",\"datePublished\":\"2018-10-17T10:10:39+00:00\",\"author\":{\"@id\":\"https:\\\/\\\/www.fededonbosco.org\\\/villena\\\/#\\\/schema\\\/person\\\/4da59decd0bb185b3d847ec0fcc2087f\"},\"breadcrumb\":{\"@id\":\"https:\\\/\\\/www.fededonbosco.org\\\/villena\\\/escuela-de-rock\\\/#breadcrumb\"},\"inLanguage\":\"es\",\"potentialAction\":[{\"@type\":\"ReadAction\",\"target\":[\"https:\\\/\\\/www.fededonbosco.org\\\/villena\\\/escuela-de-rock\\\/\"]}]},{\"@type\":\"ImageObject\",\"inLanguage\":\"es\",\"@id\":\"https:\\\/\\\/www.fededonbosco.org\\\/villena\\\/escuela-de-rock\\\/#primaryimage\",\"url\":\"https:\\\/\\\/www.fededonbosco.org\\\/villena\\\/wp-content\\\/uploads\\\/sites\\\/4\\\/2018\\\/10\\\/foto-final.jpg\",\"contentUrl\":\"https:\\\/\\\/www.fededonbosco.org\\\/villena\\\/wp-content\\\/uploads\\\/sites\\\/4\\\/2018\\\/10\\\/foto-final.jpg\",\"width\":6000,\"height\":4000},{\"@type\":\"BreadcrumbList\",\"@id\":\"https:\\\/\\\/www.fededonbosco.org\\\/villena\\\/escuela-de-rock\\\/#breadcrumb\",\"itemListElement\":[{\"@type\":\"ListItem\",\"position\":1,\"name\":\"Portada\",\"item\":\"https:\\\/\\\/www.fededonbosco.org\\\/villena\\\/\"},{\"@type\":\"ListItem\",\"position\":2,\"name\":\"ESCUELA DE ROCK\"}]},{\"@type\":\"WebSite\",\"@id\":\"https:\\\/\\\/www.fededonbosco.org\\\/villena\\\/#website\",\"url\":\"https:\\\/\\\/www.fededonbosco.org\\\/villena\\\/\",\"name\":\"Centro Juvenil Don Bosco Villena\",\"description\":\"Pagina oficial del Centro Juvenil Don Bosco\",\"potentialAction\":[{\"@type\":\"SearchAction\",\"target\":{\"@type\":\"EntryPoint\",\"urlTemplate\":\"https:\\\/\\\/www.fededonbosco.org\\\/villena\\\/?s={search_term_string}\"},\"query-input\":{\"@type\":\"PropertyValueSpecification\",\"valueRequired\":true,\"valueName\":\"search_term_string\"}}],\"inLanguage\":\"es\"},{\"@type\":\"Person\",\"@id\":\"https:\\\/\\\/www.fededonbosco.org\\\/villena\\\/#\\\/schema\\\/person\\\/4da59decd0bb185b3d847ec0fcc2087f\",\"name\":\"webcjdb\",\"image\":{\"@type\":\"ImageObject\",\"inLanguage\":\"es\",\"@id\":\"https:\\\/\\\/secure.gravatar.com\\\/avatar\\\/6772807857fdc35dc1c918927bb1613843f3ac8f8acb9aaafd3f600c1ccfa3ac?s=96&d=identicon&r=g\",\"url\":\"https:\\\/\\\/secure.gravatar.com\\\/avatar\\\/6772807857fdc35dc1c918927bb1613843f3ac8f8acb9aaafd3f600c1ccfa3ac?s=96&d=identicon&r=g\",\"contentUrl\":\"https:\\\/\\\/secure.gravatar.com\\\/avatar\\\/6772807857fdc35dc1c918927bb1613843f3ac8f8acb9aaafd3f600c1ccfa3ac?s=96&d=identicon&r=g\",\"caption\":\"webcjdb\"},\"sameAs\":[\"https:\\\/\\\/www.facebook.com\\\/cjdbvillena\\\/\",\"https:\\\/\\\/www.instagram.com\\\/cjdbvillena\\\/?hl=es\",\"https:\\\/\\\/x.com\\\/cjdbvillena\"],\"url\":\"https:\\\/\\\/www.fededonbosco.org\\\/villena\\\/author\\\/webcjdb\\\/\"}]}<\/script>\n<!-- \/ Yoast SEO plugin. -->","yoast_head_json":{"title":"ESCUELA DE ROCK - Centro Juvenil Don Bosco Villena","robots":{"index":"index","follow":"follow","max-snippet":"max-snippet:-1","max-image-preview":"max-image-preview:large","max-video-preview":"max-video-preview:-1"},"canonical":"https:\/\/www.fededonbosco.org\/villena\/escuela-de-rock\/","og_locale":"es_ES","og_type":"article","og_title":"ESCUELA DE ROCK - Centro Juvenil Don Bosco Villena","og_description":"Superado este primer fin de semana con creces, nuestras chicas y chicos de Escuela de Rock siguen con ganas de mostrar toda su energ\u00eda en cada paso y actuaci\u00f3n que hacen, este pr\u00f3ximo fin de semana seguimos con dos representaciones m\u00e1s, que har\u00e1n vibrar el escenario del teatro del colegio salesianos. Las representaciones ser\u00e1n el [&hellip;]","og_url":"https:\/\/www.fededonbosco.org\/villena\/escuela-de-rock\/","og_site_name":"Centro Juvenil Don Bosco Villena","article_author":"https:\/\/www.facebook.com\/cjdbvillena\/","article_published_time":"2018-10-17T10:10:39+00:00","og_image":[{"width":1024,"height":683,"url":"https:\/\/www.fededonbosco.org\/villena\/wp-content\/uploads\/sites\/4\/2018\/10\/foto-final-1024x683.jpg","type":"image\/jpeg"}],"author":"webcjdb","twitter_card":"summary_large_image","twitter_creator":"@cjdbvillena","twitter_misc":{"Escrito por":"webcjdb","Tiempo de lectura":"1 minuto"},"schema":{"@context":"https:\/\/schema.org","@graph":[{"@type":"Article","@id":"https:\/\/www.fededonbosco.org\/villena\/escuela-de-rock\/#article","isPartOf":{"@id":"https:\/\/www.fededonbosco.org\/villena\/escuela-de-rock\/"},"author":{"name":"webcjdb","@id":"https:\/\/www.fededonbosco.org\/villena\/#\/schema\/person\/4da59decd0bb185b3d847ec0fcc2087f"},"headline":"ESCUELA DE ROCK","datePublished":"2018-10-17T10:10:39+00:00","mainEntityOfPage":{"@id":"https:\/\/www.fededonbosco.org\/villena\/escuela-de-rock\/"},"wordCount":227,"commentCount":0,"image":{"@id":"https:\/\/www.fededonbosco.org\/villena\/escuela-de-rock\/#primaryimage"},"thumbnailUrl":"https:\/\/www.fededonbosco.org\/villena\/wp-content\/uploads\/sites\/4\/2018\/10\/foto-final.jpg","articleSection":["Ju-B","Musical"],"inLanguage":"es","potentialAction":[{"@type":"CommentAction","name":"Comment","target":["https:\/\/www.fededonbosco.org\/villena\/escuela-de-rock\/#respond"]}]},{"@type":"WebPage","@id":"https:\/\/www.fededonbosco.org\/villena\/escuela-de-rock\/","url":"https:\/\/www.fededonbosco.org\/villena\/escuela-de-rock\/","name":"ESCUELA DE ROCK - Centro Juvenil Don Bosco Villena","isPartOf":{"@id":"https:\/\/www.fededonbosco.org\/villena\/#website"},"primaryImageOfPage":{"@id":"https:\/\/www.fededonbosco.org\/villena\/escuela-de-rock\/#primaryimage"},"image":{"@id":"https:\/\/www.fededonbosco.org\/villena\/escuela-de-rock\/#primaryimage"},"thumbnailUrl":"https:\/\/www.fededonbosco.org\/villena\/wp-content\/uploads\/sites\/4\/2018\/10\/foto-final.jpg","datePublished":"2018-10-17T10:10:39+00:00","author":{"@id":"https:\/\/www.fededonbosco.org\/villena\/#\/schema\/person\/4da59decd0bb185b3d847ec0fcc2087f"},"breadcrumb":{"@id":"https:\/\/www.fededonbosco.org\/villena\/escuela-de-rock\/#breadcrumb"},"inLanguage":"es","potentialAction":[{"@type":"ReadAction","target":["https:\/\/www.fededonbosco.org\/villena\/escuela-de-rock\/"]}]},{"@type":"ImageObject","inLanguage":"es","@id":"https:\/\/www.fededonbosco.org\/villena\/escuela-de-rock\/#primaryimage","url":"https:\/\/www.fededonbosco.org\/villena\/wp-content\/uploads\/sites\/4\/2018\/10\/foto-final.jpg","contentUrl":"https:\/\/www.fededonbosco.org\/villena\/wp-content\/uploads\/sites\/4\/2018\/10\/foto-final.jpg","width":6000,"height":4000},{"@type":"BreadcrumbList","@id":"https:\/\/www.fededonbosco.org\/villena\/escuela-de-rock\/#breadcrumb","itemListElement":[{"@type":"ListItem","position":1,"name":"Portada","item":"https:\/\/www.fededonbosco.org\/villena\/"},{"@type":"ListItem","position":2,"name":"ESCUELA DE ROCK"}]},{"@type":"WebSite","@id":"https:\/\/www.fededonbosco.org\/villena\/#website","url":"https:\/\/www.fededonbosco.org\/villena\/","name":"Centro Juvenil Don Bosco Villena","description":"Pagina oficial del Centro Juvenil Don Bosco","potentialAction":[{"@type":"SearchAction","target":{"@type":"EntryPoint","urlTemplate":"https:\/\/www.fededonbosco.org\/villena\/?s={search_term_string}"},"query-input":{"@type":"PropertyValueSpecification","valueRequired":true,"valueName":"search_term_string"}}],"inLanguage":"es"},{"@type":"Person","@id":"https:\/\/www.fededonbosco.org\/villena\/#\/schema\/person\/4da59decd0bb185b3d847ec0fcc2087f","name":"webcjdb","image":{"@type":"ImageObject","inLanguage":"es","@id":"https:\/\/secure.gravatar.com\/avatar\/6772807857fdc35dc1c918927bb1613843f3ac8f8acb9aaafd3f600c1ccfa3ac?s=96&d=identicon&r=g","url":"https:\/\/secure.gravatar.com\/avatar\/6772807857fdc35dc1c918927bb1613843f3ac8f8acb9aaafd3f600c1ccfa3ac?s=96&d=identicon&r=g","contentUrl":"https:\/\/secure.gravatar.com\/avatar\/6772807857fdc35dc1c918927bb1613843f3ac8f8acb9aaafd3f600c1ccfa3ac?s=96&d=identicon&r=g","caption":"webcjdb"},"sameAs":["https:\/\/www.facebook.com\/cjdbvillena\/","https:\/\/www.instagram.com\/cjdbvillena\/?hl=es","https:\/\/x.com\/cjdbvillena"],"url":"https:\/\/www.fededonbosco.org\/villena\/author\/webcjdb\/"}]}},"_links":{"self":[{"href":"https:\/\/www.fededonbosco.org\/villena\/wp-json\/wp\/v2\/posts\/6317","targetHints":{"allow":["GET"]}}],"collection":[{"href":"https:\/\/www.fededonbosco.org\/villena\/wp-json\/wp\/v2\/posts"}],"about":[{"href":"https:\/\/www.fededonbosco.org\/villena\/wp-json\/wp\/v2\/types\/post"}],"author":[{"embeddable":true,"href":"https:\/\/www.fededonbosco.org\/villena\/wp-json\/wp\/v2\/users\/8"}],"replies":[{"embeddable":true,"href":"https:\/\/www.fededonbosco.org\/villena\/wp-json\/wp\/v2\/comments?post=6317"}],"version-history":[{"count":1,"href":"https:\/\/www.fededonbosco.org\/villena\/wp-json\/wp\/v2\/posts\/6317\/revisions"}],"predecessor-version":[{"id":6321,"href":"https:\/\/www.fededonbosco.org\/villena\/wp-json\/wp\/v2\/posts\/6317\/revisions\/6321"}],"wp:featuredmedia":[{"embeddable":true,"href":"https:\/\/www.fededonbosco.org\/villena\/wp-json\/wp\/v2\/media\/6320"}],"wp:attachment":[{"href":"https:\/\/www.fededonbosco.org\/villena\/wp-json\/wp\/v2\/media?parent=6317"}],"wp:term":[{"taxonomy":"category","embeddable":true,"href":"https:\/\/www.fededonbosco.org\/villena\/wp-json\/wp\/v2\/categories?post=6317"},{"taxonomy":"post_tag","embeddable":true,"href":"https:\/\/www.fededonbosco.org\/villena\/wp-json\/wp\/v2\/tags?post=6317"}],"curies":[{"name":"wp","href":"https:\/\/api.w.org\/{rel}","templated":true}]}}