{"id":6839,"date":"2019-07-03T22:10:52","date_gmt":"2019-07-03T21:10:52","guid":{"rendered":"https:\/\/www.fededonbosco.org\/villena\/?p=6839"},"modified":"2019-07-03T22:10:54","modified_gmt":"2019-07-03T21:10:54","slug":"circulares-villanua-2019","status":"publish","type":"post","link":"https:\/\/www.fededonbosco.org\/villena\/circulares-villanua-2019\/","title":{"rendered":"CIRCULARES VILLAN\u00daA 2019"},"content":{"rendered":"<div id=\"fb-root\"><\/div>\n\n<p class=\"wp-block-paragraph\"><br> Quedan muy pocos d\u00edas para que comience la aventura, por ello aqu\u00ed os dejamos dos circulares muy importantes que ya repartimos en la \u00faltima reuni\u00f3n.  <\/p>\n\n\n\n<div class=\"wp-block-file\"><a href=\"https:\/\/www.fededonbosco.org\/villena\/wp-content\/uploads\/sites\/4\/2019\/07\/Autorizacion-paterna-barranquismo-x1.pdf\">Autorizacion barranquismo <\/a><a href=\"https:\/\/www.fededonbosco.org\/villena\/wp-content\/uploads\/sites\/4\/2019\/07\/Autorizacion-paterna-barranquismo-x1.pdf\" class=\"wp-block-file__button\" download>Descarga<\/a><\/div>\n\n\n\n<div class=\"wp-block-file\"><a href=\"https:\/\/www.fededonbosco.org\/villena\/wp-content\/uploads\/sites\/4\/2019\/07\/Circular-Ultimos-detalles-datos-de-intere\u0301s.pdf\">Circular  detalles, datos de intere\u0301s<\/a><a href=\"https:\/\/www.fededonbosco.org\/villena\/wp-content\/uploads\/sites\/4\/2019\/07\/Circular-Ultimos-detalles-datos-de-intere\u0301s.pdf\" class=\"wp-block-file__button\" download>Descarga<\/a><\/div>\n\n\n\n<p class=\"wp-block-paragraph\"><br> Para recogerlas y entregarlas pod\u00e9is asistir al Centro Juvenil los siguientes d\u00edas:<\/p>\n\n\n\n<p class=\"wp-block-paragraph\"><br><strong><em>-&gt; Jueves 4 de julio de 18:30 a 20:00h<\/em><\/strong><br> -&gt;<strong><em>Viernes 5 de julio de 18:30 a 20:00h <\/em><\/strong><br><\/p>\n\n\n\n<p class=\"wp-block-paragraph\"> Estos d\u00edas tambi\u00e9n podr\u00e1s resolver todas las dudas que te puedan ir surgiendo.<br> <\/p>\n\n\n\n<p class=\"wp-block-paragraph\"><strong>MUY IMPORTANTE!<\/strong>&#x1f449;&#x1f3fc;<em>Recordamos que en caso de que desees ir a Barranquismo debes entregar la circular uno de los d\u00edas que hemos puesto aqu\u00ed arriba<\/em>&#x1f446;&#x1f3fc;<br> Muchas gracias y nos vemos muy muuy prontooooo!&#x1f92d;<\/p>\n\n\n\n<p class=\"wp-block-paragraph\"><\/p>\n\n<div class=\"twitter-share\"><a href=\"https:\/\/twitter.com\/intent\/tweet?via=CJDB_Villena\" class=\"twitter-share-button\">Twittear<\/a><\/div>\n","protected":false},"excerpt":{"rendered":"<p>Quedan muy pocos d\u00edas para que comience la aventura, por ello aqu\u00ed os dejamos dos circulares muy importantes que ya repartimos en la \u00faltima reuni\u00f3n. Para recogerlas y entregarlas pod\u00e9is asistir al Centro Juvenil los siguientes d\u00edas: -&gt; Jueves 4 de julio de 18:30 a 20:00h -&gt;Viernes 5 de julio de 18:30 a 20:00h Estos [&hellip;]<\/p>\n","protected":false},"author":8,"featured_media":0,"comment_status":"open","ping_status":"closed","sticky":false,"template":"","format":"standard","meta":{"_et_pb_use_builder":"off","_et_pb_old_content":"","_et_gb_content_width":"","footnotes":""},"categories":[182],"tags":[],"class_list":["post-6839","post","type-post","status-publish","format-standard","hentry","category-general-val"],"yoast_head":"<!-- This site is optimized with the Yoast SEO plugin v28.3 - https:\/\/yoast.com\/product\/yoast-seo-wordpress\/ -->\n<title>CIRCULARES VILLAN\u00daA 2019 - Centro Juvenil Don Bosco Villena<\/title>\n<meta name=\"robots\" content=\"index, follow, max-snippet:-1, max-image-preview:large, max-video-preview:-1\" \/>\n<link rel=\"canonical\" href=\"https:\/\/www.fededonbosco.org\/villena\/circulares-villanua-2019\/\" \/>\n<meta property=\"og:locale\" content=\"es_ES\" \/>\n<meta property=\"og:type\" content=\"article\" \/>\n<meta property=\"og:title\" content=\"CIRCULARES VILLAN\u00daA 2019 - Centro Juvenil Don Bosco Villena\" \/>\n<meta property=\"og:description\" content=\"Quedan muy pocos d\u00edas para que comience la aventura, por ello aqu\u00ed os dejamos dos circulares muy importantes que ya repartimos en la \u00faltima reuni\u00f3n. Para recogerlas y entregarlas pod\u00e9is asistir al Centro Juvenil los siguientes d\u00edas: -&gt; Jueves 4 de julio de 18:30 a 20:00h -&gt;Viernes 5 de julio de 18:30 a 20:00h Estos [&hellip;]\" \/>\n<meta property=\"og:url\" content=\"https:\/\/www.fededonbosco.org\/villena\/circulares-villanua-2019\/\" \/>\n<meta property=\"og:site_name\" content=\"Centro Juvenil Don Bosco Villena\" \/>\n<meta property=\"article:author\" content=\"https:\/\/www.facebook.com\/cjdbvillena\/\" \/>\n<meta property=\"article:published_time\" content=\"2019-07-03T21:10:52+00:00\" \/>\n<meta property=\"article:modified_time\" content=\"2019-07-03T21:10:54+00:00\" \/>\n<meta name=\"author\" content=\"webcjdb\" \/>\n<meta name=\"twitter:card\" content=\"summary_large_image\" \/>\n<meta name=\"twitter:creator\" content=\"@cjdbvillena\" \/>\n<meta name=\"twitter:label1\" content=\"Escrito por\" \/>\n\t<meta name=\"twitter:data1\" content=\"webcjdb\" \/>\n\t<meta name=\"twitter:label2\" content=\"Tiempo de lectura\" \/>\n\t<meta name=\"twitter:data2\" content=\"1 minuto\" \/>\n<script type=\"application\/ld+json\" class=\"yoast-schema-graph\">{\"@context\":\"https:\\\/\\\/schema.org\",\"@graph\":[{\"@type\":\"Article\",\"@id\":\"https:\\\/\\\/www.fededonbosco.org\\\/villena\\\/circulares-villanua-2019\\\/#article\",\"isPartOf\":{\"@id\":\"https:\\\/\\\/www.fededonbosco.org\\\/villena\\\/circulares-villanua-2019\\\/\"},\"author\":{\"name\":\"webcjdb\",\"@id\":\"https:\\\/\\\/www.fededonbosco.org\\\/villena\\\/#\\\/schema\\\/person\\\/4da59decd0bb185b3d847ec0fcc2087f\"},\"headline\":\"CIRCULARES VILLAN\u00daA 2019\",\"datePublished\":\"2019-07-03T21:10:52+00:00\",\"dateModified\":\"2019-07-03T21:10:54+00:00\",\"mainEntityOfPage\":{\"@id\":\"https:\\\/\\\/www.fededonbosco.org\\\/villena\\\/circulares-villanua-2019\\\/\"},\"wordCount\":133,\"commentCount\":0,\"articleSection\":[\"General\"],\"inLanguage\":\"es\",\"potentialAction\":[{\"@type\":\"CommentAction\",\"name\":\"Comment\",\"target\":[\"https:\\\/\\\/www.fededonbosco.org\\\/villena\\\/circulares-villanua-2019\\\/#respond\"]}]},{\"@type\":\"WebPage\",\"@id\":\"https:\\\/\\\/www.fededonbosco.org\\\/villena\\\/circulares-villanua-2019\\\/\",\"url\":\"https:\\\/\\\/www.fededonbosco.org\\\/villena\\\/circulares-villanua-2019\\\/\",\"name\":\"CIRCULARES VILLAN\u00daA 2019 - Centro Juvenil Don Bosco Villena\",\"isPartOf\":{\"@id\":\"https:\\\/\\\/www.fededonbosco.org\\\/villena\\\/#website\"},\"datePublished\":\"2019-07-03T21:10:52+00:00\",\"dateModified\":\"2019-07-03T21:10:54+00:00\",\"author\":{\"@id\":\"https:\\\/\\\/www.fededonbosco.org\\\/villena\\\/#\\\/schema\\\/person\\\/4da59decd0bb185b3d847ec0fcc2087f\"},\"breadcrumb\":{\"@id\":\"https:\\\/\\\/www.fededonbosco.org\\\/villena\\\/circulares-villanua-2019\\\/#breadcrumb\"},\"inLanguage\":\"es\",\"potentialAction\":[{\"@type\":\"ReadAction\",\"target\":[\"https:\\\/\\\/www.fededonbosco.org\\\/villena\\\/circulares-villanua-2019\\\/\"]}]},{\"@type\":\"BreadcrumbList\",\"@id\":\"https:\\\/\\\/www.fededonbosco.org\\\/villena\\\/circulares-villanua-2019\\\/#breadcrumb\",\"itemListElement\":[{\"@type\":\"ListItem\",\"position\":1,\"name\":\"Portada\",\"item\":\"https:\\\/\\\/www.fededonbosco.org\\\/villena\\\/\"},{\"@type\":\"ListItem\",\"position\":2,\"name\":\"CIRCULARES VILLAN\u00daA 2019\"}]},{\"@type\":\"WebSite\",\"@id\":\"https:\\\/\\\/www.fededonbosco.org\\\/villena\\\/#website\",\"url\":\"https:\\\/\\\/www.fededonbosco.org\\\/villena\\\/\",\"name\":\"Centro Juvenil Don Bosco Villena\",\"description\":\"Pagina oficial del Centro Juvenil Don Bosco\",\"potentialAction\":[{\"@type\":\"SearchAction\",\"target\":{\"@type\":\"EntryPoint\",\"urlTemplate\":\"https:\\\/\\\/www.fededonbosco.org\\\/villena\\\/?s={search_term_string}\"},\"query-input\":{\"@type\":\"PropertyValueSpecification\",\"valueRequired\":true,\"valueName\":\"search_term_string\"}}],\"inLanguage\":\"es\"},{\"@type\":\"Person\",\"@id\":\"https:\\\/\\\/www.fededonbosco.org\\\/villena\\\/#\\\/schema\\\/person\\\/4da59decd0bb185b3d847ec0fcc2087f\",\"name\":\"webcjdb\",\"image\":{\"@type\":\"ImageObject\",\"inLanguage\":\"es\",\"@id\":\"https:\\\/\\\/secure.gravatar.com\\\/avatar\\\/6772807857fdc35dc1c918927bb1613843f3ac8f8acb9aaafd3f600c1ccfa3ac?s=96&d=identicon&r=g\",\"url\":\"https:\\\/\\\/secure.gravatar.com\\\/avatar\\\/6772807857fdc35dc1c918927bb1613843f3ac8f8acb9aaafd3f600c1ccfa3ac?s=96&d=identicon&r=g\",\"contentUrl\":\"https:\\\/\\\/secure.gravatar.com\\\/avatar\\\/6772807857fdc35dc1c918927bb1613843f3ac8f8acb9aaafd3f600c1ccfa3ac?s=96&d=identicon&r=g\",\"caption\":\"webcjdb\"},\"sameAs\":[\"https:\\\/\\\/www.facebook.com\\\/cjdbvillena\\\/\",\"https:\\\/\\\/www.instagram.com\\\/cjdbvillena\\\/?hl=es\",\"https:\\\/\\\/x.com\\\/cjdbvillena\"],\"url\":\"https:\\\/\\\/www.fededonbosco.org\\\/villena\\\/author\\\/webcjdb\\\/\"}]}<\/script>\n<!-- \/ Yoast SEO plugin. -->","yoast_head_json":{"title":"CIRCULARES VILLAN\u00daA 2019 - Centro Juvenil Don Bosco Villena","robots":{"index":"index","follow":"follow","max-snippet":"max-snippet:-1","max-image-preview":"max-image-preview:large","max-video-preview":"max-video-preview:-1"},"canonical":"https:\/\/www.fededonbosco.org\/villena\/circulares-villanua-2019\/","og_locale":"es_ES","og_type":"article","og_title":"CIRCULARES VILLAN\u00daA 2019 - Centro Juvenil Don Bosco Villena","og_description":"Quedan muy pocos d\u00edas para que comience la aventura, por ello aqu\u00ed os dejamos dos circulares muy importantes que ya repartimos en la \u00faltima reuni\u00f3n. Para recogerlas y entregarlas pod\u00e9is asistir al Centro Juvenil los siguientes d\u00edas: -&gt; Jueves 4 de julio de 18:30 a 20:00h -&gt;Viernes 5 de julio de 18:30 a 20:00h Estos [&hellip;]","og_url":"https:\/\/www.fededonbosco.org\/villena\/circulares-villanua-2019\/","og_site_name":"Centro Juvenil Don Bosco Villena","article_author":"https:\/\/www.facebook.com\/cjdbvillena\/","article_published_time":"2019-07-03T21:10:52+00:00","article_modified_time":"2019-07-03T21:10:54+00:00","author":"webcjdb","twitter_card":"summary_large_image","twitter_creator":"@cjdbvillena","twitter_misc":{"Escrito por":"webcjdb","Tiempo de lectura":"1 minuto"},"schema":{"@context":"https:\/\/schema.org","@graph":[{"@type":"Article","@id":"https:\/\/www.fededonbosco.org\/villena\/circulares-villanua-2019\/#article","isPartOf":{"@id":"https:\/\/www.fededonbosco.org\/villena\/circulares-villanua-2019\/"},"author":{"name":"webcjdb","@id":"https:\/\/www.fededonbosco.org\/villena\/#\/schema\/person\/4da59decd0bb185b3d847ec0fcc2087f"},"headline":"CIRCULARES VILLAN\u00daA 2019","datePublished":"2019-07-03T21:10:52+00:00","dateModified":"2019-07-03T21:10:54+00:00","mainEntityOfPage":{"@id":"https:\/\/www.fededonbosco.org\/villena\/circulares-villanua-2019\/"},"wordCount":133,"commentCount":0,"articleSection":["General"],"inLanguage":"es","potentialAction":[{"@type":"CommentAction","name":"Comment","target":["https:\/\/www.fededonbosco.org\/villena\/circulares-villanua-2019\/#respond"]}]},{"@type":"WebPage","@id":"https:\/\/www.fededonbosco.org\/villena\/circulares-villanua-2019\/","url":"https:\/\/www.fededonbosco.org\/villena\/circulares-villanua-2019\/","name":"CIRCULARES VILLAN\u00daA 2019 - Centro Juvenil Don Bosco Villena","isPartOf":{"@id":"https:\/\/www.fededonbosco.org\/villena\/#website"},"datePublished":"2019-07-03T21:10:52+00:00","dateModified":"2019-07-03T21:10:54+00:00","author":{"@id":"https:\/\/www.fededonbosco.org\/villena\/#\/schema\/person\/4da59decd0bb185b3d847ec0fcc2087f"},"breadcrumb":{"@id":"https:\/\/www.fededonbosco.org\/villena\/circulares-villanua-2019\/#breadcrumb"},"inLanguage":"es","potentialAction":[{"@type":"ReadAction","target":["https:\/\/www.fededonbosco.org\/villena\/circulares-villanua-2019\/"]}]},{"@type":"BreadcrumbList","@id":"https:\/\/www.fededonbosco.org\/villena\/circulares-villanua-2019\/#breadcrumb","itemListElement":[{"@type":"ListItem","position":1,"name":"Portada","item":"https:\/\/www.fededonbosco.org\/villena\/"},{"@type":"ListItem","position":2,"name":"CIRCULARES VILLAN\u00daA 2019"}]},{"@type":"WebSite","@id":"https:\/\/www.fededonbosco.org\/villena\/#website","url":"https:\/\/www.fededonbosco.org\/villena\/","name":"Centro Juvenil Don Bosco Villena","description":"Pagina oficial del Centro Juvenil Don Bosco","potentialAction":[{"@type":"SearchAction","target":{"@type":"EntryPoint","urlTemplate":"https:\/\/www.fededonbosco.org\/villena\/?s={search_term_string}"},"query-input":{"@type":"PropertyValueSpecification","valueRequired":true,"valueName":"search_term_string"}}],"inLanguage":"es"},{"@type":"Person","@id":"https:\/\/www.fededonbosco.org\/villena\/#\/schema\/person\/4da59decd0bb185b3d847ec0fcc2087f","name":"webcjdb","image":{"@type":"ImageObject","inLanguage":"es","@id":"https:\/\/secure.gravatar.com\/avatar\/6772807857fdc35dc1c918927bb1613843f3ac8f8acb9aaafd3f600c1ccfa3ac?s=96&d=identicon&r=g","url":"https:\/\/secure.gravatar.com\/avatar\/6772807857fdc35dc1c918927bb1613843f3ac8f8acb9aaafd3f600c1ccfa3ac?s=96&d=identicon&r=g","contentUrl":"https:\/\/secure.gravatar.com\/avatar\/6772807857fdc35dc1c918927bb1613843f3ac8f8acb9aaafd3f600c1ccfa3ac?s=96&d=identicon&r=g","caption":"webcjdb"},"sameAs":["https:\/\/www.facebook.com\/cjdbvillena\/","https:\/\/www.instagram.com\/cjdbvillena\/?hl=es","https:\/\/x.com\/cjdbvillena"],"url":"https:\/\/www.fededonbosco.org\/villena\/author\/webcjdb\/"}]}},"_links":{"self":[{"href":"https:\/\/www.fededonbosco.org\/villena\/wp-json\/wp\/v2\/posts\/6839","targetHints":{"allow":["GET"]}}],"collection":[{"href":"https:\/\/www.fededonbosco.org\/villena\/wp-json\/wp\/v2\/posts"}],"about":[{"href":"https:\/\/www.fededonbosco.org\/villena\/wp-json\/wp\/v2\/types\/post"}],"author":[{"embeddable":true,"href":"https:\/\/www.fededonbosco.org\/villena\/wp-json\/wp\/v2\/users\/8"}],"replies":[{"embeddable":true,"href":"https:\/\/www.fededonbosco.org\/villena\/wp-json\/wp\/v2\/comments?post=6839"}],"version-history":[{"count":1,"href":"https:\/\/www.fededonbosco.org\/villena\/wp-json\/wp\/v2\/posts\/6839\/revisions"}],"predecessor-version":[{"id":6842,"href":"https:\/\/www.fededonbosco.org\/villena\/wp-json\/wp\/v2\/posts\/6839\/revisions\/6842"}],"wp:attachment":[{"href":"https:\/\/www.fededonbosco.org\/villena\/wp-json\/wp\/v2\/media?parent=6839"}],"wp:term":[{"taxonomy":"category","embeddable":true,"href":"https:\/\/www.fededonbosco.org\/villena\/wp-json\/wp\/v2\/categories?post=6839"},{"taxonomy":"post_tag","embeddable":true,"href":"https:\/\/www.fededonbosco.org\/villena\/wp-json\/wp\/v2\/tags?post=6839"}],"curies":[{"name":"wp","href":"https:\/\/api.w.org\/{rel}","templated":true}]}}