{"id":6845,"date":"2019-07-19T18:29:51","date_gmt":"2019-07-19T17:29:51","guid":{"rendered":"https:\/\/www.fededonbosco.org\/villena\/?p=6845"},"modified":"2019-07-19T18:29:52","modified_gmt":"2019-07-19T17:29:52","slug":"villanua-2019-primeros-dias","status":"publish","type":"post","link":"https:\/\/www.fededonbosco.org\/villena\/villanua-2019-primeros-dias\/","title":{"rendered":"VILLAN\u00daA 2019 &#8211; PRIMEROS D\u00cdAS"},"content":{"rendered":"<div id=\"fb-root\"><\/div>\n\n<p class=\"wp-block-paragraph\">La aventura ha dado comienzo.<br> Varitas preparadas, lechuzas adue\u00f1adas y capas personalizadas. <\/p>\n\n\n\n<p class=\"wp-block-paragraph\"><br> Un nuevo curso en la escuela de magia Hogwarts ha empezado. <br> Nuestras alumnas y alumnos tuvieron que afrontar un largo viaje en autob\u00fas hasta llegar a la estaci\u00f3n que les llevar\u00eda por fin al castillo m\u00e1gico.<br> Durante 12 d\u00edas, nuestras alumnas y alumnos aprender\u00e1n a realizar hechizos, conjuros, a luchar contra las artes oscuras y un largo etc\u00e9tera.<\/p>\n\n\n\n<p class=\"wp-block-paragraph\"><br> Rodeados de paisajes naturales y m\u00e1s de cien personas.<br> Esto es s\u00f3lo el comienzo \u2026 <\/p>\n\n\n\n<p class=\"wp-block-paragraph\">Os mantendremos informados. <\/p>\n\n\n\n<h2 class=\"wp-block-heading\"><em>VILLAN\u00daA  2019- D\u00c9JATE  HECHIZAR<\/em><\/h2>\n\n\n\n<blockquote class=\"wp-block-quote is-layout-flow wp-block-quote-is-layout-flow\"><p><\/p><\/blockquote>\n\n<div class=\"twitter-share\"><a href=\"https:\/\/twitter.com\/intent\/tweet?via=CJDB_Villena\" class=\"twitter-share-button\">Twittear<\/a><\/div>\n","protected":false},"excerpt":{"rendered":"<p>La aventura ha dado comienzo. Varitas preparadas, lechuzas adue\u00f1adas y capas personalizadas. Un nuevo curso en la escuela de magia Hogwarts ha empezado. Nuestras alumnas y alumnos tuvieron que afrontar un largo viaje en autob\u00fas hasta llegar a la estaci\u00f3n que les llevar\u00eda por fin al castillo m\u00e1gico. Durante 12 d\u00edas, nuestras alumnas y alumnos [&hellip;]<\/p>\n","protected":false},"author":8,"featured_media":6849,"comment_status":"open","ping_status":"closed","sticky":false,"template":"","format":"standard","meta":{"_et_pb_use_builder":"off","_et_pb_old_content":"","_et_gb_content_width":"","footnotes":""},"categories":[182],"tags":[],"class_list":["post-6845","post","type-post","status-publish","format-standard","has-post-thumbnail","hentry","category-general-val"],"yoast_head":"<!-- This site is optimized with the Yoast SEO plugin v28.3 - https:\/\/yoast.com\/product\/yoast-seo-wordpress\/ -->\n<title>VILLAN\u00daA 2019 - PRIMEROS D\u00cdAS - Centro Juvenil Don Bosco Villena<\/title>\n<meta name=\"robots\" content=\"index, follow, max-snippet:-1, max-image-preview:large, max-video-preview:-1\" \/>\n<link rel=\"canonical\" href=\"https:\/\/www.fededonbosco.org\/villena\/villanua-2019-primeros-dias\/\" \/>\n<meta property=\"og:locale\" content=\"es_ES\" \/>\n<meta property=\"og:type\" content=\"article\" \/>\n<meta property=\"og:title\" content=\"VILLAN\u00daA 2019 - PRIMEROS D\u00cdAS - Centro Juvenil Don Bosco Villena\" \/>\n<meta property=\"og:description\" content=\"La aventura ha dado comienzo. Varitas preparadas, lechuzas adue\u00f1adas y capas personalizadas. Un nuevo curso en la escuela de magia Hogwarts ha empezado. Nuestras alumnas y alumnos tuvieron que afrontar un largo viaje en autob\u00fas hasta llegar a la estaci\u00f3n que les llevar\u00eda por fin al castillo m\u00e1gico. Durante 12 d\u00edas, nuestras alumnas y alumnos [&hellip;]\" \/>\n<meta property=\"og:url\" content=\"https:\/\/www.fededonbosco.org\/villena\/villanua-2019-primeros-dias\/\" \/>\n<meta property=\"og:site_name\" content=\"Centro Juvenil Don Bosco Villena\" \/>\n<meta property=\"article:author\" content=\"https:\/\/www.facebook.com\/cjdbvillena\/\" \/>\n<meta property=\"article:published_time\" content=\"2019-07-19T17:29:51+00:00\" \/>\n<meta property=\"article:modified_time\" content=\"2019-07-19T17:29:52+00:00\" \/>\n<meta property=\"og:image\" content=\"https:\/\/www.fededonbosco.org\/villena\/wp-content\/uploads\/sites\/4\/2019\/07\/DSC_0603-1024x683.jpg\" \/>\n\t<meta property=\"og:image:width\" content=\"1024\" \/>\n\t<meta property=\"og:image:height\" content=\"683\" \/>\n\t<meta property=\"og:image:type\" content=\"image\/jpeg\" \/>\n<meta name=\"author\" content=\"webcjdb\" \/>\n<meta name=\"twitter:card\" content=\"summary_large_image\" \/>\n<meta name=\"twitter:creator\" content=\"@cjdbvillena\" \/>\n<meta name=\"twitter:label1\" content=\"Escrito por\" \/>\n\t<meta name=\"twitter:data1\" content=\"webcjdb\" \/>\n\t<meta name=\"twitter:label2\" content=\"Tiempo de lectura\" \/>\n\t<meta name=\"twitter:data2\" content=\"1 minuto\" \/>\n<script type=\"application\/ld+json\" class=\"yoast-schema-graph\">{\"@context\":\"https:\\\/\\\/schema.org\",\"@graph\":[{\"@type\":\"Article\",\"@id\":\"https:\\\/\\\/www.fededonbosco.org\\\/villena\\\/villanua-2019-primeros-dias\\\/#article\",\"isPartOf\":{\"@id\":\"https:\\\/\\\/www.fededonbosco.org\\\/villena\\\/villanua-2019-primeros-dias\\\/\"},\"author\":{\"name\":\"webcjdb\",\"@id\":\"https:\\\/\\\/www.fededonbosco.org\\\/villena\\\/#\\\/schema\\\/person\\\/4da59decd0bb185b3d847ec0fcc2087f\"},\"headline\":\"VILLAN\u00daA 2019 &#8211; PRIMEROS D\u00cdAS\",\"datePublished\":\"2019-07-19T17:29:51+00:00\",\"dateModified\":\"2019-07-19T17:29:52+00:00\",\"mainEntityOfPage\":{\"@id\":\"https:\\\/\\\/www.fededonbosco.org\\\/villena\\\/villanua-2019-primeros-dias\\\/\"},\"wordCount\":108,\"commentCount\":0,\"image\":{\"@id\":\"https:\\\/\\\/www.fededonbosco.org\\\/villena\\\/villanua-2019-primeros-dias\\\/#primaryimage\"},\"thumbnailUrl\":\"https:\\\/\\\/www.fededonbosco.org\\\/villena\\\/wp-content\\\/uploads\\\/sites\\\/4\\\/2019\\\/07\\\/DSC_0603.jpg\",\"articleSection\":[\"General\"],\"inLanguage\":\"es\",\"potentialAction\":[{\"@type\":\"CommentAction\",\"name\":\"Comment\",\"target\":[\"https:\\\/\\\/www.fededonbosco.org\\\/villena\\\/villanua-2019-primeros-dias\\\/#respond\"]}]},{\"@type\":\"WebPage\",\"@id\":\"https:\\\/\\\/www.fededonbosco.org\\\/villena\\\/villanua-2019-primeros-dias\\\/\",\"url\":\"https:\\\/\\\/www.fededonbosco.org\\\/villena\\\/villanua-2019-primeros-dias\\\/\",\"name\":\"VILLAN\u00daA 2019 - PRIMEROS D\u00cdAS - Centro Juvenil Don Bosco Villena\",\"isPartOf\":{\"@id\":\"https:\\\/\\\/www.fededonbosco.org\\\/villena\\\/#website\"},\"primaryImageOfPage\":{\"@id\":\"https:\\\/\\\/www.fededonbosco.org\\\/villena\\\/villanua-2019-primeros-dias\\\/#primaryimage\"},\"image\":{\"@id\":\"https:\\\/\\\/www.fededonbosco.org\\\/villena\\\/villanua-2019-primeros-dias\\\/#primaryimage\"},\"thumbnailUrl\":\"https:\\\/\\\/www.fededonbosco.org\\\/villena\\\/wp-content\\\/uploads\\\/sites\\\/4\\\/2019\\\/07\\\/DSC_0603.jpg\",\"datePublished\":\"2019-07-19T17:29:51+00:00\",\"dateModified\":\"2019-07-19T17:29:52+00:00\",\"author\":{\"@id\":\"https:\\\/\\\/www.fededonbosco.org\\\/villena\\\/#\\\/schema\\\/person\\\/4da59decd0bb185b3d847ec0fcc2087f\"},\"breadcrumb\":{\"@id\":\"https:\\\/\\\/www.fededonbosco.org\\\/villena\\\/villanua-2019-primeros-dias\\\/#breadcrumb\"},\"inLanguage\":\"es\",\"potentialAction\":[{\"@type\":\"ReadAction\",\"target\":[\"https:\\\/\\\/www.fededonbosco.org\\\/villena\\\/villanua-2019-primeros-dias\\\/\"]}]},{\"@type\":\"ImageObject\",\"inLanguage\":\"es\",\"@id\":\"https:\\\/\\\/www.fededonbosco.org\\\/villena\\\/villanua-2019-primeros-dias\\\/#primaryimage\",\"url\":\"https:\\\/\\\/www.fededonbosco.org\\\/villena\\\/wp-content\\\/uploads\\\/sites\\\/4\\\/2019\\\/07\\\/DSC_0603.jpg\",\"contentUrl\":\"https:\\\/\\\/www.fededonbosco.org\\\/villena\\\/wp-content\\\/uploads\\\/sites\\\/4\\\/2019\\\/07\\\/DSC_0603.jpg\",\"width\":6000,\"height\":4000},{\"@type\":\"BreadcrumbList\",\"@id\":\"https:\\\/\\\/www.fededonbosco.org\\\/villena\\\/villanua-2019-primeros-dias\\\/#breadcrumb\",\"itemListElement\":[{\"@type\":\"ListItem\",\"position\":1,\"name\":\"Portada\",\"item\":\"https:\\\/\\\/www.fededonbosco.org\\\/villena\\\/\"},{\"@type\":\"ListItem\",\"position\":2,\"name\":\"VILLAN\u00daA 2019 &#8211; PRIMEROS D\u00cdAS\"}]},{\"@type\":\"WebSite\",\"@id\":\"https:\\\/\\\/www.fededonbosco.org\\\/villena\\\/#website\",\"url\":\"https:\\\/\\\/www.fededonbosco.org\\\/villena\\\/\",\"name\":\"Centro Juvenil Don Bosco Villena\",\"description\":\"Pagina oficial del Centro Juvenil Don Bosco\",\"potentialAction\":[{\"@type\":\"SearchAction\",\"target\":{\"@type\":\"EntryPoint\",\"urlTemplate\":\"https:\\\/\\\/www.fededonbosco.org\\\/villena\\\/?s={search_term_string}\"},\"query-input\":{\"@type\":\"PropertyValueSpecification\",\"valueRequired\":true,\"valueName\":\"search_term_string\"}}],\"inLanguage\":\"es\"},{\"@type\":\"Person\",\"@id\":\"https:\\\/\\\/www.fededonbosco.org\\\/villena\\\/#\\\/schema\\\/person\\\/4da59decd0bb185b3d847ec0fcc2087f\",\"name\":\"webcjdb\",\"image\":{\"@type\":\"ImageObject\",\"inLanguage\":\"es\",\"@id\":\"https:\\\/\\\/secure.gravatar.com\\\/avatar\\\/6772807857fdc35dc1c918927bb1613843f3ac8f8acb9aaafd3f600c1ccfa3ac?s=96&d=identicon&r=g\",\"url\":\"https:\\\/\\\/secure.gravatar.com\\\/avatar\\\/6772807857fdc35dc1c918927bb1613843f3ac8f8acb9aaafd3f600c1ccfa3ac?s=96&d=identicon&r=g\",\"contentUrl\":\"https:\\\/\\\/secure.gravatar.com\\\/avatar\\\/6772807857fdc35dc1c918927bb1613843f3ac8f8acb9aaafd3f600c1ccfa3ac?s=96&d=identicon&r=g\",\"caption\":\"webcjdb\"},\"sameAs\":[\"https:\\\/\\\/www.facebook.com\\\/cjdbvillena\\\/\",\"https:\\\/\\\/www.instagram.com\\\/cjdbvillena\\\/?hl=es\",\"https:\\\/\\\/x.com\\\/cjdbvillena\"],\"url\":\"https:\\\/\\\/www.fededonbosco.org\\\/villena\\\/author\\\/webcjdb\\\/\"}]}<\/script>\n<!-- \/ Yoast SEO plugin. -->","yoast_head_json":{"title":"VILLAN\u00daA 2019 - PRIMEROS D\u00cdAS - Centro Juvenil Don Bosco Villena","robots":{"index":"index","follow":"follow","max-snippet":"max-snippet:-1","max-image-preview":"max-image-preview:large","max-video-preview":"max-video-preview:-1"},"canonical":"https:\/\/www.fededonbosco.org\/villena\/villanua-2019-primeros-dias\/","og_locale":"es_ES","og_type":"article","og_title":"VILLAN\u00daA 2019 - PRIMEROS D\u00cdAS - Centro Juvenil Don Bosco Villena","og_description":"La aventura ha dado comienzo. Varitas preparadas, lechuzas adue\u00f1adas y capas personalizadas. Un nuevo curso en la escuela de magia Hogwarts ha empezado. Nuestras alumnas y alumnos tuvieron que afrontar un largo viaje en autob\u00fas hasta llegar a la estaci\u00f3n que les llevar\u00eda por fin al castillo m\u00e1gico. Durante 12 d\u00edas, nuestras alumnas y alumnos [&hellip;]","og_url":"https:\/\/www.fededonbosco.org\/villena\/villanua-2019-primeros-dias\/","og_site_name":"Centro Juvenil Don Bosco Villena","article_author":"https:\/\/www.facebook.com\/cjdbvillena\/","article_published_time":"2019-07-19T17:29:51+00:00","article_modified_time":"2019-07-19T17:29:52+00:00","og_image":[{"width":1024,"height":683,"url":"https:\/\/www.fededonbosco.org\/villena\/wp-content\/uploads\/sites\/4\/2019\/07\/DSC_0603-1024x683.jpg","type":"image\/jpeg"}],"author":"webcjdb","twitter_card":"summary_large_image","twitter_creator":"@cjdbvillena","twitter_misc":{"Escrito por":"webcjdb","Tiempo de lectura":"1 minuto"},"schema":{"@context":"https:\/\/schema.org","@graph":[{"@type":"Article","@id":"https:\/\/www.fededonbosco.org\/villena\/villanua-2019-primeros-dias\/#article","isPartOf":{"@id":"https:\/\/www.fededonbosco.org\/villena\/villanua-2019-primeros-dias\/"},"author":{"name":"webcjdb","@id":"https:\/\/www.fededonbosco.org\/villena\/#\/schema\/person\/4da59decd0bb185b3d847ec0fcc2087f"},"headline":"VILLAN\u00daA 2019 &#8211; PRIMEROS D\u00cdAS","datePublished":"2019-07-19T17:29:51+00:00","dateModified":"2019-07-19T17:29:52+00:00","mainEntityOfPage":{"@id":"https:\/\/www.fededonbosco.org\/villena\/villanua-2019-primeros-dias\/"},"wordCount":108,"commentCount":0,"image":{"@id":"https:\/\/www.fededonbosco.org\/villena\/villanua-2019-primeros-dias\/#primaryimage"},"thumbnailUrl":"https:\/\/www.fededonbosco.org\/villena\/wp-content\/uploads\/sites\/4\/2019\/07\/DSC_0603.jpg","articleSection":["General"],"inLanguage":"es","potentialAction":[{"@type":"CommentAction","name":"Comment","target":["https:\/\/www.fededonbosco.org\/villena\/villanua-2019-primeros-dias\/#respond"]}]},{"@type":"WebPage","@id":"https:\/\/www.fededonbosco.org\/villena\/villanua-2019-primeros-dias\/","url":"https:\/\/www.fededonbosco.org\/villena\/villanua-2019-primeros-dias\/","name":"VILLAN\u00daA 2019 - PRIMEROS D\u00cdAS - Centro Juvenil Don Bosco Villena","isPartOf":{"@id":"https:\/\/www.fededonbosco.org\/villena\/#website"},"primaryImageOfPage":{"@id":"https:\/\/www.fededonbosco.org\/villena\/villanua-2019-primeros-dias\/#primaryimage"},"image":{"@id":"https:\/\/www.fededonbosco.org\/villena\/villanua-2019-primeros-dias\/#primaryimage"},"thumbnailUrl":"https:\/\/www.fededonbosco.org\/villena\/wp-content\/uploads\/sites\/4\/2019\/07\/DSC_0603.jpg","datePublished":"2019-07-19T17:29:51+00:00","dateModified":"2019-07-19T17:29:52+00:00","author":{"@id":"https:\/\/www.fededonbosco.org\/villena\/#\/schema\/person\/4da59decd0bb185b3d847ec0fcc2087f"},"breadcrumb":{"@id":"https:\/\/www.fededonbosco.org\/villena\/villanua-2019-primeros-dias\/#breadcrumb"},"inLanguage":"es","potentialAction":[{"@type":"ReadAction","target":["https:\/\/www.fededonbosco.org\/villena\/villanua-2019-primeros-dias\/"]}]},{"@type":"ImageObject","inLanguage":"es","@id":"https:\/\/www.fededonbosco.org\/villena\/villanua-2019-primeros-dias\/#primaryimage","url":"https:\/\/www.fededonbosco.org\/villena\/wp-content\/uploads\/sites\/4\/2019\/07\/DSC_0603.jpg","contentUrl":"https:\/\/www.fededonbosco.org\/villena\/wp-content\/uploads\/sites\/4\/2019\/07\/DSC_0603.jpg","width":6000,"height":4000},{"@type":"BreadcrumbList","@id":"https:\/\/www.fededonbosco.org\/villena\/villanua-2019-primeros-dias\/#breadcrumb","itemListElement":[{"@type":"ListItem","position":1,"name":"Portada","item":"https:\/\/www.fededonbosco.org\/villena\/"},{"@type":"ListItem","position":2,"name":"VILLAN\u00daA 2019 &#8211; PRIMEROS D\u00cdAS"}]},{"@type":"WebSite","@id":"https:\/\/www.fededonbosco.org\/villena\/#website","url":"https:\/\/www.fededonbosco.org\/villena\/","name":"Centro Juvenil Don Bosco Villena","description":"Pagina oficial del Centro Juvenil Don Bosco","potentialAction":[{"@type":"SearchAction","target":{"@type":"EntryPoint","urlTemplate":"https:\/\/www.fededonbosco.org\/villena\/?s={search_term_string}"},"query-input":{"@type":"PropertyValueSpecification","valueRequired":true,"valueName":"search_term_string"}}],"inLanguage":"es"},{"@type":"Person","@id":"https:\/\/www.fededonbosco.org\/villena\/#\/schema\/person\/4da59decd0bb185b3d847ec0fcc2087f","name":"webcjdb","image":{"@type":"ImageObject","inLanguage":"es","@id":"https:\/\/secure.gravatar.com\/avatar\/6772807857fdc35dc1c918927bb1613843f3ac8f8acb9aaafd3f600c1ccfa3ac?s=96&d=identicon&r=g","url":"https:\/\/secure.gravatar.com\/avatar\/6772807857fdc35dc1c918927bb1613843f3ac8f8acb9aaafd3f600c1ccfa3ac?s=96&d=identicon&r=g","contentUrl":"https:\/\/secure.gravatar.com\/avatar\/6772807857fdc35dc1c918927bb1613843f3ac8f8acb9aaafd3f600c1ccfa3ac?s=96&d=identicon&r=g","caption":"webcjdb"},"sameAs":["https:\/\/www.facebook.com\/cjdbvillena\/","https:\/\/www.instagram.com\/cjdbvillena\/?hl=es","https:\/\/x.com\/cjdbvillena"],"url":"https:\/\/www.fededonbosco.org\/villena\/author\/webcjdb\/"}]}},"_links":{"self":[{"href":"https:\/\/www.fededonbosco.org\/villena\/wp-json\/wp\/v2\/posts\/6845","targetHints":{"allow":["GET"]}}],"collection":[{"href":"https:\/\/www.fededonbosco.org\/villena\/wp-json\/wp\/v2\/posts"}],"about":[{"href":"https:\/\/www.fededonbosco.org\/villena\/wp-json\/wp\/v2\/types\/post"}],"author":[{"embeddable":true,"href":"https:\/\/www.fededonbosco.org\/villena\/wp-json\/wp\/v2\/users\/8"}],"replies":[{"embeddable":true,"href":"https:\/\/www.fededonbosco.org\/villena\/wp-json\/wp\/v2\/comments?post=6845"}],"version-history":[{"count":2,"href":"https:\/\/www.fededonbosco.org\/villena\/wp-json\/wp\/v2\/posts\/6845\/revisions"}],"predecessor-version":[{"id":6875,"href":"https:\/\/www.fededonbosco.org\/villena\/wp-json\/wp\/v2\/posts\/6845\/revisions\/6875"}],"wp:featuredmedia":[{"embeddable":true,"href":"https:\/\/www.fededonbosco.org\/villena\/wp-json\/wp\/v2\/media\/6849"}],"wp:attachment":[{"href":"https:\/\/www.fededonbosco.org\/villena\/wp-json\/wp\/v2\/media?parent=6845"}],"wp:term":[{"taxonomy":"category","embeddable":true,"href":"https:\/\/www.fededonbosco.org\/villena\/wp-json\/wp\/v2\/categories?post=6845"},{"taxonomy":"post_tag","embeddable":true,"href":"https:\/\/www.fededonbosco.org\/villena\/wp-json\/wp\/v2\/tags?post=6845"}],"curies":[{"name":"wp","href":"https:\/\/api.w.org\/{rel}","templated":true}]}}