{"id":6864,"date":"2019-09-28T22:50:15","date_gmt":"2019-09-28T21:50:15","guid":{"rendered":"https:\/\/www.fededonbosco.org\/villena\/?p=6864"},"modified":"2019-09-29T10:37:22","modified_gmt":"2019-09-29T09:37:22","slug":"inscripciones-2019-2020","status":"publish","type":"post","link":"https:\/\/www.fededonbosco.org\/villena\/inscripciones-2019-2020\/","title":{"rendered":"Inscripciones 2019\/2020"},"content":{"rendered":"<div id=\"fb-root\"><\/div>\n<h4><strong>\u00a1Saludos!<\/strong><\/h4>\n<p>Otro a\u00f1o m\u00e1s \u00a1COMIENZA UN NUEVO CURSO DE NUESTRO CENTRO JUVENIL! Por lo tanto, nuevos y antiguos socios debemos inscribirnos.<\/p>\n<p>Por eso mismo dejamos los horarios para ello a continuaci\u00f3n, especificando d\u00edas, horas y tipo de inscripci\u00f3n (preinscripci\u00f3n o inscripci\u00f3n) para los distintos socios:<\/p>\n<p><strong>Para los SOCIOS DEL CURSO PASADO (2018\/2019), habr\u00e1 dos d\u00edas de inscripciones:<\/strong><\/p>\n<ol>\n<li>VIERNES, 4 de Octubre, de 17:30 a 19:00.<\/li>\n<li>S\u00c1BADO, 5 de Octubre, de 11:00 a 13:00 y de 17:30 a 19:00.<\/li>\n<\/ol>\n<p>Deber\u00e1n entregar:<\/p>\n<ul>\n<li>Ficha completa (Se adjunta).<\/li>\n<li><strong>Justificante<\/strong> del pago de cuota anual de antiguos socios (40 \u20ac)**.<\/li>\n<li>Foto reciente.<\/li>\n<\/ul>\n<p><em>**Este curso el pago de la cuota se deber\u00e1 realizar por transferencia o ingreso a la cuenta del Banco CaixaBank:<\/em><\/p>\n<p style=\"padding-left: 40px\"><em>N\u00ba de cuenta: ES22 2100 2291 7501 0028 5395<\/em><br \/>\n<em>Concepto: INSCRIPCI\u00d3N + Nombre y apellidos del destinatario<\/em><br \/>\n<em>Beneficiario: Centro Juvenil Don Bosco de Villena<\/em><\/p>\n<p>&nbsp;<\/p>\n<p><strong>Para los NUEVOS SOCIOS (Que no estaban el curso pasado), tendr\u00e1n que seguir el siguiente proceso:<\/strong><\/p>\n<ol>\n<li><strong>PRE-INSCRIPCI\u00d3N<\/strong> previa PARA TODOS LOS NUEVOS SOCIOS desde 4\u00ba de Primaria a 2\u00ba de Bachiller.<br \/>\nAqu\u00ed NO importa el orden de llegada, es s\u00f3lo una pre-inscripci\u00f3n para estar en una lista previa, por APELLIDOS. Los horarios ser\u00e1n:<\/p>\n<ol>\n<li>MI\u00c9RCOLES, 2 de Octubre, de 17:30 a 18:30.<\/li>\n<li>JUEVES, 3 de Octubre, de 17:30 a 18:30.<\/li>\n<\/ol>\n<\/li>\n<li><strong>PUBLICACI\u00d3N EN LA WEB<\/strong> del CJDB de la lista de NUEVOS SOCIOS ADMITIDOS y el horario de inscripci\u00f3n para estos. Todo ello tras realizar un sorteo por LETRA del primer APELLIDO.<br \/>\n*Anotaci\u00f3n: Para 4\u00ba de Primaria saldr\u00e1 el s\u00e1bado 5 de Octubre a las 21:00. Para el resto de cursos el mismo s\u00e1bado 5 de Octubre a las 21:30.<\/li>\n<li>Si han sido admitidos tras el sorteo deber\u00e1n <strong>INSCRIBIRSE como NUEVOS SOCIOS<\/strong> desde 4\u00ba de Primaria a 2\u00ba de Bachiller dentro de los horarios:\n<ol>\n<li>DOMINGO, 6 de Octubre, de 11:00 a 13:00.<\/li>\n<\/ol>\n<\/li>\n<\/ol>\n<p>Deber\u00e1n entregar:<\/p>\n<ol>\n<li>Ficha completa (Se adjunta).<\/li>\n<li><strong>Justificante<\/strong> del pago de cuota anual de nuevo socio (50 \u20ac)**.<\/li>\n<li>Foto reciente.<\/li>\n<\/ol>\n<p><em>**Este curso el pago de la cuota se deber\u00e1 realizar por transferencia o ingreso a la cuenta del Banco CaixaBank:<\/em><\/p>\n<p style=\"padding-left: 40px\"><em>N\u00ba de cuenta: ES22 2100 2291 7501 0028 5395<\/em><br \/>\n<em>Concepto: INSCRIPCI\u00d3N + Nombre y apellidos del destinatario<\/em><br \/>\n<em>Beneficiario: Centro Juvenil Don Bosco de Villena<\/em><\/p>\n<p>Descarga la inscripci\u00f3n aqu\u00ed: <a href=\"http:\/\/www.fededonbosco.org\/villena\/wp-content\/uploads\/sites\/4\/2019\/09\/inscripci\u00f3n-cj-19-20-v1.pdf\">Inscripci\u00f3n Curso 19-20<\/a><\/p>\n<p>Muchas gracias.<\/p>\n<p style=\"text-align: right\">El Equipo de Monitores del CJDB<\/p>\n<p><img loading=\"lazy\" decoding=\"async\" class=\" wp-image-6872 aligncenter\" src=\"http:\/\/www.fededonbosco.org\/villena\/wp-content\/uploads\/sites\/4\/2019\/09\/patros.png\" alt=\"\" width=\"789\" height=\"433\" \/><\/p>\n\n<div class=\"twitter-share\"><a href=\"https:\/\/twitter.com\/intent\/tweet?via=CJDB_Villena\" class=\"twitter-share-button\">Twittear<\/a><\/div>\n","protected":false},"excerpt":{"rendered":"<p>\u00a1Saludos! Otro a\u00f1o m\u00e1s \u00a1COMIENZA UN NUEVO CURSO DE NUESTRO CENTRO JUVENIL! Por lo tanto, nuevos y antiguos socios debemos inscribirnos. Por eso mismo dejamos los horarios para ello a continuaci\u00f3n, especificando d\u00edas, horas y tipo de inscripci\u00f3n (preinscripci\u00f3n o inscripci\u00f3n) para los distintos socios: Para los SOCIOS DEL CURSO PASADO (2018\/2019), habr\u00e1 dos d\u00edas [&hellip;]<\/p>\n","protected":false},"author":8,"featured_media":6871,"comment_status":"open","ping_status":"closed","sticky":false,"template":"","format":"standard","meta":{"_et_pb_use_builder":"","_et_pb_old_content":"","_et_gb_content_width":"","footnotes":""},"categories":[182],"tags":[],"class_list":["post-6864","post","type-post","status-publish","format-standard","has-post-thumbnail","hentry","category-general-val"],"yoast_head":"<!-- This site is optimized with the Yoast SEO plugin v28.3 - https:\/\/yoast.com\/product\/yoast-seo-wordpress\/ -->\n<title>Inscripciones 2019\/2020 - Centro Juvenil Don Bosco Villena<\/title>\n<meta name=\"robots\" content=\"index, follow, max-snippet:-1, max-image-preview:large, max-video-preview:-1\" \/>\n<link rel=\"canonical\" href=\"https:\/\/www.fededonbosco.org\/villena\/inscripciones-2019-2020\/\" \/>\n<meta property=\"og:locale\" content=\"es_ES\" \/>\n<meta property=\"og:type\" content=\"article\" \/>\n<meta property=\"og:title\" content=\"Inscripciones 2019\/2020 - Centro Juvenil Don Bosco Villena\" \/>\n<meta property=\"og:description\" content=\"\u00a1Saludos! Otro a\u00f1o m\u00e1s \u00a1COMIENZA UN NUEVO CURSO DE NUESTRO CENTRO JUVENIL! Por lo tanto, nuevos y antiguos socios debemos inscribirnos. Por eso mismo dejamos los horarios para ello a continuaci\u00f3n, especificando d\u00edas, horas y tipo de inscripci\u00f3n (preinscripci\u00f3n o inscripci\u00f3n) para los distintos socios: Para los SOCIOS DEL CURSO PASADO (2018\/2019), habr\u00e1 dos d\u00edas [&hellip;]\" \/>\n<meta property=\"og:url\" content=\"https:\/\/www.fededonbosco.org\/villena\/inscripciones-2019-2020\/\" \/>\n<meta property=\"og:site_name\" content=\"Centro Juvenil Don Bosco Villena\" \/>\n<meta property=\"article:author\" content=\"https:\/\/www.facebook.com\/cjdbvillena\/\" \/>\n<meta property=\"article:published_time\" content=\"2019-09-28T21:50:15+00:00\" \/>\n<meta property=\"article:modified_time\" content=\"2019-09-29T09:37:22+00:00\" \/>\n<meta property=\"og:image\" content=\"https:\/\/www.fededonbosco.org\/villena\/wp-content\/uploads\/sites\/4\/2019\/09\/Sin-t\u00edtulo-1.png\" \/>\n\t<meta property=\"og:image:width\" content=\"1008\" \/>\n\t<meta property=\"og:image:height\" content=\"553\" \/>\n\t<meta property=\"og:image:type\" content=\"image\/png\" \/>\n<meta name=\"author\" content=\"webcjdb\" \/>\n<meta name=\"twitter:card\" content=\"summary_large_image\" \/>\n<meta name=\"twitter:creator\" content=\"@cjdbvillena\" \/>\n<meta name=\"twitter:label1\" content=\"Escrito por\" \/>\n\t<meta name=\"twitter:data1\" content=\"webcjdb\" \/>\n\t<meta name=\"twitter:label2\" content=\"Tiempo de lectura\" \/>\n\t<meta name=\"twitter:data2\" content=\"2 minutos\" \/>\n<script type=\"application\/ld+json\" class=\"yoast-schema-graph\">{\"@context\":\"https:\\\/\\\/schema.org\",\"@graph\":[{\"@type\":\"Article\",\"@id\":\"https:\\\/\\\/www.fededonbosco.org\\\/villena\\\/inscripciones-2019-2020\\\/#article\",\"isPartOf\":{\"@id\":\"https:\\\/\\\/www.fededonbosco.org\\\/villena\\\/inscripciones-2019-2020\\\/\"},\"author\":{\"name\":\"webcjdb\",\"@id\":\"https:\\\/\\\/www.fededonbosco.org\\\/villena\\\/#\\\/schema\\\/person\\\/4da59decd0bb185b3d847ec0fcc2087f\"},\"headline\":\"Inscripciones 2019\\\/2020\",\"datePublished\":\"2019-09-28T21:50:15+00:00\",\"dateModified\":\"2019-09-29T09:37:22+00:00\",\"mainEntityOfPage\":{\"@id\":\"https:\\\/\\\/www.fededonbosco.org\\\/villena\\\/inscripciones-2019-2020\\\/\"},\"wordCount\":365,\"commentCount\":0,\"image\":{\"@id\":\"https:\\\/\\\/www.fededonbosco.org\\\/villena\\\/inscripciones-2019-2020\\\/#primaryimage\"},\"thumbnailUrl\":\"https:\\\/\\\/www.fededonbosco.org\\\/villena\\\/wp-content\\\/uploads\\\/sites\\\/4\\\/2019\\\/09\\\/Sin-t\u00edtulo-1.png\",\"articleSection\":[\"General\"],\"inLanguage\":\"es\",\"potentialAction\":[{\"@type\":\"CommentAction\",\"name\":\"Comment\",\"target\":[\"https:\\\/\\\/www.fededonbosco.org\\\/villena\\\/inscripciones-2019-2020\\\/#respond\"]}]},{\"@type\":\"WebPage\",\"@id\":\"https:\\\/\\\/www.fededonbosco.org\\\/villena\\\/inscripciones-2019-2020\\\/\",\"url\":\"https:\\\/\\\/www.fededonbosco.org\\\/villena\\\/inscripciones-2019-2020\\\/\",\"name\":\"Inscripciones 2019\\\/2020 - Centro Juvenil Don Bosco Villena\",\"isPartOf\":{\"@id\":\"https:\\\/\\\/www.fededonbosco.org\\\/villena\\\/#website\"},\"primaryImageOfPage\":{\"@id\":\"https:\\\/\\\/www.fededonbosco.org\\\/villena\\\/inscripciones-2019-2020\\\/#primaryimage\"},\"image\":{\"@id\":\"https:\\\/\\\/www.fededonbosco.org\\\/villena\\\/inscripciones-2019-2020\\\/#primaryimage\"},\"thumbnailUrl\":\"https:\\\/\\\/www.fededonbosco.org\\\/villena\\\/wp-content\\\/uploads\\\/sites\\\/4\\\/2019\\\/09\\\/Sin-t\u00edtulo-1.png\",\"datePublished\":\"2019-09-28T21:50:15+00:00\",\"dateModified\":\"2019-09-29T09:37:22+00:00\",\"author\":{\"@id\":\"https:\\\/\\\/www.fededonbosco.org\\\/villena\\\/#\\\/schema\\\/person\\\/4da59decd0bb185b3d847ec0fcc2087f\"},\"breadcrumb\":{\"@id\":\"https:\\\/\\\/www.fededonbosco.org\\\/villena\\\/inscripciones-2019-2020\\\/#breadcrumb\"},\"inLanguage\":\"es\",\"potentialAction\":[{\"@type\":\"ReadAction\",\"target\":[\"https:\\\/\\\/www.fededonbosco.org\\\/villena\\\/inscripciones-2019-2020\\\/\"]}]},{\"@type\":\"ImageObject\",\"inLanguage\":\"es\",\"@id\":\"https:\\\/\\\/www.fededonbosco.org\\\/villena\\\/inscripciones-2019-2020\\\/#primaryimage\",\"url\":\"https:\\\/\\\/www.fededonbosco.org\\\/villena\\\/wp-content\\\/uploads\\\/sites\\\/4\\\/2019\\\/09\\\/Sin-t\u00edtulo-1.png\",\"contentUrl\":\"https:\\\/\\\/www.fededonbosco.org\\\/villena\\\/wp-content\\\/uploads\\\/sites\\\/4\\\/2019\\\/09\\\/Sin-t\u00edtulo-1.png\",\"width\":1008,\"height\":553},{\"@type\":\"BreadcrumbList\",\"@id\":\"https:\\\/\\\/www.fededonbosco.org\\\/villena\\\/inscripciones-2019-2020\\\/#breadcrumb\",\"itemListElement\":[{\"@type\":\"ListItem\",\"position\":1,\"name\":\"Portada\",\"item\":\"https:\\\/\\\/www.fededonbosco.org\\\/villena\\\/\"},{\"@type\":\"ListItem\",\"position\":2,\"name\":\"Inscripciones 2019\\\/2020\"}]},{\"@type\":\"WebSite\",\"@id\":\"https:\\\/\\\/www.fededonbosco.org\\\/villena\\\/#website\",\"url\":\"https:\\\/\\\/www.fededonbosco.org\\\/villena\\\/\",\"name\":\"Centro Juvenil Don Bosco Villena\",\"description\":\"Pagina oficial del Centro Juvenil Don Bosco\",\"potentialAction\":[{\"@type\":\"SearchAction\",\"target\":{\"@type\":\"EntryPoint\",\"urlTemplate\":\"https:\\\/\\\/www.fededonbosco.org\\\/villena\\\/?s={search_term_string}\"},\"query-input\":{\"@type\":\"PropertyValueSpecification\",\"valueRequired\":true,\"valueName\":\"search_term_string\"}}],\"inLanguage\":\"es\"},{\"@type\":\"Person\",\"@id\":\"https:\\\/\\\/www.fededonbosco.org\\\/villena\\\/#\\\/schema\\\/person\\\/4da59decd0bb185b3d847ec0fcc2087f\",\"name\":\"webcjdb\",\"image\":{\"@type\":\"ImageObject\",\"inLanguage\":\"es\",\"@id\":\"https:\\\/\\\/secure.gravatar.com\\\/avatar\\\/6772807857fdc35dc1c918927bb1613843f3ac8f8acb9aaafd3f600c1ccfa3ac?s=96&d=identicon&r=g\",\"url\":\"https:\\\/\\\/secure.gravatar.com\\\/avatar\\\/6772807857fdc35dc1c918927bb1613843f3ac8f8acb9aaafd3f600c1ccfa3ac?s=96&d=identicon&r=g\",\"contentUrl\":\"https:\\\/\\\/secure.gravatar.com\\\/avatar\\\/6772807857fdc35dc1c918927bb1613843f3ac8f8acb9aaafd3f600c1ccfa3ac?s=96&d=identicon&r=g\",\"caption\":\"webcjdb\"},\"sameAs\":[\"https:\\\/\\\/www.facebook.com\\\/cjdbvillena\\\/\",\"https:\\\/\\\/www.instagram.com\\\/cjdbvillena\\\/?hl=es\",\"https:\\\/\\\/x.com\\\/cjdbvillena\"],\"url\":\"https:\\\/\\\/www.fededonbosco.org\\\/villena\\\/author\\\/webcjdb\\\/\"}]}<\/script>\n<!-- \/ Yoast SEO plugin. -->","yoast_head_json":{"title":"Inscripciones 2019\/2020 - Centro Juvenil Don Bosco Villena","robots":{"index":"index","follow":"follow","max-snippet":"max-snippet:-1","max-image-preview":"max-image-preview:large","max-video-preview":"max-video-preview:-1"},"canonical":"https:\/\/www.fededonbosco.org\/villena\/inscripciones-2019-2020\/","og_locale":"es_ES","og_type":"article","og_title":"Inscripciones 2019\/2020 - Centro Juvenil Don Bosco Villena","og_description":"\u00a1Saludos! Otro a\u00f1o m\u00e1s \u00a1COMIENZA UN NUEVO CURSO DE NUESTRO CENTRO JUVENIL! Por lo tanto, nuevos y antiguos socios debemos inscribirnos. Por eso mismo dejamos los horarios para ello a continuaci\u00f3n, especificando d\u00edas, horas y tipo de inscripci\u00f3n (preinscripci\u00f3n o inscripci\u00f3n) para los distintos socios: Para los SOCIOS DEL CURSO PASADO (2018\/2019), habr\u00e1 dos d\u00edas [&hellip;]","og_url":"https:\/\/www.fededonbosco.org\/villena\/inscripciones-2019-2020\/","og_site_name":"Centro Juvenil Don Bosco Villena","article_author":"https:\/\/www.facebook.com\/cjdbvillena\/","article_published_time":"2019-09-28T21:50:15+00:00","article_modified_time":"2019-09-29T09:37:22+00:00","og_image":[{"width":1008,"height":553,"url":"https:\/\/www.fededonbosco.org\/villena\/wp-content\/uploads\/sites\/4\/2019\/09\/Sin-t\u00edtulo-1.png","type":"image\/png"}],"author":"webcjdb","twitter_card":"summary_large_image","twitter_creator":"@cjdbvillena","twitter_misc":{"Escrito por":"webcjdb","Tiempo de lectura":"2 minutos"},"schema":{"@context":"https:\/\/schema.org","@graph":[{"@type":"Article","@id":"https:\/\/www.fededonbosco.org\/villena\/inscripciones-2019-2020\/#article","isPartOf":{"@id":"https:\/\/www.fededonbosco.org\/villena\/inscripciones-2019-2020\/"},"author":{"name":"webcjdb","@id":"https:\/\/www.fededonbosco.org\/villena\/#\/schema\/person\/4da59decd0bb185b3d847ec0fcc2087f"},"headline":"Inscripciones 2019\/2020","datePublished":"2019-09-28T21:50:15+00:00","dateModified":"2019-09-29T09:37:22+00:00","mainEntityOfPage":{"@id":"https:\/\/www.fededonbosco.org\/villena\/inscripciones-2019-2020\/"},"wordCount":365,"commentCount":0,"image":{"@id":"https:\/\/www.fededonbosco.org\/villena\/inscripciones-2019-2020\/#primaryimage"},"thumbnailUrl":"https:\/\/www.fededonbosco.org\/villena\/wp-content\/uploads\/sites\/4\/2019\/09\/Sin-t\u00edtulo-1.png","articleSection":["General"],"inLanguage":"es","potentialAction":[{"@type":"CommentAction","name":"Comment","target":["https:\/\/www.fededonbosco.org\/villena\/inscripciones-2019-2020\/#respond"]}]},{"@type":"WebPage","@id":"https:\/\/www.fededonbosco.org\/villena\/inscripciones-2019-2020\/","url":"https:\/\/www.fededonbosco.org\/villena\/inscripciones-2019-2020\/","name":"Inscripciones 2019\/2020 - Centro Juvenil Don Bosco Villena","isPartOf":{"@id":"https:\/\/www.fededonbosco.org\/villena\/#website"},"primaryImageOfPage":{"@id":"https:\/\/www.fededonbosco.org\/villena\/inscripciones-2019-2020\/#primaryimage"},"image":{"@id":"https:\/\/www.fededonbosco.org\/villena\/inscripciones-2019-2020\/#primaryimage"},"thumbnailUrl":"https:\/\/www.fededonbosco.org\/villena\/wp-content\/uploads\/sites\/4\/2019\/09\/Sin-t\u00edtulo-1.png","datePublished":"2019-09-28T21:50:15+00:00","dateModified":"2019-09-29T09:37:22+00:00","author":{"@id":"https:\/\/www.fededonbosco.org\/villena\/#\/schema\/person\/4da59decd0bb185b3d847ec0fcc2087f"},"breadcrumb":{"@id":"https:\/\/www.fededonbosco.org\/villena\/inscripciones-2019-2020\/#breadcrumb"},"inLanguage":"es","potentialAction":[{"@type":"ReadAction","target":["https:\/\/www.fededonbosco.org\/villena\/inscripciones-2019-2020\/"]}]},{"@type":"ImageObject","inLanguage":"es","@id":"https:\/\/www.fededonbosco.org\/villena\/inscripciones-2019-2020\/#primaryimage","url":"https:\/\/www.fededonbosco.org\/villena\/wp-content\/uploads\/sites\/4\/2019\/09\/Sin-t\u00edtulo-1.png","contentUrl":"https:\/\/www.fededonbosco.org\/villena\/wp-content\/uploads\/sites\/4\/2019\/09\/Sin-t\u00edtulo-1.png","width":1008,"height":553},{"@type":"BreadcrumbList","@id":"https:\/\/www.fededonbosco.org\/villena\/inscripciones-2019-2020\/#breadcrumb","itemListElement":[{"@type":"ListItem","position":1,"name":"Portada","item":"https:\/\/www.fededonbosco.org\/villena\/"},{"@type":"ListItem","position":2,"name":"Inscripciones 2019\/2020"}]},{"@type":"WebSite","@id":"https:\/\/www.fededonbosco.org\/villena\/#website","url":"https:\/\/www.fededonbosco.org\/villena\/","name":"Centro Juvenil Don Bosco Villena","description":"Pagina oficial del Centro Juvenil Don Bosco","potentialAction":[{"@type":"SearchAction","target":{"@type":"EntryPoint","urlTemplate":"https:\/\/www.fededonbosco.org\/villena\/?s={search_term_string}"},"query-input":{"@type":"PropertyValueSpecification","valueRequired":true,"valueName":"search_term_string"}}],"inLanguage":"es"},{"@type":"Person","@id":"https:\/\/www.fededonbosco.org\/villena\/#\/schema\/person\/4da59decd0bb185b3d847ec0fcc2087f","name":"webcjdb","image":{"@type":"ImageObject","inLanguage":"es","@id":"https:\/\/secure.gravatar.com\/avatar\/6772807857fdc35dc1c918927bb1613843f3ac8f8acb9aaafd3f600c1ccfa3ac?s=96&d=identicon&r=g","url":"https:\/\/secure.gravatar.com\/avatar\/6772807857fdc35dc1c918927bb1613843f3ac8f8acb9aaafd3f600c1ccfa3ac?s=96&d=identicon&r=g","contentUrl":"https:\/\/secure.gravatar.com\/avatar\/6772807857fdc35dc1c918927bb1613843f3ac8f8acb9aaafd3f600c1ccfa3ac?s=96&d=identicon&r=g","caption":"webcjdb"},"sameAs":["https:\/\/www.facebook.com\/cjdbvillena\/","https:\/\/www.instagram.com\/cjdbvillena\/?hl=es","https:\/\/x.com\/cjdbvillena"],"url":"https:\/\/www.fededonbosco.org\/villena\/author\/webcjdb\/"}]}},"_links":{"self":[{"href":"https:\/\/www.fededonbosco.org\/villena\/wp-json\/wp\/v2\/posts\/6864","targetHints":{"allow":["GET"]}}],"collection":[{"href":"https:\/\/www.fededonbosco.org\/villena\/wp-json\/wp\/v2\/posts"}],"about":[{"href":"https:\/\/www.fededonbosco.org\/villena\/wp-json\/wp\/v2\/types\/post"}],"author":[{"embeddable":true,"href":"https:\/\/www.fededonbosco.org\/villena\/wp-json\/wp\/v2\/users\/8"}],"replies":[{"embeddable":true,"href":"https:\/\/www.fededonbosco.org\/villena\/wp-json\/wp\/v2\/comments?post=6864"}],"version-history":[{"count":8,"href":"https:\/\/www.fededonbosco.org\/villena\/wp-json\/wp\/v2\/posts\/6864\/revisions"}],"predecessor-version":[{"id":6877,"href":"https:\/\/www.fededonbosco.org\/villena\/wp-json\/wp\/v2\/posts\/6864\/revisions\/6877"}],"wp:featuredmedia":[{"embeddable":true,"href":"https:\/\/www.fededonbosco.org\/villena\/wp-json\/wp\/v2\/media\/6871"}],"wp:attachment":[{"href":"https:\/\/www.fededonbosco.org\/villena\/wp-json\/wp\/v2\/media?parent=6864"}],"wp:term":[{"taxonomy":"category","embeddable":true,"href":"https:\/\/www.fededonbosco.org\/villena\/wp-json\/wp\/v2\/categories?post=6864"},{"taxonomy":"post_tag","embeddable":true,"href":"https:\/\/www.fededonbosco.org\/villena\/wp-json\/wp\/v2\/tags?post=6864"}],"curies":[{"name":"wp","href":"https:\/\/api.w.org\/{rel}","templated":true}]}}