{"id":6911,"date":"2019-10-22T20:50:27","date_gmt":"2019-10-22T19:50:27","guid":{"rendered":"https:\/\/www.fededonbosco.org\/villena\/?p=6911"},"modified":"2019-10-22T20:58:09","modified_gmt":"2019-10-22T19:58:09","slug":"comienza-el-taller-musical","status":"publish","type":"post","link":"https:\/\/www.fededonbosco.org\/villena\/comienza-el-taller-musical\/","title":{"rendered":"Comienza el Taller Musical"},"content":{"rendered":"<div id=\"fb-root\"><\/div>\n<p>Estamos de vuelta, tras un peque\u00f1o descanso comienza el nuevo curso 2019\/2020. Con el inicio de este os presentamos el Taller Musical, el cual comenz\u00f3 el pasado Domingo 20 de Octubre a las 18:00h en el teatro de Salesianos con la presentaci\u00f3n y explicaci\u00f3n de lo que consistir\u00e1 dicho taller durante este a\u00f1o.<\/p>\n<p>Tras dicha presentaci\u00f3n dio comienzo la votaci\u00f3n sobre la tem\u00e1tica del taller junto a los destinatarios interesados del sector de JUB. La elecci\u00f3n final fue \u201c High School Musical\u201d por lo tanto, ese ser\u00e1 el Musical que se representar\u00e1 a final de este curso.<\/p>\n<p>Posteriormente los destinatarios realizaron varias actividades como bailes, improvisaciones y escenas para tener una peque\u00f1a toma de contacto con el taller.<\/p>\n<p>Sin m\u00e1s os esperamos el Domingo 27 de Octubre de 18:15h a 20:30h en el teatro del Colegio Salesianos.<\/p>\n<p>BIENVENIDOS\/AS.<\/p>\n\n\n<div class=\"twitter-share\"><a href=\"https:\/\/twitter.com\/intent\/tweet?via=CJDB_Villena\" class=\"twitter-share-button\">Twittear<\/a><\/div>\n","protected":false},"excerpt":{"rendered":"<p>Estamos de vuelta, tras un peque\u00f1o descanso comienza el nuevo curso 2019\/2020. Con el inicio de este os presentamos el Taller Musical, el cual comenz\u00f3 el pasado Domingo 20 de Octubre a las 18:00h en el teatro de Salesianos con la presentaci\u00f3n y explicaci\u00f3n de lo que consistir\u00e1 dicho taller durante este a\u00f1o. Tras dicha [&hellip;]<\/p>\n","protected":false},"author":8,"featured_media":6926,"comment_status":"open","ping_status":"closed","sticky":false,"template":"","format":"standard","meta":{"_et_pb_use_builder":"","_et_pb_old_content":"","_et_gb_content_width":"","footnotes":""},"categories":[168],"tags":[],"class_list":["post-6911","post","type-post","status-publish","format-standard","has-post-thumbnail","hentry","category-musical"],"yoast_head":"<!-- This site is optimized with the Yoast SEO plugin v28.3 - https:\/\/yoast.com\/product\/yoast-seo-wordpress\/ -->\n<title>Comienza el Taller Musical - Centro Juvenil Don Bosco Villena<\/title>\n<meta name=\"robots\" content=\"index, follow, max-snippet:-1, max-image-preview:large, max-video-preview:-1\" \/>\n<link rel=\"canonical\" href=\"https:\/\/www.fededonbosco.org\/villena\/comienza-el-taller-musical\/\" \/>\n<meta property=\"og:locale\" content=\"es_ES\" \/>\n<meta property=\"og:type\" content=\"article\" \/>\n<meta property=\"og:title\" content=\"Comienza el Taller Musical - Centro Juvenil Don Bosco Villena\" \/>\n<meta property=\"og:description\" content=\"Estamos de vuelta, tras un peque\u00f1o descanso comienza el nuevo curso 2019\/2020. Con el inicio de este os presentamos el Taller Musical, el cual comenz\u00f3 el pasado Domingo 20 de Octubre a las 18:00h en el teatro de Salesianos con la presentaci\u00f3n y explicaci\u00f3n de lo que consistir\u00e1 dicho taller durante este a\u00f1o. Tras dicha [&hellip;]\" \/>\n<meta property=\"og:url\" content=\"https:\/\/www.fededonbosco.org\/villena\/comienza-el-taller-musical\/\" \/>\n<meta property=\"og:site_name\" content=\"Centro Juvenil Don Bosco Villena\" \/>\n<meta property=\"article:author\" content=\"https:\/\/www.facebook.com\/cjdbvillena\/\" \/>\n<meta property=\"article:published_time\" content=\"2019-10-22T19:50:27+00:00\" \/>\n<meta property=\"article:modified_time\" content=\"2019-10-22T19:58:09+00:00\" \/>\n<meta property=\"og:image\" content=\"https:\/\/www.fededonbosco.org\/villena\/wp-content\/uploads\/sites\/4\/2019\/10\/mp840x830mattef8f8f8t-pad750x1000f8f8f8.u1-e1571774272237.jpg\" \/>\n\t<meta property=\"og:image:width\" content=\"200\" \/>\n\t<meta property=\"og:image:height\" content=\"267\" \/>\n\t<meta property=\"og:image:type\" content=\"image\/jpeg\" \/>\n<meta name=\"author\" content=\"webcjdb\" \/>\n<meta name=\"twitter:card\" content=\"summary_large_image\" \/>\n<meta name=\"twitter:creator\" content=\"@cjdbvillena\" \/>\n<meta name=\"twitter:label1\" content=\"Escrito por\" \/>\n\t<meta name=\"twitter:data1\" content=\"webcjdb\" \/>\n\t<meta name=\"twitter:label2\" content=\"Tiempo de lectura\" \/>\n\t<meta name=\"twitter:data2\" content=\"1 minuto\" \/>\n<script type=\"application\/ld+json\" class=\"yoast-schema-graph\">{\"@context\":\"https:\\\/\\\/schema.org\",\"@graph\":[{\"@type\":\"Article\",\"@id\":\"https:\\\/\\\/www.fededonbosco.org\\\/villena\\\/comienza-el-taller-musical\\\/#article\",\"isPartOf\":{\"@id\":\"https:\\\/\\\/www.fededonbosco.org\\\/villena\\\/comienza-el-taller-musical\\\/\"},\"author\":{\"name\":\"webcjdb\",\"@id\":\"https:\\\/\\\/www.fededonbosco.org\\\/villena\\\/#\\\/schema\\\/person\\\/4da59decd0bb185b3d847ec0fcc2087f\"},\"headline\":\"Comienza el Taller Musical\",\"datePublished\":\"2019-10-22T19:50:27+00:00\",\"dateModified\":\"2019-10-22T19:58:09+00:00\",\"mainEntityOfPage\":{\"@id\":\"https:\\\/\\\/www.fededonbosco.org\\\/villena\\\/comienza-el-taller-musical\\\/\"},\"wordCount\":159,\"commentCount\":0,\"image\":{\"@id\":\"https:\\\/\\\/www.fededonbosco.org\\\/villena\\\/comienza-el-taller-musical\\\/#primaryimage\"},\"thumbnailUrl\":\"https:\\\/\\\/www.fededonbosco.org\\\/villena\\\/wp-content\\\/uploads\\\/sites\\\/4\\\/2019\\\/10\\\/mp840x830mattef8f8f8t-pad750x1000f8f8f8.u1-e1571774272237.jpg\",\"articleSection\":[\"Musical\"],\"inLanguage\":\"es\",\"potentialAction\":[{\"@type\":\"CommentAction\",\"name\":\"Comment\",\"target\":[\"https:\\\/\\\/www.fededonbosco.org\\\/villena\\\/comienza-el-taller-musical\\\/#respond\"]}]},{\"@type\":\"WebPage\",\"@id\":\"https:\\\/\\\/www.fededonbosco.org\\\/villena\\\/comienza-el-taller-musical\\\/\",\"url\":\"https:\\\/\\\/www.fededonbosco.org\\\/villena\\\/comienza-el-taller-musical\\\/\",\"name\":\"Comienza el Taller Musical - Centro Juvenil Don Bosco Villena\",\"isPartOf\":{\"@id\":\"https:\\\/\\\/www.fededonbosco.org\\\/villena\\\/#website\"},\"primaryImageOfPage\":{\"@id\":\"https:\\\/\\\/www.fededonbosco.org\\\/villena\\\/comienza-el-taller-musical\\\/#primaryimage\"},\"image\":{\"@id\":\"https:\\\/\\\/www.fededonbosco.org\\\/villena\\\/comienza-el-taller-musical\\\/#primaryimage\"},\"thumbnailUrl\":\"https:\\\/\\\/www.fededonbosco.org\\\/villena\\\/wp-content\\\/uploads\\\/sites\\\/4\\\/2019\\\/10\\\/mp840x830mattef8f8f8t-pad750x1000f8f8f8.u1-e1571774272237.jpg\",\"datePublished\":\"2019-10-22T19:50:27+00:00\",\"dateModified\":\"2019-10-22T19:58:09+00:00\",\"author\":{\"@id\":\"https:\\\/\\\/www.fededonbosco.org\\\/villena\\\/#\\\/schema\\\/person\\\/4da59decd0bb185b3d847ec0fcc2087f\"},\"breadcrumb\":{\"@id\":\"https:\\\/\\\/www.fededonbosco.org\\\/villena\\\/comienza-el-taller-musical\\\/#breadcrumb\"},\"inLanguage\":\"es\",\"potentialAction\":[{\"@type\":\"ReadAction\",\"target\":[\"https:\\\/\\\/www.fededonbosco.org\\\/villena\\\/comienza-el-taller-musical\\\/\"]}]},{\"@type\":\"ImageObject\",\"inLanguage\":\"es\",\"@id\":\"https:\\\/\\\/www.fededonbosco.org\\\/villena\\\/comienza-el-taller-musical\\\/#primaryimage\",\"url\":\"https:\\\/\\\/www.fededonbosco.org\\\/villena\\\/wp-content\\\/uploads\\\/sites\\\/4\\\/2019\\\/10\\\/mp840x830mattef8f8f8t-pad750x1000f8f8f8.u1-e1571774272237.jpg\",\"contentUrl\":\"https:\\\/\\\/www.fededonbosco.org\\\/villena\\\/wp-content\\\/uploads\\\/sites\\\/4\\\/2019\\\/10\\\/mp840x830mattef8f8f8t-pad750x1000f8f8f8.u1-e1571774272237.jpg\",\"width\":200,\"height\":267},{\"@type\":\"BreadcrumbList\",\"@id\":\"https:\\\/\\\/www.fededonbosco.org\\\/villena\\\/comienza-el-taller-musical\\\/#breadcrumb\",\"itemListElement\":[{\"@type\":\"ListItem\",\"position\":1,\"name\":\"Portada\",\"item\":\"https:\\\/\\\/www.fededonbosco.org\\\/villena\\\/\"},{\"@type\":\"ListItem\",\"position\":2,\"name\":\"Comienza el Taller Musical\"}]},{\"@type\":\"WebSite\",\"@id\":\"https:\\\/\\\/www.fededonbosco.org\\\/villena\\\/#website\",\"url\":\"https:\\\/\\\/www.fededonbosco.org\\\/villena\\\/\",\"name\":\"Centro Juvenil Don Bosco Villena\",\"description\":\"Pagina oficial del Centro Juvenil Don Bosco\",\"potentialAction\":[{\"@type\":\"SearchAction\",\"target\":{\"@type\":\"EntryPoint\",\"urlTemplate\":\"https:\\\/\\\/www.fededonbosco.org\\\/villena\\\/?s={search_term_string}\"},\"query-input\":{\"@type\":\"PropertyValueSpecification\",\"valueRequired\":true,\"valueName\":\"search_term_string\"}}],\"inLanguage\":\"es\"},{\"@type\":\"Person\",\"@id\":\"https:\\\/\\\/www.fededonbosco.org\\\/villena\\\/#\\\/schema\\\/person\\\/4da59decd0bb185b3d847ec0fcc2087f\",\"name\":\"webcjdb\",\"image\":{\"@type\":\"ImageObject\",\"inLanguage\":\"es\",\"@id\":\"https:\\\/\\\/secure.gravatar.com\\\/avatar\\\/6772807857fdc35dc1c918927bb1613843f3ac8f8acb9aaafd3f600c1ccfa3ac?s=96&d=identicon&r=g\",\"url\":\"https:\\\/\\\/secure.gravatar.com\\\/avatar\\\/6772807857fdc35dc1c918927bb1613843f3ac8f8acb9aaafd3f600c1ccfa3ac?s=96&d=identicon&r=g\",\"contentUrl\":\"https:\\\/\\\/secure.gravatar.com\\\/avatar\\\/6772807857fdc35dc1c918927bb1613843f3ac8f8acb9aaafd3f600c1ccfa3ac?s=96&d=identicon&r=g\",\"caption\":\"webcjdb\"},\"sameAs\":[\"https:\\\/\\\/www.facebook.com\\\/cjdbvillena\\\/\",\"https:\\\/\\\/www.instagram.com\\\/cjdbvillena\\\/?hl=es\",\"https:\\\/\\\/x.com\\\/cjdbvillena\"],\"url\":\"https:\\\/\\\/www.fededonbosco.org\\\/villena\\\/author\\\/webcjdb\\\/\"}]}<\/script>\n<!-- \/ Yoast SEO plugin. -->","yoast_head_json":{"title":"Comienza el Taller Musical - Centro Juvenil Don Bosco Villena","robots":{"index":"index","follow":"follow","max-snippet":"max-snippet:-1","max-image-preview":"max-image-preview:large","max-video-preview":"max-video-preview:-1"},"canonical":"https:\/\/www.fededonbosco.org\/villena\/comienza-el-taller-musical\/","og_locale":"es_ES","og_type":"article","og_title":"Comienza el Taller Musical - Centro Juvenil Don Bosco Villena","og_description":"Estamos de vuelta, tras un peque\u00f1o descanso comienza el nuevo curso 2019\/2020. Con el inicio de este os presentamos el Taller Musical, el cual comenz\u00f3 el pasado Domingo 20 de Octubre a las 18:00h en el teatro de Salesianos con la presentaci\u00f3n y explicaci\u00f3n de lo que consistir\u00e1 dicho taller durante este a\u00f1o. Tras dicha [&hellip;]","og_url":"https:\/\/www.fededonbosco.org\/villena\/comienza-el-taller-musical\/","og_site_name":"Centro Juvenil Don Bosco Villena","article_author":"https:\/\/www.facebook.com\/cjdbvillena\/","article_published_time":"2019-10-22T19:50:27+00:00","article_modified_time":"2019-10-22T19:58:09+00:00","og_image":[{"width":200,"height":267,"url":"https:\/\/www.fededonbosco.org\/villena\/wp-content\/uploads\/sites\/4\/2019\/10\/mp840x830mattef8f8f8t-pad750x1000f8f8f8.u1-e1571774272237.jpg","type":"image\/jpeg"}],"author":"webcjdb","twitter_card":"summary_large_image","twitter_creator":"@cjdbvillena","twitter_misc":{"Escrito por":"webcjdb","Tiempo de lectura":"1 minuto"},"schema":{"@context":"https:\/\/schema.org","@graph":[{"@type":"Article","@id":"https:\/\/www.fededonbosco.org\/villena\/comienza-el-taller-musical\/#article","isPartOf":{"@id":"https:\/\/www.fededonbosco.org\/villena\/comienza-el-taller-musical\/"},"author":{"name":"webcjdb","@id":"https:\/\/www.fededonbosco.org\/villena\/#\/schema\/person\/4da59decd0bb185b3d847ec0fcc2087f"},"headline":"Comienza el Taller Musical","datePublished":"2019-10-22T19:50:27+00:00","dateModified":"2019-10-22T19:58:09+00:00","mainEntityOfPage":{"@id":"https:\/\/www.fededonbosco.org\/villena\/comienza-el-taller-musical\/"},"wordCount":159,"commentCount":0,"image":{"@id":"https:\/\/www.fededonbosco.org\/villena\/comienza-el-taller-musical\/#primaryimage"},"thumbnailUrl":"https:\/\/www.fededonbosco.org\/villena\/wp-content\/uploads\/sites\/4\/2019\/10\/mp840x830mattef8f8f8t-pad750x1000f8f8f8.u1-e1571774272237.jpg","articleSection":["Musical"],"inLanguage":"es","potentialAction":[{"@type":"CommentAction","name":"Comment","target":["https:\/\/www.fededonbosco.org\/villena\/comienza-el-taller-musical\/#respond"]}]},{"@type":"WebPage","@id":"https:\/\/www.fededonbosco.org\/villena\/comienza-el-taller-musical\/","url":"https:\/\/www.fededonbosco.org\/villena\/comienza-el-taller-musical\/","name":"Comienza el Taller Musical - Centro Juvenil Don Bosco Villena","isPartOf":{"@id":"https:\/\/www.fededonbosco.org\/villena\/#website"},"primaryImageOfPage":{"@id":"https:\/\/www.fededonbosco.org\/villena\/comienza-el-taller-musical\/#primaryimage"},"image":{"@id":"https:\/\/www.fededonbosco.org\/villena\/comienza-el-taller-musical\/#primaryimage"},"thumbnailUrl":"https:\/\/www.fededonbosco.org\/villena\/wp-content\/uploads\/sites\/4\/2019\/10\/mp840x830mattef8f8f8t-pad750x1000f8f8f8.u1-e1571774272237.jpg","datePublished":"2019-10-22T19:50:27+00:00","dateModified":"2019-10-22T19:58:09+00:00","author":{"@id":"https:\/\/www.fededonbosco.org\/villena\/#\/schema\/person\/4da59decd0bb185b3d847ec0fcc2087f"},"breadcrumb":{"@id":"https:\/\/www.fededonbosco.org\/villena\/comienza-el-taller-musical\/#breadcrumb"},"inLanguage":"es","potentialAction":[{"@type":"ReadAction","target":["https:\/\/www.fededonbosco.org\/villena\/comienza-el-taller-musical\/"]}]},{"@type":"ImageObject","inLanguage":"es","@id":"https:\/\/www.fededonbosco.org\/villena\/comienza-el-taller-musical\/#primaryimage","url":"https:\/\/www.fededonbosco.org\/villena\/wp-content\/uploads\/sites\/4\/2019\/10\/mp840x830mattef8f8f8t-pad750x1000f8f8f8.u1-e1571774272237.jpg","contentUrl":"https:\/\/www.fededonbosco.org\/villena\/wp-content\/uploads\/sites\/4\/2019\/10\/mp840x830mattef8f8f8t-pad750x1000f8f8f8.u1-e1571774272237.jpg","width":200,"height":267},{"@type":"BreadcrumbList","@id":"https:\/\/www.fededonbosco.org\/villena\/comienza-el-taller-musical\/#breadcrumb","itemListElement":[{"@type":"ListItem","position":1,"name":"Portada","item":"https:\/\/www.fededonbosco.org\/villena\/"},{"@type":"ListItem","position":2,"name":"Comienza el Taller Musical"}]},{"@type":"WebSite","@id":"https:\/\/www.fededonbosco.org\/villena\/#website","url":"https:\/\/www.fededonbosco.org\/villena\/","name":"Centro Juvenil Don Bosco Villena","description":"Pagina oficial del Centro Juvenil Don Bosco","potentialAction":[{"@type":"SearchAction","target":{"@type":"EntryPoint","urlTemplate":"https:\/\/www.fededonbosco.org\/villena\/?s={search_term_string}"},"query-input":{"@type":"PropertyValueSpecification","valueRequired":true,"valueName":"search_term_string"}}],"inLanguage":"es"},{"@type":"Person","@id":"https:\/\/www.fededonbosco.org\/villena\/#\/schema\/person\/4da59decd0bb185b3d847ec0fcc2087f","name":"webcjdb","image":{"@type":"ImageObject","inLanguage":"es","@id":"https:\/\/secure.gravatar.com\/avatar\/6772807857fdc35dc1c918927bb1613843f3ac8f8acb9aaafd3f600c1ccfa3ac?s=96&d=identicon&r=g","url":"https:\/\/secure.gravatar.com\/avatar\/6772807857fdc35dc1c918927bb1613843f3ac8f8acb9aaafd3f600c1ccfa3ac?s=96&d=identicon&r=g","contentUrl":"https:\/\/secure.gravatar.com\/avatar\/6772807857fdc35dc1c918927bb1613843f3ac8f8acb9aaafd3f600c1ccfa3ac?s=96&d=identicon&r=g","caption":"webcjdb"},"sameAs":["https:\/\/www.facebook.com\/cjdbvillena\/","https:\/\/www.instagram.com\/cjdbvillena\/?hl=es","https:\/\/x.com\/cjdbvillena"],"url":"https:\/\/www.fededonbosco.org\/villena\/author\/webcjdb\/"}]}},"_links":{"self":[{"href":"https:\/\/www.fededonbosco.org\/villena\/wp-json\/wp\/v2\/posts\/6911","targetHints":{"allow":["GET"]}}],"collection":[{"href":"https:\/\/www.fededonbosco.org\/villena\/wp-json\/wp\/v2\/posts"}],"about":[{"href":"https:\/\/www.fededonbosco.org\/villena\/wp-json\/wp\/v2\/types\/post"}],"author":[{"embeddable":true,"href":"https:\/\/www.fededonbosco.org\/villena\/wp-json\/wp\/v2\/users\/8"}],"replies":[{"embeddable":true,"href":"https:\/\/www.fededonbosco.org\/villena\/wp-json\/wp\/v2\/comments?post=6911"}],"version-history":[{"count":2,"href":"https:\/\/www.fededonbosco.org\/villena\/wp-json\/wp\/v2\/posts\/6911\/revisions"}],"predecessor-version":[{"id":6924,"href":"https:\/\/www.fededonbosco.org\/villena\/wp-json\/wp\/v2\/posts\/6911\/revisions\/6924"}],"wp:featuredmedia":[{"embeddable":true,"href":"https:\/\/www.fededonbosco.org\/villena\/wp-json\/wp\/v2\/media\/6926"}],"wp:attachment":[{"href":"https:\/\/www.fededonbosco.org\/villena\/wp-json\/wp\/v2\/media?parent=6911"}],"wp:term":[{"taxonomy":"category","embeddable":true,"href":"https:\/\/www.fededonbosco.org\/villena\/wp-json\/wp\/v2\/categories?post=6911"},{"taxonomy":"post_tag","embeddable":true,"href":"https:\/\/www.fededonbosco.org\/villena\/wp-json\/wp\/v2\/tags?post=6911"}],"curies":[{"name":"wp","href":"https:\/\/api.w.org\/{rel}","templated":true}]}}