{"id":7071,"date":"2019-11-15T19:08:44","date_gmt":"2019-11-15T18:08:44","guid":{"rendered":"https:\/\/www.fededonbosco.org\/villena\/?p=7071"},"modified":"2019-11-15T19:08:45","modified_gmt":"2019-11-15T18:08:45","slug":"musicales-de-un-sueno","status":"publish","type":"post","link":"https:\/\/www.fededonbosco.org\/villena\/musicales-de-un-sueno\/","title":{"rendered":"Musicales de un sue\u00f1o"},"content":{"rendered":"<div id=\"fb-root\"><\/div>\n\n<p class=\"has-medium-font-size wp-block-paragraph\">BIENVENIDOS\/AS&nbsp; al nuevo curso 2019\/2020, con el inicio de este os presentamos el Taller de Expresi\u00f3n Art\u00edstica, el cual comenz\u00f3 el pasado Domingo 20 de Octubre a las 16:00h en el teatro de Salesianos, con la presentaci\u00f3n del taller y explicaci\u00f3n de lo que consistir\u00e1 dicho taller durante lo largo de este a\u00f1o.<\/p>\n\n\n\n<p class=\"has-medium-font-size wp-block-paragraph\">Este a\u00f1o nuestros peque\u00f1os artistas representar\u00e1n \u201cMusicales de un Sue\u00f1o\u201d una historia basada en los musicales de Grease, Mamma mia y West Side Story.<\/p>\n\n\n\n<p class=\"has-medium-font-size wp-block-paragraph\">Tras dicha presentaci\u00f3n dio comienzo las primeras actividades del taller junto a los destinatarios interesados del sector de PREJU 2, los cuales disfrutaron y tuvieron la primera toma de contacto con el teatro, dejando casi finalizada la parte del musical de \u201cMamma Mia\u201d&nbsp;<\/p>\n\n\n\n<p class=\"has-medium-font-size wp-block-paragraph\">Os esperamos el Domingo 17 de Noviembre a las 16:00h en el teatro del Colegio Salesianos de Villena.<br><\/p>\n\n\n\n<p class=\"has-medium-font-size wp-block-paragraph\">Musicales de un Sue\u00f1o.<br><\/p>\n\n\n\n<p class=\"has-medium-font-size wp-block-paragraph\">\u00bfOS ATREV\u00c9IS A SO\u00d1AR CON NOSOTROS?<br><\/p>\n\n\n\n\n\n<div class=\"twitter-share\"><a href=\"https:\/\/twitter.com\/intent\/tweet?via=CJDB_Villena\" class=\"twitter-share-button\">Twittear<\/a><\/div>\n","protected":false},"excerpt":{"rendered":"<p>BIENVENIDOS\/AS&nbsp; al nuevo curso 2019\/2020, con el inicio de este os presentamos el Taller de Expresi\u00f3n Art\u00edstica, el cual comenz\u00f3 el pasado Domingo 20 de Octubre a las 16:00h en el teatro de Salesianos, con la presentaci\u00f3n del taller y explicaci\u00f3n de lo que consistir\u00e1 dicho taller durante lo largo de este a\u00f1o. Este a\u00f1o [&hellip;]<\/p>\n","protected":false},"author":8,"featured_media":7072,"comment_status":"open","ping_status":"closed","sticky":false,"template":"","format":"standard","meta":{"_et_pb_use_builder":"off","_et_pb_old_content":"","_et_gb_content_width":"","footnotes":""},"categories":[166],"tags":[],"class_list":["post-7071","post","type-post","status-publish","format-standard","has-post-thumbnail","hentry","category-expresion-artistica"],"yoast_head":"<!-- This site is optimized with the Yoast SEO plugin v28.3 - https:\/\/yoast.com\/product\/yoast-seo-wordpress\/ -->\n<title>Musicales de un sue\u00f1o - Centro Juvenil Don Bosco Villena<\/title>\n<meta name=\"robots\" content=\"index, follow, max-snippet:-1, max-image-preview:large, max-video-preview:-1\" \/>\n<link rel=\"canonical\" href=\"https:\/\/www.fededonbosco.org\/villena\/musicales-de-un-sueno\/\" \/>\n<meta property=\"og:locale\" content=\"es_ES\" \/>\n<meta property=\"og:type\" content=\"article\" \/>\n<meta property=\"og:title\" content=\"Musicales de un sue\u00f1o - Centro Juvenil Don Bosco Villena\" \/>\n<meta property=\"og:description\" content=\"BIENVENIDOS\/AS&nbsp; al nuevo curso 2019\/2020, con el inicio de este os presentamos el Taller de Expresi\u00f3n Art\u00edstica, el cual comenz\u00f3 el pasado Domingo 20 de Octubre a las 16:00h en el teatro de Salesianos, con la presentaci\u00f3n del taller y explicaci\u00f3n de lo que consistir\u00e1 dicho taller durante lo largo de este a\u00f1o. Este a\u00f1o [&hellip;]\" \/>\n<meta property=\"og:url\" content=\"https:\/\/www.fededonbosco.org\/villena\/musicales-de-un-sueno\/\" \/>\n<meta property=\"og:site_name\" content=\"Centro Juvenil Don Bosco Villena\" \/>\n<meta property=\"article:author\" content=\"https:\/\/www.facebook.com\/cjdbvillena\/\" \/>\n<meta property=\"article:published_time\" content=\"2019-11-15T18:08:44+00:00\" \/>\n<meta property=\"article:modified_time\" content=\"2019-11-15T18:08:45+00:00\" \/>\n<meta property=\"og:image\" content=\"http:\/\/www.fededonbosco.org\/villena\/wp-content\/uploads\/sites\/4\/2019\/11\/photo5942680982161306375.jpg\" \/>\n\t<meta property=\"og:image:width\" content=\"900\" \/>\n\t<meta property=\"og:image:height\" content=\"1014\" \/>\n\t<meta property=\"og:image:type\" content=\"image\/jpeg\" \/>\n<meta name=\"author\" content=\"webcjdb\" \/>\n<meta name=\"twitter:card\" content=\"summary_large_image\" \/>\n<meta name=\"twitter:creator\" content=\"@cjdbvillena\" \/>\n<meta name=\"twitter:label1\" content=\"Escrito por\" \/>\n\t<meta name=\"twitter:data1\" content=\"webcjdb\" \/>\n\t<meta name=\"twitter:label2\" content=\"Tiempo de lectura\" \/>\n\t<meta name=\"twitter:data2\" content=\"1 minuto\" \/>\n<script type=\"application\/ld+json\" class=\"yoast-schema-graph\">{\"@context\":\"https:\\\/\\\/schema.org\",\"@graph\":[{\"@type\":\"Article\",\"@id\":\"https:\\\/\\\/www.fededonbosco.org\\\/villena\\\/musicales-de-un-sueno\\\/#article\",\"isPartOf\":{\"@id\":\"https:\\\/\\\/www.fededonbosco.org\\\/villena\\\/musicales-de-un-sueno\\\/\"},\"author\":{\"name\":\"webcjdb\",\"@id\":\"https:\\\/\\\/www.fededonbosco.org\\\/villena\\\/#\\\/schema\\\/person\\\/4da59decd0bb185b3d847ec0fcc2087f\"},\"headline\":\"Musicales de un sue\u00f1o\",\"datePublished\":\"2019-11-15T18:08:44+00:00\",\"dateModified\":\"2019-11-15T18:08:45+00:00\",\"mainEntityOfPage\":{\"@id\":\"https:\\\/\\\/www.fededonbosco.org\\\/villena\\\/musicales-de-un-sueno\\\/\"},\"wordCount\":173,\"commentCount\":0,\"image\":{\"@id\":\"https:\\\/\\\/www.fededonbosco.org\\\/villena\\\/musicales-de-un-sueno\\\/#primaryimage\"},\"thumbnailUrl\":\"https:\\\/\\\/www.fededonbosco.org\\\/villena\\\/wp-content\\\/uploads\\\/sites\\\/4\\\/2019\\\/11\\\/photo5942680982161306375.jpg\",\"articleSection\":[\"Expresi\u00f3n Art\u00edstica\"],\"inLanguage\":\"es\",\"potentialAction\":[{\"@type\":\"CommentAction\",\"name\":\"Comment\",\"target\":[\"https:\\\/\\\/www.fededonbosco.org\\\/villena\\\/musicales-de-un-sueno\\\/#respond\"]}]},{\"@type\":\"WebPage\",\"@id\":\"https:\\\/\\\/www.fededonbosco.org\\\/villena\\\/musicales-de-un-sueno\\\/\",\"url\":\"https:\\\/\\\/www.fededonbosco.org\\\/villena\\\/musicales-de-un-sueno\\\/\",\"name\":\"Musicales de un sue\u00f1o - Centro Juvenil Don Bosco Villena\",\"isPartOf\":{\"@id\":\"https:\\\/\\\/www.fededonbosco.org\\\/villena\\\/#website\"},\"primaryImageOfPage\":{\"@id\":\"https:\\\/\\\/www.fededonbosco.org\\\/villena\\\/musicales-de-un-sueno\\\/#primaryimage\"},\"image\":{\"@id\":\"https:\\\/\\\/www.fededonbosco.org\\\/villena\\\/musicales-de-un-sueno\\\/#primaryimage\"},\"thumbnailUrl\":\"https:\\\/\\\/www.fededonbosco.org\\\/villena\\\/wp-content\\\/uploads\\\/sites\\\/4\\\/2019\\\/11\\\/photo5942680982161306375.jpg\",\"datePublished\":\"2019-11-15T18:08:44+00:00\",\"dateModified\":\"2019-11-15T18:08:45+00:00\",\"author\":{\"@id\":\"https:\\\/\\\/www.fededonbosco.org\\\/villena\\\/#\\\/schema\\\/person\\\/4da59decd0bb185b3d847ec0fcc2087f\"},\"breadcrumb\":{\"@id\":\"https:\\\/\\\/www.fededonbosco.org\\\/villena\\\/musicales-de-un-sueno\\\/#breadcrumb\"},\"inLanguage\":\"es\",\"potentialAction\":[{\"@type\":\"ReadAction\",\"target\":[\"https:\\\/\\\/www.fededonbosco.org\\\/villena\\\/musicales-de-un-sueno\\\/\"]}]},{\"@type\":\"ImageObject\",\"inLanguage\":\"es\",\"@id\":\"https:\\\/\\\/www.fededonbosco.org\\\/villena\\\/musicales-de-un-sueno\\\/#primaryimage\",\"url\":\"https:\\\/\\\/www.fededonbosco.org\\\/villena\\\/wp-content\\\/uploads\\\/sites\\\/4\\\/2019\\\/11\\\/photo5942680982161306375.jpg\",\"contentUrl\":\"https:\\\/\\\/www.fededonbosco.org\\\/villena\\\/wp-content\\\/uploads\\\/sites\\\/4\\\/2019\\\/11\\\/photo5942680982161306375.jpg\",\"width\":900,\"height\":1014},{\"@type\":\"BreadcrumbList\",\"@id\":\"https:\\\/\\\/www.fededonbosco.org\\\/villena\\\/musicales-de-un-sueno\\\/#breadcrumb\",\"itemListElement\":[{\"@type\":\"ListItem\",\"position\":1,\"name\":\"Portada\",\"item\":\"https:\\\/\\\/www.fededonbosco.org\\\/villena\\\/\"},{\"@type\":\"ListItem\",\"position\":2,\"name\":\"Musicales de un sue\u00f1o\"}]},{\"@type\":\"WebSite\",\"@id\":\"https:\\\/\\\/www.fededonbosco.org\\\/villena\\\/#website\",\"url\":\"https:\\\/\\\/www.fededonbosco.org\\\/villena\\\/\",\"name\":\"Centro Juvenil Don Bosco Villena\",\"description\":\"Pagina oficial del Centro Juvenil Don Bosco\",\"potentialAction\":[{\"@type\":\"SearchAction\",\"target\":{\"@type\":\"EntryPoint\",\"urlTemplate\":\"https:\\\/\\\/www.fededonbosco.org\\\/villena\\\/?s={search_term_string}\"},\"query-input\":{\"@type\":\"PropertyValueSpecification\",\"valueRequired\":true,\"valueName\":\"search_term_string\"}}],\"inLanguage\":\"es\"},{\"@type\":\"Person\",\"@id\":\"https:\\\/\\\/www.fededonbosco.org\\\/villena\\\/#\\\/schema\\\/person\\\/4da59decd0bb185b3d847ec0fcc2087f\",\"name\":\"webcjdb\",\"image\":{\"@type\":\"ImageObject\",\"inLanguage\":\"es\",\"@id\":\"https:\\\/\\\/secure.gravatar.com\\\/avatar\\\/6772807857fdc35dc1c918927bb1613843f3ac8f8acb9aaafd3f600c1ccfa3ac?s=96&d=identicon&r=g\",\"url\":\"https:\\\/\\\/secure.gravatar.com\\\/avatar\\\/6772807857fdc35dc1c918927bb1613843f3ac8f8acb9aaafd3f600c1ccfa3ac?s=96&d=identicon&r=g\",\"contentUrl\":\"https:\\\/\\\/secure.gravatar.com\\\/avatar\\\/6772807857fdc35dc1c918927bb1613843f3ac8f8acb9aaafd3f600c1ccfa3ac?s=96&d=identicon&r=g\",\"caption\":\"webcjdb\"},\"sameAs\":[\"https:\\\/\\\/www.facebook.com\\\/cjdbvillena\\\/\",\"https:\\\/\\\/www.instagram.com\\\/cjdbvillena\\\/?hl=es\",\"https:\\\/\\\/x.com\\\/cjdbvillena\"],\"url\":\"https:\\\/\\\/www.fededonbosco.org\\\/villena\\\/author\\\/webcjdb\\\/\"}]}<\/script>\n<!-- \/ Yoast SEO plugin. -->","yoast_head_json":{"title":"Musicales de un sue\u00f1o - Centro Juvenil Don Bosco Villena","robots":{"index":"index","follow":"follow","max-snippet":"max-snippet:-1","max-image-preview":"max-image-preview:large","max-video-preview":"max-video-preview:-1"},"canonical":"https:\/\/www.fededonbosco.org\/villena\/musicales-de-un-sueno\/","og_locale":"es_ES","og_type":"article","og_title":"Musicales de un sue\u00f1o - Centro Juvenil Don Bosco Villena","og_description":"BIENVENIDOS\/AS&nbsp; al nuevo curso 2019\/2020, con el inicio de este os presentamos el Taller de Expresi\u00f3n Art\u00edstica, el cual comenz\u00f3 el pasado Domingo 20 de Octubre a las 16:00h en el teatro de Salesianos, con la presentaci\u00f3n del taller y explicaci\u00f3n de lo que consistir\u00e1 dicho taller durante lo largo de este a\u00f1o. Este a\u00f1o [&hellip;]","og_url":"https:\/\/www.fededonbosco.org\/villena\/musicales-de-un-sueno\/","og_site_name":"Centro Juvenil Don Bosco Villena","article_author":"https:\/\/www.facebook.com\/cjdbvillena\/","article_published_time":"2019-11-15T18:08:44+00:00","article_modified_time":"2019-11-15T18:08:45+00:00","og_image":[{"width":900,"height":1014,"url":"http:\/\/www.fededonbosco.org\/villena\/wp-content\/uploads\/sites\/4\/2019\/11\/photo5942680982161306375.jpg","type":"image\/jpeg"}],"author":"webcjdb","twitter_card":"summary_large_image","twitter_creator":"@cjdbvillena","twitter_misc":{"Escrito por":"webcjdb","Tiempo de lectura":"1 minuto"},"schema":{"@context":"https:\/\/schema.org","@graph":[{"@type":"Article","@id":"https:\/\/www.fededonbosco.org\/villena\/musicales-de-un-sueno\/#article","isPartOf":{"@id":"https:\/\/www.fededonbosco.org\/villena\/musicales-de-un-sueno\/"},"author":{"name":"webcjdb","@id":"https:\/\/www.fededonbosco.org\/villena\/#\/schema\/person\/4da59decd0bb185b3d847ec0fcc2087f"},"headline":"Musicales de un sue\u00f1o","datePublished":"2019-11-15T18:08:44+00:00","dateModified":"2019-11-15T18:08:45+00:00","mainEntityOfPage":{"@id":"https:\/\/www.fededonbosco.org\/villena\/musicales-de-un-sueno\/"},"wordCount":173,"commentCount":0,"image":{"@id":"https:\/\/www.fededonbosco.org\/villena\/musicales-de-un-sueno\/#primaryimage"},"thumbnailUrl":"https:\/\/www.fededonbosco.org\/villena\/wp-content\/uploads\/sites\/4\/2019\/11\/photo5942680982161306375.jpg","articleSection":["Expresi\u00f3n Art\u00edstica"],"inLanguage":"es","potentialAction":[{"@type":"CommentAction","name":"Comment","target":["https:\/\/www.fededonbosco.org\/villena\/musicales-de-un-sueno\/#respond"]}]},{"@type":"WebPage","@id":"https:\/\/www.fededonbosco.org\/villena\/musicales-de-un-sueno\/","url":"https:\/\/www.fededonbosco.org\/villena\/musicales-de-un-sueno\/","name":"Musicales de un sue\u00f1o - Centro Juvenil Don Bosco Villena","isPartOf":{"@id":"https:\/\/www.fededonbosco.org\/villena\/#website"},"primaryImageOfPage":{"@id":"https:\/\/www.fededonbosco.org\/villena\/musicales-de-un-sueno\/#primaryimage"},"image":{"@id":"https:\/\/www.fededonbosco.org\/villena\/musicales-de-un-sueno\/#primaryimage"},"thumbnailUrl":"https:\/\/www.fededonbosco.org\/villena\/wp-content\/uploads\/sites\/4\/2019\/11\/photo5942680982161306375.jpg","datePublished":"2019-11-15T18:08:44+00:00","dateModified":"2019-11-15T18:08:45+00:00","author":{"@id":"https:\/\/www.fededonbosco.org\/villena\/#\/schema\/person\/4da59decd0bb185b3d847ec0fcc2087f"},"breadcrumb":{"@id":"https:\/\/www.fededonbosco.org\/villena\/musicales-de-un-sueno\/#breadcrumb"},"inLanguage":"es","potentialAction":[{"@type":"ReadAction","target":["https:\/\/www.fededonbosco.org\/villena\/musicales-de-un-sueno\/"]}]},{"@type":"ImageObject","inLanguage":"es","@id":"https:\/\/www.fededonbosco.org\/villena\/musicales-de-un-sueno\/#primaryimage","url":"https:\/\/www.fededonbosco.org\/villena\/wp-content\/uploads\/sites\/4\/2019\/11\/photo5942680982161306375.jpg","contentUrl":"https:\/\/www.fededonbosco.org\/villena\/wp-content\/uploads\/sites\/4\/2019\/11\/photo5942680982161306375.jpg","width":900,"height":1014},{"@type":"BreadcrumbList","@id":"https:\/\/www.fededonbosco.org\/villena\/musicales-de-un-sueno\/#breadcrumb","itemListElement":[{"@type":"ListItem","position":1,"name":"Portada","item":"https:\/\/www.fededonbosco.org\/villena\/"},{"@type":"ListItem","position":2,"name":"Musicales de un sue\u00f1o"}]},{"@type":"WebSite","@id":"https:\/\/www.fededonbosco.org\/villena\/#website","url":"https:\/\/www.fededonbosco.org\/villena\/","name":"Centro Juvenil Don Bosco Villena","description":"Pagina oficial del Centro Juvenil Don Bosco","potentialAction":[{"@type":"SearchAction","target":{"@type":"EntryPoint","urlTemplate":"https:\/\/www.fededonbosco.org\/villena\/?s={search_term_string}"},"query-input":{"@type":"PropertyValueSpecification","valueRequired":true,"valueName":"search_term_string"}}],"inLanguage":"es"},{"@type":"Person","@id":"https:\/\/www.fededonbosco.org\/villena\/#\/schema\/person\/4da59decd0bb185b3d847ec0fcc2087f","name":"webcjdb","image":{"@type":"ImageObject","inLanguage":"es","@id":"https:\/\/secure.gravatar.com\/avatar\/6772807857fdc35dc1c918927bb1613843f3ac8f8acb9aaafd3f600c1ccfa3ac?s=96&d=identicon&r=g","url":"https:\/\/secure.gravatar.com\/avatar\/6772807857fdc35dc1c918927bb1613843f3ac8f8acb9aaafd3f600c1ccfa3ac?s=96&d=identicon&r=g","contentUrl":"https:\/\/secure.gravatar.com\/avatar\/6772807857fdc35dc1c918927bb1613843f3ac8f8acb9aaafd3f600c1ccfa3ac?s=96&d=identicon&r=g","caption":"webcjdb"},"sameAs":["https:\/\/www.facebook.com\/cjdbvillena\/","https:\/\/www.instagram.com\/cjdbvillena\/?hl=es","https:\/\/x.com\/cjdbvillena"],"url":"https:\/\/www.fededonbosco.org\/villena\/author\/webcjdb\/"}]}},"_links":{"self":[{"href":"https:\/\/www.fededonbosco.org\/villena\/wp-json\/wp\/v2\/posts\/7071","targetHints":{"allow":["GET"]}}],"collection":[{"href":"https:\/\/www.fededonbosco.org\/villena\/wp-json\/wp\/v2\/posts"}],"about":[{"href":"https:\/\/www.fededonbosco.org\/villena\/wp-json\/wp\/v2\/types\/post"}],"author":[{"embeddable":true,"href":"https:\/\/www.fededonbosco.org\/villena\/wp-json\/wp\/v2\/users\/8"}],"replies":[{"embeddable":true,"href":"https:\/\/www.fededonbosco.org\/villena\/wp-json\/wp\/v2\/comments?post=7071"}],"version-history":[{"count":1,"href":"https:\/\/www.fededonbosco.org\/villena\/wp-json\/wp\/v2\/posts\/7071\/revisions"}],"predecessor-version":[{"id":7073,"href":"https:\/\/www.fededonbosco.org\/villena\/wp-json\/wp\/v2\/posts\/7071\/revisions\/7073"}],"wp:featuredmedia":[{"embeddable":true,"href":"https:\/\/www.fededonbosco.org\/villena\/wp-json\/wp\/v2\/media\/7072"}],"wp:attachment":[{"href":"https:\/\/www.fededonbosco.org\/villena\/wp-json\/wp\/v2\/media?parent=7071"}],"wp:term":[{"taxonomy":"category","embeddable":true,"href":"https:\/\/www.fededonbosco.org\/villena\/wp-json\/wp\/v2\/categories?post=7071"},{"taxonomy":"post_tag","embeddable":true,"href":"https:\/\/www.fededonbosco.org\/villena\/wp-json\/wp\/v2\/tags?post=7071"}],"curies":[{"name":"wp","href":"https:\/\/api.w.org\/{rel}","templated":true}]}}