{"id":7075,"date":"2019-11-22T20:38:39","date_gmt":"2019-11-22T19:38:39","guid":{"rendered":"https:\/\/www.fededonbosco.org\/villena\/?p=7075"},"modified":"2019-11-22T20:38:42","modified_gmt":"2019-11-22T19:38:42","slug":"vuelve-aire-libre","status":"publish","type":"post","link":"https:\/\/www.fededonbosco.org\/villena\/vuelve-aire-libre\/","title":{"rendered":"Vuelve Aire Libre!!"},"content":{"rendered":"<div id=\"fb-root\"><\/div>\n\n<p class=\"has-medium-font-size wp-block-paragraph\">El pasado domingo 17 de noviembre dio comienzo el taller de aire libre. La primera actividad fue una marcha en bicicleta hasta la ermita de Campo de Mirra (Alicante). En esta ruta ciclista se embarcaron 6 destinatarios y 6 monitores.&nbsp;<\/p>\n\n\n\n<p class=\"has-medium-font-size wp-block-paragraph\">La ruta comenz\u00f3 desde el colegio Joaqu\u00edn Mar\u00eda L\u00f3pez(Villena)\u00a0 y para calentar comenzamos a subir una \u201cpeque\u00f1a\u201d cuesta. El camino hasta nuestro destino fue bastante tranquilo, hasta que llegamos a la subida de la ermita. Una vez arriba las vista y el lugar era incre\u00edble, realizamos un peque\u00f1o descanso para reponer fuerzas y poder continuar nuestra ruta. El siguiente destino era el puente del Chicharra (Biar), cuando est\u00e1bamos all\u00ed pudimos bajar al cauce del r\u00edo Vinalop\u00f3 , ya que no pasa agua y as\u00ed poder hacer un peque\u00f1o descanso. Esta fue nuestra \u00faltima para y ya nos dirigimos hacia Villena-. <\/p>\n\n\n\n<p class=\"has-medium-font-size wp-block-paragraph\">Fue una ruta divertida en la cual nos olvidamos de las nuevas tecnolog\u00edas y pudimos disfrutar de las rutas que tenemos por nuestra zona.<br><\/p>\n\n\n\n\n\n<div class=\"twitter-share\"><a href=\"https:\/\/twitter.com\/intent\/tweet?via=CJDB_Villena\" class=\"twitter-share-button\">Twittear<\/a><\/div>\n","protected":false},"excerpt":{"rendered":"<p>El pasado domingo 17 de noviembre dio comienzo el taller de aire libre. La primera actividad fue una marcha en bicicleta hasta la ermita de Campo de Mirra (Alicante). En esta ruta ciclista se embarcaron 6 destinatarios y 6 monitores.&nbsp; La ruta comenz\u00f3 desde el colegio Joaqu\u00edn Mar\u00eda L\u00f3pez(Villena)\u00a0 y para calentar comenzamos a subir [&hellip;]<\/p>\n","protected":false},"author":8,"featured_media":0,"comment_status":"open","ping_status":"closed","sticky":false,"template":"","format":"standard","meta":{"_et_pb_use_builder":"off","_et_pb_old_content":"","_et_gb_content_width":"","footnotes":""},"categories":[164],"tags":[],"class_list":["post-7075","post","type-post","status-publish","format-standard","hentry","category-aire-libre"],"yoast_head":"<!-- This site is optimized with the Yoast SEO plugin v28.4 - https:\/\/yoast.com\/product\/yoast-seo-wordpress\/ -->\n<title>Vuelve Aire Libre!! - Centro Juvenil Don Bosco Villena<\/title>\n<meta name=\"robots\" content=\"index, follow, max-snippet:-1, max-image-preview:large, max-video-preview:-1\" \/>\n<link rel=\"canonical\" href=\"https:\/\/www.fededonbosco.org\/villena\/vuelve-aire-libre\/\" \/>\n<meta property=\"og:locale\" content=\"es_ES\" \/>\n<meta property=\"og:type\" content=\"article\" \/>\n<meta property=\"og:title\" content=\"Vuelve Aire Libre!! - Centro Juvenil Don Bosco Villena\" \/>\n<meta property=\"og:description\" content=\"El pasado domingo 17 de noviembre dio comienzo el taller de aire libre. La primera actividad fue una marcha en bicicleta hasta la ermita de Campo de Mirra (Alicante). En esta ruta ciclista se embarcaron 6 destinatarios y 6 monitores.&nbsp; La ruta comenz\u00f3 desde el colegio Joaqu\u00edn Mar\u00eda L\u00f3pez(Villena)\u00a0 y para calentar comenzamos a subir [&hellip;]\" \/>\n<meta property=\"og:url\" content=\"https:\/\/www.fededonbosco.org\/villena\/vuelve-aire-libre\/\" \/>\n<meta property=\"og:site_name\" content=\"Centro Juvenil Don Bosco Villena\" \/>\n<meta property=\"article:author\" content=\"https:\/\/www.facebook.com\/cjdbvillena\/\" \/>\n<meta property=\"article:published_time\" content=\"2019-11-22T19:38:39+00:00\" \/>\n<meta property=\"article:modified_time\" content=\"2019-11-22T19:38:42+00:00\" \/>\n<meta name=\"author\" content=\"webcjdb\" \/>\n<meta name=\"twitter:card\" content=\"summary_large_image\" \/>\n<meta name=\"twitter:creator\" content=\"@cjdbvillena\" \/>\n<meta name=\"twitter:label1\" content=\"Escrito por\" \/>\n\t<meta name=\"twitter:data1\" content=\"webcjdb\" \/>\n\t<meta name=\"twitter:label2\" content=\"Tiempo de lectura\" \/>\n\t<meta name=\"twitter:data2\" content=\"1 minuto\" \/>\n<script type=\"application\/ld+json\" class=\"yoast-schema-graph\">{\"@context\":\"https:\\\/\\\/schema.org\",\"@graph\":[{\"@type\":\"Article\",\"@id\":\"https:\\\/\\\/www.fededonbosco.org\\\/villena\\\/vuelve-aire-libre\\\/#article\",\"isPartOf\":{\"@id\":\"https:\\\/\\\/www.fededonbosco.org\\\/villena\\\/vuelve-aire-libre\\\/\"},\"author\":{\"name\":\"webcjdb\",\"@id\":\"https:\\\/\\\/www.fededonbosco.org\\\/villena\\\/#\\\/schema\\\/person\\\/4da59decd0bb185b3d847ec0fcc2087f\"},\"headline\":\"Vuelve Aire Libre!!\",\"datePublished\":\"2019-11-22T19:38:39+00:00\",\"dateModified\":\"2019-11-22T19:38:42+00:00\",\"mainEntityOfPage\":{\"@id\":\"https:\\\/\\\/www.fededonbosco.org\\\/villena\\\/vuelve-aire-libre\\\/\"},\"wordCount\":183,\"commentCount\":0,\"articleSection\":[\"Aire libre\"],\"inLanguage\":\"es\",\"potentialAction\":[{\"@type\":\"CommentAction\",\"name\":\"Comment\",\"target\":[\"https:\\\/\\\/www.fededonbosco.org\\\/villena\\\/vuelve-aire-libre\\\/#respond\"]}]},{\"@type\":\"WebPage\",\"@id\":\"https:\\\/\\\/www.fededonbosco.org\\\/villena\\\/vuelve-aire-libre\\\/\",\"url\":\"https:\\\/\\\/www.fededonbosco.org\\\/villena\\\/vuelve-aire-libre\\\/\",\"name\":\"Vuelve Aire Libre!! - Centro Juvenil Don Bosco Villena\",\"isPartOf\":{\"@id\":\"https:\\\/\\\/www.fededonbosco.org\\\/villena\\\/#website\"},\"datePublished\":\"2019-11-22T19:38:39+00:00\",\"dateModified\":\"2019-11-22T19:38:42+00:00\",\"author\":{\"@id\":\"https:\\\/\\\/www.fededonbosco.org\\\/villena\\\/#\\\/schema\\\/person\\\/4da59decd0bb185b3d847ec0fcc2087f\"},\"breadcrumb\":{\"@id\":\"https:\\\/\\\/www.fededonbosco.org\\\/villena\\\/vuelve-aire-libre\\\/#breadcrumb\"},\"inLanguage\":\"es\",\"potentialAction\":[{\"@type\":\"ReadAction\",\"target\":[\"https:\\\/\\\/www.fededonbosco.org\\\/villena\\\/vuelve-aire-libre\\\/\"]}]},{\"@type\":\"BreadcrumbList\",\"@id\":\"https:\\\/\\\/www.fededonbosco.org\\\/villena\\\/vuelve-aire-libre\\\/#breadcrumb\",\"itemListElement\":[{\"@type\":\"ListItem\",\"position\":1,\"name\":\"Portada\",\"item\":\"https:\\\/\\\/www.fededonbosco.org\\\/villena\\\/\"},{\"@type\":\"ListItem\",\"position\":2,\"name\":\"Vuelve Aire Libre!!\"}]},{\"@type\":\"WebSite\",\"@id\":\"https:\\\/\\\/www.fededonbosco.org\\\/villena\\\/#website\",\"url\":\"https:\\\/\\\/www.fededonbosco.org\\\/villena\\\/\",\"name\":\"Centro Juvenil Don Bosco Villena\",\"description\":\"Pagina oficial del Centro Juvenil Don Bosco\",\"potentialAction\":[{\"@type\":\"SearchAction\",\"target\":{\"@type\":\"EntryPoint\",\"urlTemplate\":\"https:\\\/\\\/www.fededonbosco.org\\\/villena\\\/?s={search_term_string}\"},\"query-input\":{\"@type\":\"PropertyValueSpecification\",\"valueRequired\":true,\"valueName\":\"search_term_string\"}}],\"inLanguage\":\"es\"},{\"@type\":\"Person\",\"@id\":\"https:\\\/\\\/www.fededonbosco.org\\\/villena\\\/#\\\/schema\\\/person\\\/4da59decd0bb185b3d847ec0fcc2087f\",\"name\":\"webcjdb\",\"image\":{\"@type\":\"ImageObject\",\"inLanguage\":\"es\",\"@id\":\"https:\\\/\\\/secure.gravatar.com\\\/avatar\\\/6772807857fdc35dc1c918927bb1613843f3ac8f8acb9aaafd3f600c1ccfa3ac?s=96&d=identicon&r=g\",\"url\":\"https:\\\/\\\/secure.gravatar.com\\\/avatar\\\/6772807857fdc35dc1c918927bb1613843f3ac8f8acb9aaafd3f600c1ccfa3ac?s=96&d=identicon&r=g\",\"contentUrl\":\"https:\\\/\\\/secure.gravatar.com\\\/avatar\\\/6772807857fdc35dc1c918927bb1613843f3ac8f8acb9aaafd3f600c1ccfa3ac?s=96&d=identicon&r=g\",\"caption\":\"webcjdb\"},\"sameAs\":[\"https:\\\/\\\/www.facebook.com\\\/cjdbvillena\\\/\",\"https:\\\/\\\/www.instagram.com\\\/cjdbvillena\\\/?hl=es\",\"https:\\\/\\\/x.com\\\/cjdbvillena\"],\"url\":\"https:\\\/\\\/www.fededonbosco.org\\\/villena\\\/author\\\/webcjdb\\\/\"}]}<\/script>\n<!-- \/ Yoast SEO plugin. -->","yoast_head_json":{"title":"Vuelve Aire Libre!! - Centro Juvenil Don Bosco Villena","robots":{"index":"index","follow":"follow","max-snippet":"max-snippet:-1","max-image-preview":"max-image-preview:large","max-video-preview":"max-video-preview:-1"},"canonical":"https:\/\/www.fededonbosco.org\/villena\/vuelve-aire-libre\/","og_locale":"es_ES","og_type":"article","og_title":"Vuelve Aire Libre!! - Centro Juvenil Don Bosco Villena","og_description":"El pasado domingo 17 de noviembre dio comienzo el taller de aire libre. La primera actividad fue una marcha en bicicleta hasta la ermita de Campo de Mirra (Alicante). En esta ruta ciclista se embarcaron 6 destinatarios y 6 monitores.&nbsp; La ruta comenz\u00f3 desde el colegio Joaqu\u00edn Mar\u00eda L\u00f3pez(Villena)\u00a0 y para calentar comenzamos a subir [&hellip;]","og_url":"https:\/\/www.fededonbosco.org\/villena\/vuelve-aire-libre\/","og_site_name":"Centro Juvenil Don Bosco Villena","article_author":"https:\/\/www.facebook.com\/cjdbvillena\/","article_published_time":"2019-11-22T19:38:39+00:00","article_modified_time":"2019-11-22T19:38:42+00:00","author":"webcjdb","twitter_card":"summary_large_image","twitter_creator":"@cjdbvillena","twitter_misc":{"Escrito por":"webcjdb","Tiempo de lectura":"1 minuto"},"schema":{"@context":"https:\/\/schema.org","@graph":[{"@type":"Article","@id":"https:\/\/www.fededonbosco.org\/villena\/vuelve-aire-libre\/#article","isPartOf":{"@id":"https:\/\/www.fededonbosco.org\/villena\/vuelve-aire-libre\/"},"author":{"name":"webcjdb","@id":"https:\/\/www.fededonbosco.org\/villena\/#\/schema\/person\/4da59decd0bb185b3d847ec0fcc2087f"},"headline":"Vuelve Aire Libre!!","datePublished":"2019-11-22T19:38:39+00:00","dateModified":"2019-11-22T19:38:42+00:00","mainEntityOfPage":{"@id":"https:\/\/www.fededonbosco.org\/villena\/vuelve-aire-libre\/"},"wordCount":183,"commentCount":0,"articleSection":["Aire libre"],"inLanguage":"es","potentialAction":[{"@type":"CommentAction","name":"Comment","target":["https:\/\/www.fededonbosco.org\/villena\/vuelve-aire-libre\/#respond"]}]},{"@type":"WebPage","@id":"https:\/\/www.fededonbosco.org\/villena\/vuelve-aire-libre\/","url":"https:\/\/www.fededonbosco.org\/villena\/vuelve-aire-libre\/","name":"Vuelve Aire Libre!! - Centro Juvenil Don Bosco Villena","isPartOf":{"@id":"https:\/\/www.fededonbosco.org\/villena\/#website"},"datePublished":"2019-11-22T19:38:39+00:00","dateModified":"2019-11-22T19:38:42+00:00","author":{"@id":"https:\/\/www.fededonbosco.org\/villena\/#\/schema\/person\/4da59decd0bb185b3d847ec0fcc2087f"},"breadcrumb":{"@id":"https:\/\/www.fededonbosco.org\/villena\/vuelve-aire-libre\/#breadcrumb"},"inLanguage":"es","potentialAction":[{"@type":"ReadAction","target":["https:\/\/www.fededonbosco.org\/villena\/vuelve-aire-libre\/"]}]},{"@type":"BreadcrumbList","@id":"https:\/\/www.fededonbosco.org\/villena\/vuelve-aire-libre\/#breadcrumb","itemListElement":[{"@type":"ListItem","position":1,"name":"Portada","item":"https:\/\/www.fededonbosco.org\/villena\/"},{"@type":"ListItem","position":2,"name":"Vuelve Aire Libre!!"}]},{"@type":"WebSite","@id":"https:\/\/www.fededonbosco.org\/villena\/#website","url":"https:\/\/www.fededonbosco.org\/villena\/","name":"Centro Juvenil Don Bosco Villena","description":"Pagina oficial del Centro Juvenil Don Bosco","potentialAction":[{"@type":"SearchAction","target":{"@type":"EntryPoint","urlTemplate":"https:\/\/www.fededonbosco.org\/villena\/?s={search_term_string}"},"query-input":{"@type":"PropertyValueSpecification","valueRequired":true,"valueName":"search_term_string"}}],"inLanguage":"es"},{"@type":"Person","@id":"https:\/\/www.fededonbosco.org\/villena\/#\/schema\/person\/4da59decd0bb185b3d847ec0fcc2087f","name":"webcjdb","image":{"@type":"ImageObject","inLanguage":"es","@id":"https:\/\/secure.gravatar.com\/avatar\/6772807857fdc35dc1c918927bb1613843f3ac8f8acb9aaafd3f600c1ccfa3ac?s=96&d=identicon&r=g","url":"https:\/\/secure.gravatar.com\/avatar\/6772807857fdc35dc1c918927bb1613843f3ac8f8acb9aaafd3f600c1ccfa3ac?s=96&d=identicon&r=g","contentUrl":"https:\/\/secure.gravatar.com\/avatar\/6772807857fdc35dc1c918927bb1613843f3ac8f8acb9aaafd3f600c1ccfa3ac?s=96&d=identicon&r=g","caption":"webcjdb"},"sameAs":["https:\/\/www.facebook.com\/cjdbvillena\/","https:\/\/www.instagram.com\/cjdbvillena\/?hl=es","https:\/\/x.com\/cjdbvillena"],"url":"https:\/\/www.fededonbosco.org\/villena\/author\/webcjdb\/"}]}},"_links":{"self":[{"href":"https:\/\/www.fededonbosco.org\/villena\/wp-json\/wp\/v2\/posts\/7075","targetHints":{"allow":["GET"]}}],"collection":[{"href":"https:\/\/www.fededonbosco.org\/villena\/wp-json\/wp\/v2\/posts"}],"about":[{"href":"https:\/\/www.fededonbosco.org\/villena\/wp-json\/wp\/v2\/types\/post"}],"author":[{"embeddable":true,"href":"https:\/\/www.fededonbosco.org\/villena\/wp-json\/wp\/v2\/users\/8"}],"replies":[{"embeddable":true,"href":"https:\/\/www.fededonbosco.org\/villena\/wp-json\/wp\/v2\/comments?post=7075"}],"version-history":[{"count":1,"href":"https:\/\/www.fededonbosco.org\/villena\/wp-json\/wp\/v2\/posts\/7075\/revisions"}],"predecessor-version":[{"id":7076,"href":"https:\/\/www.fededonbosco.org\/villena\/wp-json\/wp\/v2\/posts\/7075\/revisions\/7076"}],"wp:attachment":[{"href":"https:\/\/www.fededonbosco.org\/villena\/wp-json\/wp\/v2\/media?parent=7075"}],"wp:term":[{"taxonomy":"category","embeddable":true,"href":"https:\/\/www.fededonbosco.org\/villena\/wp-json\/wp\/v2\/categories?post=7075"},{"taxonomy":"post_tag","embeddable":true,"href":"https:\/\/www.fededonbosco.org\/villena\/wp-json\/wp\/v2\/tags?post=7075"}],"curies":[{"name":"wp","href":"https:\/\/api.w.org\/{rel}","templated":true}]}}