{"id":7077,"date":"2019-11-22T20:41:55","date_gmt":"2019-11-22T19:41:55","guid":{"rendered":"https:\/\/www.fededonbosco.org\/villena\/?p=7077"},"modified":"2020-11-06T13:50:36","modified_gmt":"2020-11-06T12:50:36","slug":"sabado-con-ju-b","status":"publish","type":"post","link":"https:\/\/www.fededonbosco.org\/villena\/sabado-con-ju-b\/","title":{"rendered":"S\u00e1bado con Ju-B"},"content":{"rendered":"<div id=\"fb-root\"><\/div>\n\n[et_pb_section][et_pb_row][et_pb_column type=\u00bb4_4&#8243;][et_pb_text]<!-- divi:paragraph {\"fontSize\":\"medium\"} -->\n<p class=\"has-medium-font-size\">El pasado s\u00e1bado los destinatarios y destinatarias de Ju-B tuvieron una tarde bastante movidita. Tras las buenas tardes, donde pudieron ponerse en el lugar de los inmigrantes que llegan a nuestro pa\u00eds a trav\u00e9s de pateras, subimos como siempre a las clases para realizar la formaci\u00f3n. En este caso trat\u00f3 sobre inmigraci\u00f3n. As\u00ed pudimos debatir el tema de la inmigraci\u00f3n, desmontar mitos y ver la realidad y las diferencias de las personas que salen de su pa\u00eds por diferentes razones.&nbsp;<br><\/p>\n<!-- \/divi:paragraph -->\n\n<!-- divi:paragraph {\"fontSize\":\"medium\"} -->\n<p class=\"has-medium-font-size\">Despu\u00e9s tuvimos un escape room sobre Netflix. Nos quedamos encerrados sin ninguna pista y tuvimos que dar rienda suelta a nuestra imaginaci\u00f3n para conseguir salir y pasar por los diferentes cap\u00edtulos con la ayuda de instagram y las pistas que recibimos a trav\u00e9s de esta red social. Fue todo muy intrigante y lo pasamos genial.&nbsp;<br><\/p>\n<!-- \/divi:paragraph -->\n\n<!-- divi:paragraph {\"fontSize\":\"medium\"} -->\n<p class=\"has-medium-font-size\">La semana que viene no tenemos actividad ya que nos vamos a la Fede en Cartagena, pero estamos deseosos y deseosas de que llegue el pr\u00f3ximo fin de semana para disfrutar con otra actividad tan innovadora como esta \u00a1Hasta la pr\u00f3xima!\u00a0<br><\/p>\n<!-- \/divi:paragraph -->\n\n<!-- divi:paragraph -->\n<p><\/p>\n<!-- \/divi:paragraph -->[\/et_pb_text][\/et_pb_column][\/et_pb_row][\/et_pb_section]\n\n<div class=\"twitter-share\"><a href=\"https:\/\/twitter.com\/intent\/tweet?via=CJDB_Villena\" class=\"twitter-share-button\">Twittear<\/a><\/div>\n","protected":false},"excerpt":{"rendered":"<p><div class=\"et_pb_section et_pb_section_0 et_section_regular\" >\n\t\t\t\t\n\t\t\t\t\n\t\t\t\t\n\t\t\t\t\n\t\t\t\t\n\t\t\t\t\n\t\t\t\t\n\t\t\t\t\n\t\t\t\t\n\t\t\t<\/div><div class=\"et_pb_row et_pb_row_0 et_pb_row_empty\">\n\t\t\t\t\n\t\t\t\t\n\t\t\t\t\n\t\t\t\t\n\t\t\t\t\n\t\t\t<\/div><div class=\"et_pb_module et_pb_text et_pb_text_0  et_pb_text_align_left et_pb_bg_layout_light\">\n\t\t\t\t\n\t\t\t\t\n\t\t\t\t\n\t\t\t\t\n\t\t\t\t\n\t\t\t<\/div> El pasado s\u00e1bado los destinatarios y destinatarias de Ju-B tuvieron una tarde bastante movidita. Tras las buenas tardes, donde pudieron ponerse en el lugar de los inmigrantes que llegan a nuestro pa\u00eds a trav\u00e9s de pateras, subimos como siempre a las clases para realizar la formaci\u00f3n. En este caso trat\u00f3 sobre inmigraci\u00f3n. As\u00ed pudimos [&hellip;]<\/p>\n","protected":false},"author":8,"featured_media":0,"comment_status":"open","ping_status":"closed","sticky":false,"template":"","format":"standard","meta":{"_et_pb_use_builder":"on","_et_pb_old_content":"<!-- wp:paragraph {\"fontSize\":\"medium\"} -->\n<p class=\"has-medium-font-size\">El pasado s\u00e1bado los destinatarios y destinatarias de Ju-B tuvieron una tarde bastante movidita. Tras las buenas tardes, donde pudieron ponerse en el lugar de los inmigrantes que llegan a nuestro pa\u00eds a trav\u00e9s de pateras, subimos como siempre a las clases para realizar la formaci\u00f3n. En este caso trat\u00f3 sobre inmigraci\u00f3n. As\u00ed pudimos debatir el tema de la inmigraci\u00f3n, desmontar mitos y ver la realidad y las diferencias de las personas que salen de su pa\u00eds por diferentes razones.&nbsp;<br><\/p>\n<!-- \/wp:paragraph -->\n\n<!-- wp:paragraph {\"fontSize\":\"medium\"} -->\n<p class=\"has-medium-font-size\">Despu\u00e9s tuvimos un escape room sobre Netflix. Nos quedamos encerrados sin ninguna pista y tuvimos que dar rienda suelta a nuestra imaginaci\u00f3n para conseguir salir y pasar por los diferentes cap\u00edtulos con la ayuda de instagram y las pistas que recibimos a trav\u00e9s de esta red social. Fue todo muy intrigante y lo pasamos genial.&nbsp;<br><\/p>\n<!-- \/wp:paragraph -->\n\n<!-- wp:paragraph {\"fontSize\":\"medium\"} -->\n<p class=\"has-medium-font-size\">La semana que viene no tenemos actividad ya que nos vamos a la Fede en Cartagena, pero estamos deseosos y deseosas de que llegue el pr\u00f3ximo fin de semana para disfrutar con otra actividad tan innovadora como esta \u00a1Hasta la pr\u00f3xima!\u00a0<br><\/p>\n<!-- \/wp:paragraph -->\n\n<!-- wp:paragraph -->\n<p><\/p>\n<!-- \/wp:paragraph -->","_et_gb_content_width":"","footnotes":""},"categories":[172],"tags":[],"class_list":["post-7077","post","type-post","status-publish","format-standard","hentry","category-ju-b"],"yoast_head":"<!-- This site is optimized with the Yoast SEO plugin v27.5 - https:\/\/yoast.com\/product\/yoast-seo-wordpress\/ -->\n<title>S\u00e1bado con Ju-B - Centro Juvenil Don Bosco Villena<\/title>\n<meta name=\"robots\" content=\"index, follow, max-snippet:-1, max-image-preview:large, max-video-preview:-1\" \/>\n<link rel=\"canonical\" href=\"https:\/\/www.fededonbosco.org\/villena\/sabado-con-ju-b\/\" \/>\n<meta property=\"og:locale\" content=\"es_ES\" \/>\n<meta property=\"og:type\" content=\"article\" \/>\n<meta property=\"og:title\" content=\"S\u00e1bado con Ju-B - Centro Juvenil Don Bosco Villena\" \/>\n<meta property=\"og:description\" content=\"El pasado s\u00e1bado los destinatarios y destinatarias de Ju-B tuvieron una tarde bastante movidita. Tras las buenas tardes, donde pudieron ponerse en el lugar de los inmigrantes que llegan a nuestro pa\u00eds a trav\u00e9s de pateras, subimos como siempre a las clases para realizar la formaci\u00f3n. En este caso trat\u00f3 sobre inmigraci\u00f3n. As\u00ed pudimos [&hellip;]\" \/>\n<meta property=\"og:url\" content=\"https:\/\/www.fededonbosco.org\/villena\/sabado-con-ju-b\/\" \/>\n<meta property=\"og:site_name\" content=\"Centro Juvenil Don Bosco Villena\" \/>\n<meta property=\"article:author\" content=\"https:\/\/www.facebook.com\/cjdbvillena\/\" \/>\n<meta property=\"article:published_time\" content=\"2019-11-22T19:41:55+00:00\" \/>\n<meta property=\"article:modified_time\" content=\"2020-11-06T12:50:36+00:00\" \/>\n<meta name=\"author\" content=\"webcjdb\" \/>\n<meta name=\"twitter:card\" content=\"summary_large_image\" \/>\n<meta name=\"twitter:creator\" content=\"@cjdbvillena\" \/>\n<meta name=\"twitter:label1\" content=\"Escrito por\" \/>\n\t<meta name=\"twitter:data1\" content=\"webcjdb\" \/>\n\t<meta name=\"twitter:label2\" content=\"Tiempo de lectura\" \/>\n\t<meta name=\"twitter:data2\" content=\"1 minuto\" \/>\n<script type=\"application\/ld+json\" class=\"yoast-schema-graph\">{\"@context\":\"https:\\\/\\\/schema.org\",\"@graph\":[{\"@type\":\"Article\",\"@id\":\"https:\\\/\\\/www.fededonbosco.org\\\/villena\\\/sabado-con-ju-b\\\/#article\",\"isPartOf\":{\"@id\":\"https:\\\/\\\/www.fededonbosco.org\\\/villena\\\/sabado-con-ju-b\\\/\"},\"author\":{\"name\":\"webcjdb\",\"@id\":\"https:\\\/\\\/www.fededonbosco.org\\\/villena\\\/#\\\/schema\\\/person\\\/4da59decd0bb185b3d847ec0fcc2087f\"},\"headline\":\"S\u00e1bado con Ju-B\",\"datePublished\":\"2019-11-22T19:41:55+00:00\",\"dateModified\":\"2020-11-06T12:50:36+00:00\",\"mainEntityOfPage\":{\"@id\":\"https:\\\/\\\/www.fededonbosco.org\\\/villena\\\/sabado-con-ju-b\\\/\"},\"wordCount\":220,\"commentCount\":0,\"articleSection\":[\"Ju-B\"],\"inLanguage\":\"es\",\"potentialAction\":[{\"@type\":\"CommentAction\",\"name\":\"Comment\",\"target\":[\"https:\\\/\\\/www.fededonbosco.org\\\/villena\\\/sabado-con-ju-b\\\/#respond\"]}]},{\"@type\":\"WebPage\",\"@id\":\"https:\\\/\\\/www.fededonbosco.org\\\/villena\\\/sabado-con-ju-b\\\/\",\"url\":\"https:\\\/\\\/www.fededonbosco.org\\\/villena\\\/sabado-con-ju-b\\\/\",\"name\":\"S\u00e1bado con Ju-B - Centro Juvenil Don Bosco Villena\",\"isPartOf\":{\"@id\":\"https:\\\/\\\/www.fededonbosco.org\\\/villena\\\/#website\"},\"datePublished\":\"2019-11-22T19:41:55+00:00\",\"dateModified\":\"2020-11-06T12:50:36+00:00\",\"author\":{\"@id\":\"https:\\\/\\\/www.fededonbosco.org\\\/villena\\\/#\\\/schema\\\/person\\\/4da59decd0bb185b3d847ec0fcc2087f\"},\"breadcrumb\":{\"@id\":\"https:\\\/\\\/www.fededonbosco.org\\\/villena\\\/sabado-con-ju-b\\\/#breadcrumb\"},\"inLanguage\":\"es\",\"potentialAction\":[{\"@type\":\"ReadAction\",\"target\":[\"https:\\\/\\\/www.fededonbosco.org\\\/villena\\\/sabado-con-ju-b\\\/\"]}]},{\"@type\":\"BreadcrumbList\",\"@id\":\"https:\\\/\\\/www.fededonbosco.org\\\/villena\\\/sabado-con-ju-b\\\/#breadcrumb\",\"itemListElement\":[{\"@type\":\"ListItem\",\"position\":1,\"name\":\"Portada\",\"item\":\"https:\\\/\\\/www.fededonbosco.org\\\/villena\\\/\"},{\"@type\":\"ListItem\",\"position\":2,\"name\":\"S\u00e1bado con Ju-B\"}]},{\"@type\":\"WebSite\",\"@id\":\"https:\\\/\\\/www.fededonbosco.org\\\/villena\\\/#website\",\"url\":\"https:\\\/\\\/www.fededonbosco.org\\\/villena\\\/\",\"name\":\"Centro Juvenil Don Bosco Villena\",\"description\":\"Pagina oficial del Centro Juvenil Don Bosco\",\"potentialAction\":[{\"@type\":\"SearchAction\",\"target\":{\"@type\":\"EntryPoint\",\"urlTemplate\":\"https:\\\/\\\/www.fededonbosco.org\\\/villena\\\/?s={search_term_string}\"},\"query-input\":{\"@type\":\"PropertyValueSpecification\",\"valueRequired\":true,\"valueName\":\"search_term_string\"}}],\"inLanguage\":\"es\"},{\"@type\":\"Person\",\"@id\":\"https:\\\/\\\/www.fededonbosco.org\\\/villena\\\/#\\\/schema\\\/person\\\/4da59decd0bb185b3d847ec0fcc2087f\",\"name\":\"webcjdb\",\"image\":{\"@type\":\"ImageObject\",\"inLanguage\":\"es\",\"@id\":\"https:\\\/\\\/secure.gravatar.com\\\/avatar\\\/6772807857fdc35dc1c918927bb1613843f3ac8f8acb9aaafd3f600c1ccfa3ac?s=96&d=identicon&r=g\",\"url\":\"https:\\\/\\\/secure.gravatar.com\\\/avatar\\\/6772807857fdc35dc1c918927bb1613843f3ac8f8acb9aaafd3f600c1ccfa3ac?s=96&d=identicon&r=g\",\"contentUrl\":\"https:\\\/\\\/secure.gravatar.com\\\/avatar\\\/6772807857fdc35dc1c918927bb1613843f3ac8f8acb9aaafd3f600c1ccfa3ac?s=96&d=identicon&r=g\",\"caption\":\"webcjdb\"},\"sameAs\":[\"https:\\\/\\\/www.facebook.com\\\/cjdbvillena\\\/\",\"https:\\\/\\\/www.instagram.com\\\/cjdbvillena\\\/?hl=es\",\"https:\\\/\\\/x.com\\\/cjdbvillena\"],\"url\":\"https:\\\/\\\/www.fededonbosco.org\\\/villena\\\/author\\\/webcjdb\\\/\"}]}<\/script>\n<!-- \/ Yoast SEO plugin. -->","yoast_head_json":{"title":"S\u00e1bado con Ju-B - Centro Juvenil Don Bosco Villena","robots":{"index":"index","follow":"follow","max-snippet":"max-snippet:-1","max-image-preview":"max-image-preview:large","max-video-preview":"max-video-preview:-1"},"canonical":"https:\/\/www.fededonbosco.org\/villena\/sabado-con-ju-b\/","og_locale":"es_ES","og_type":"article","og_title":"S\u00e1bado con Ju-B - Centro Juvenil Don Bosco Villena","og_description":"El pasado s\u00e1bado los destinatarios y destinatarias de Ju-B tuvieron una tarde bastante movidita. Tras las buenas tardes, donde pudieron ponerse en el lugar de los inmigrantes que llegan a nuestro pa\u00eds a trav\u00e9s de pateras, subimos como siempre a las clases para realizar la formaci\u00f3n. En este caso trat\u00f3 sobre inmigraci\u00f3n. As\u00ed pudimos [&hellip;]","og_url":"https:\/\/www.fededonbosco.org\/villena\/sabado-con-ju-b\/","og_site_name":"Centro Juvenil Don Bosco Villena","article_author":"https:\/\/www.facebook.com\/cjdbvillena\/","article_published_time":"2019-11-22T19:41:55+00:00","article_modified_time":"2020-11-06T12:50:36+00:00","author":"webcjdb","twitter_card":"summary_large_image","twitter_creator":"@cjdbvillena","twitter_misc":{"Escrito por":"webcjdb","Tiempo de lectura":"1 minuto"},"schema":{"@context":"https:\/\/schema.org","@graph":[{"@type":"Article","@id":"https:\/\/www.fededonbosco.org\/villena\/sabado-con-ju-b\/#article","isPartOf":{"@id":"https:\/\/www.fededonbosco.org\/villena\/sabado-con-ju-b\/"},"author":{"name":"webcjdb","@id":"https:\/\/www.fededonbosco.org\/villena\/#\/schema\/person\/4da59decd0bb185b3d847ec0fcc2087f"},"headline":"S\u00e1bado con Ju-B","datePublished":"2019-11-22T19:41:55+00:00","dateModified":"2020-11-06T12:50:36+00:00","mainEntityOfPage":{"@id":"https:\/\/www.fededonbosco.org\/villena\/sabado-con-ju-b\/"},"wordCount":220,"commentCount":0,"articleSection":["Ju-B"],"inLanguage":"es","potentialAction":[{"@type":"CommentAction","name":"Comment","target":["https:\/\/www.fededonbosco.org\/villena\/sabado-con-ju-b\/#respond"]}]},{"@type":"WebPage","@id":"https:\/\/www.fededonbosco.org\/villena\/sabado-con-ju-b\/","url":"https:\/\/www.fededonbosco.org\/villena\/sabado-con-ju-b\/","name":"S\u00e1bado con Ju-B - Centro Juvenil Don Bosco Villena","isPartOf":{"@id":"https:\/\/www.fededonbosco.org\/villena\/#website"},"datePublished":"2019-11-22T19:41:55+00:00","dateModified":"2020-11-06T12:50:36+00:00","author":{"@id":"https:\/\/www.fededonbosco.org\/villena\/#\/schema\/person\/4da59decd0bb185b3d847ec0fcc2087f"},"breadcrumb":{"@id":"https:\/\/www.fededonbosco.org\/villena\/sabado-con-ju-b\/#breadcrumb"},"inLanguage":"es","potentialAction":[{"@type":"ReadAction","target":["https:\/\/www.fededonbosco.org\/villena\/sabado-con-ju-b\/"]}]},{"@type":"BreadcrumbList","@id":"https:\/\/www.fededonbosco.org\/villena\/sabado-con-ju-b\/#breadcrumb","itemListElement":[{"@type":"ListItem","position":1,"name":"Portada","item":"https:\/\/www.fededonbosco.org\/villena\/"},{"@type":"ListItem","position":2,"name":"S\u00e1bado con Ju-B"}]},{"@type":"WebSite","@id":"https:\/\/www.fededonbosco.org\/villena\/#website","url":"https:\/\/www.fededonbosco.org\/villena\/","name":"Centro Juvenil Don Bosco Villena","description":"Pagina oficial del Centro Juvenil Don Bosco","potentialAction":[{"@type":"SearchAction","target":{"@type":"EntryPoint","urlTemplate":"https:\/\/www.fededonbosco.org\/villena\/?s={search_term_string}"},"query-input":{"@type":"PropertyValueSpecification","valueRequired":true,"valueName":"search_term_string"}}],"inLanguage":"es"},{"@type":"Person","@id":"https:\/\/www.fededonbosco.org\/villena\/#\/schema\/person\/4da59decd0bb185b3d847ec0fcc2087f","name":"webcjdb","image":{"@type":"ImageObject","inLanguage":"es","@id":"https:\/\/secure.gravatar.com\/avatar\/6772807857fdc35dc1c918927bb1613843f3ac8f8acb9aaafd3f600c1ccfa3ac?s=96&d=identicon&r=g","url":"https:\/\/secure.gravatar.com\/avatar\/6772807857fdc35dc1c918927bb1613843f3ac8f8acb9aaafd3f600c1ccfa3ac?s=96&d=identicon&r=g","contentUrl":"https:\/\/secure.gravatar.com\/avatar\/6772807857fdc35dc1c918927bb1613843f3ac8f8acb9aaafd3f600c1ccfa3ac?s=96&d=identicon&r=g","caption":"webcjdb"},"sameAs":["https:\/\/www.facebook.com\/cjdbvillena\/","https:\/\/www.instagram.com\/cjdbvillena\/?hl=es","https:\/\/x.com\/cjdbvillena"],"url":"https:\/\/www.fededonbosco.org\/villena\/author\/webcjdb\/"}]}},"_links":{"self":[{"href":"https:\/\/www.fededonbosco.org\/villena\/wp-json\/wp\/v2\/posts\/7077","targetHints":{"allow":["GET"]}}],"collection":[{"href":"https:\/\/www.fededonbosco.org\/villena\/wp-json\/wp\/v2\/posts"}],"about":[{"href":"https:\/\/www.fededonbosco.org\/villena\/wp-json\/wp\/v2\/types\/post"}],"author":[{"embeddable":true,"href":"https:\/\/www.fededonbosco.org\/villena\/wp-json\/wp\/v2\/users\/8"}],"replies":[{"embeddable":true,"href":"https:\/\/www.fededonbosco.org\/villena\/wp-json\/wp\/v2\/comments?post=7077"}],"version-history":[{"count":2,"href":"https:\/\/www.fededonbosco.org\/villena\/wp-json\/wp\/v2\/posts\/7077\/revisions"}],"predecessor-version":[{"id":7211,"href":"https:\/\/www.fededonbosco.org\/villena\/wp-json\/wp\/v2\/posts\/7077\/revisions\/7211"}],"wp:attachment":[{"href":"https:\/\/www.fededonbosco.org\/villena\/wp-json\/wp\/v2\/media?parent=7077"}],"wp:term":[{"taxonomy":"category","embeddable":true,"href":"https:\/\/www.fededonbosco.org\/villena\/wp-json\/wp\/v2\/categories?post=7077"},{"taxonomy":"post_tag","embeddable":true,"href":"https:\/\/www.fededonbosco.org\/villena\/wp-json\/wp\/v2\/tags?post=7077"}],"curies":[{"name":"wp","href":"https:\/\/api.w.org\/{rel}","templated":true}]}}