{"id":7080,"date":"2019-12-08T17:06:25","date_gmt":"2019-12-08T16:06:25","guid":{"rendered":"https:\/\/www.fededonbosco.org\/villena\/?p=7080"},"modified":"2019-12-08T17:06:26","modified_gmt":"2019-12-08T16:06:26","slug":"una-navidad-de-pelicula","status":"publish","type":"post","link":"https:\/\/www.fededonbosco.org\/villena\/una-navidad-de-pelicula\/","title":{"rendered":"Una navidad de pel\u00edcula"},"content":{"rendered":"<div id=\"fb-root\"><\/div>\n\n<p class=\"has-medium-font-size\">Este a\u00f1o contamos con un nuevo grupo de chicos y chicas que formar\u00e1n parte de uno de nuestros \u00faltimos sectores, JuB-72. Como cada a\u00f1o un sector destinado al crecimiento personal y al trabajo en equipo entre todos sus integrantes.&nbsp;<br><\/p>\n\n\n\n<p class=\"has-medium-font-size\">Tras semanas de preparaci\u00f3n propia en los que se han enfatizado valores como el trabajo en equipo y la importancia que tiene cada uno de ellos en el sector, se han animado a dar comienzo con el primer proyector, un proyecto destinado al centro juvenil.&nbsp;<br><\/p>\n\n\n\n<p class=\"has-medium-font-size\">Para este curso se han animado a crear un d\u00eda de convivencia, queriendo juntar en un mismo d\u00eda desde los m\u00e1s peque\u00f1os de preju 1 hasta los mayores de JuB. Contar\u00e1 con juegos, din\u00e1micas y una buena chocolatada.<br><\/p>\n\n\n\n<p class=\"has-medium-font-size\">No lo dudes y el d\u00eda 21 vuelve al centro por navidad!!! JUB-72 te espera para pasar un gran dia de convivencia.<br><\/p>\n\n\n\n<p class=\"has-medium-font-size\">Si a\u00fan no tienes tu inscripci\u00f3n puedes descargarla en el siguiente enlace y apuntarte los dias:<\/p>\n\n\n\n<p class=\"has-medium-font-size\">-Domingo 8 de 17:30 a 18:15 <\/p>\n\n\n\n<p class=\"has-medium-font-size\">-Martes 10 de 17:15 a 19:00<\/p>\n\n\n\n<p class=\"has-medium-font-size\">-Jueves 12 de 17:15 a 19:00<\/p>\n\n\n\n<div class=\"wp-block-file\"><a href=\"https:\/\/www.fededonbosco.org\/villena\/wp-content\/uploads\/sites\/4\/2019\/12\/INSCRIPCI\u00d3N-DEFINITIVA.pdf\">INSCRIPCI\u00d3N-DEFINITIVA<\/a><a href=\"https:\/\/www.fededonbosco.org\/villena\/wp-content\/uploads\/sites\/4\/2019\/12\/INSCRIPCI\u00d3N-DEFINITIVA.pdf\" class=\"wp-block-file__button\" download>Descarga<\/a><\/div>\n\n\n\n\n\n<div class=\"twitter-share\"><a href=\"https:\/\/twitter.com\/intent\/tweet?via=CJDB_Villena\" class=\"twitter-share-button\">Twittear<\/a><\/div>\n","protected":false},"excerpt":{"rendered":"<p>Este a\u00f1o contamos con un nuevo grupo de chicos y chicas que formar\u00e1n parte de uno de nuestros \u00faltimos sectores, JuB-72. Como cada a\u00f1o un sector destinado al crecimiento personal y al trabajo en equipo entre todos sus integrantes.&nbsp; Tras semanas de preparaci\u00f3n propia en los que se han enfatizado valores como el trabajo en [&hellip;]<\/p>\n","protected":false},"author":8,"featured_media":7082,"comment_status":"open","ping_status":"closed","sticky":false,"template":"","format":"standard","meta":{"_et_pb_use_builder":"","_et_pb_old_content":"","_et_gb_content_width":"","footnotes":""},"categories":[182,203],"tags":[],"class_list":["post-7080","post","type-post","status-publish","format-standard","has-post-thumbnail","hentry","category-general-val","category-jub-72"],"yoast_head":"<!-- This site is optimized with the Yoast SEO plugin v27.5 - https:\/\/yoast.com\/product\/yoast-seo-wordpress\/ -->\n<title>Una navidad de pel\u00edcula - Centro Juvenil Don Bosco Villena<\/title>\n<meta name=\"robots\" content=\"index, follow, max-snippet:-1, max-image-preview:large, max-video-preview:-1\" \/>\n<link rel=\"canonical\" href=\"https:\/\/www.fededonbosco.org\/villena\/una-navidad-de-pelicula\/\" \/>\n<meta property=\"og:locale\" content=\"es_ES\" \/>\n<meta property=\"og:type\" content=\"article\" \/>\n<meta property=\"og:title\" content=\"Una navidad de pel\u00edcula - Centro Juvenil Don Bosco Villena\" \/>\n<meta property=\"og:description\" content=\"Este a\u00f1o contamos con un nuevo grupo de chicos y chicas que formar\u00e1n parte de uno de nuestros \u00faltimos sectores, JuB-72. Como cada a\u00f1o un sector destinado al crecimiento personal y al trabajo en equipo entre todos sus integrantes.&nbsp; Tras semanas de preparaci\u00f3n propia en los que se han enfatizado valores como el trabajo en [&hellip;]\" \/>\n<meta property=\"og:url\" content=\"https:\/\/www.fededonbosco.org\/villena\/una-navidad-de-pelicula\/\" \/>\n<meta property=\"og:site_name\" content=\"Centro Juvenil Don Bosco Villena\" \/>\n<meta property=\"article:author\" content=\"https:\/\/www.facebook.com\/cjdbvillena\/\" \/>\n<meta property=\"article:published_time\" content=\"2019-12-08T16:06:25+00:00\" \/>\n<meta property=\"article:modified_time\" content=\"2019-12-08T16:06:26+00:00\" \/>\n<meta property=\"og:image\" content=\"http:\/\/www.fededonbosco.org\/villena\/wp-content\/uploads\/sites\/4\/2019\/10\/photo6006031071172472822.jpg\" \/>\n\t<meta property=\"og:image:width\" content=\"842\" \/>\n\t<meta property=\"og:image:height\" content=\"1191\" \/>\n\t<meta property=\"og:image:type\" content=\"image\/jpeg\" \/>\n<meta name=\"author\" content=\"webcjdb\" \/>\n<meta name=\"twitter:card\" content=\"summary_large_image\" \/>\n<meta name=\"twitter:creator\" content=\"@cjdbvillena\" \/>\n<meta name=\"twitter:label1\" content=\"Escrito por\" \/>\n\t<meta name=\"twitter:data1\" content=\"webcjdb\" \/>\n\t<meta name=\"twitter:label2\" content=\"Tiempo de lectura\" \/>\n\t<meta name=\"twitter:data2\" content=\"1 minuto\" \/>\n<script type=\"application\/ld+json\" class=\"yoast-schema-graph\">{\"@context\":\"https:\\\/\\\/schema.org\",\"@graph\":[{\"@type\":\"Article\",\"@id\":\"https:\\\/\\\/www.fededonbosco.org\\\/villena\\\/una-navidad-de-pelicula\\\/#article\",\"isPartOf\":{\"@id\":\"https:\\\/\\\/www.fededonbosco.org\\\/villena\\\/una-navidad-de-pelicula\\\/\"},\"author\":{\"name\":\"webcjdb\",\"@id\":\"https:\\\/\\\/www.fededonbosco.org\\\/villena\\\/#\\\/schema\\\/person\\\/4da59decd0bb185b3d847ec0fcc2087f\"},\"headline\":\"Una navidad de pel\u00edcula\",\"datePublished\":\"2019-12-08T16:06:25+00:00\",\"dateModified\":\"2019-12-08T16:06:26+00:00\",\"mainEntityOfPage\":{\"@id\":\"https:\\\/\\\/www.fededonbosco.org\\\/villena\\\/una-navidad-de-pelicula\\\/\"},\"wordCount\":196,\"commentCount\":0,\"image\":{\"@id\":\"https:\\\/\\\/www.fededonbosco.org\\\/villena\\\/una-navidad-de-pelicula\\\/#primaryimage\"},\"thumbnailUrl\":\"https:\\\/\\\/www.fededonbosco.org\\\/villena\\\/wp-content\\\/uploads\\\/sites\\\/4\\\/2019\\\/10\\\/photo6006031071172472822.jpg\",\"articleSection\":[\"General\",\"JuB-72\"],\"inLanguage\":\"es\",\"potentialAction\":[{\"@type\":\"CommentAction\",\"name\":\"Comment\",\"target\":[\"https:\\\/\\\/www.fededonbosco.org\\\/villena\\\/una-navidad-de-pelicula\\\/#respond\"]}]},{\"@type\":\"WebPage\",\"@id\":\"https:\\\/\\\/www.fededonbosco.org\\\/villena\\\/una-navidad-de-pelicula\\\/\",\"url\":\"https:\\\/\\\/www.fededonbosco.org\\\/villena\\\/una-navidad-de-pelicula\\\/\",\"name\":\"Una navidad de pel\u00edcula - Centro Juvenil Don Bosco Villena\",\"isPartOf\":{\"@id\":\"https:\\\/\\\/www.fededonbosco.org\\\/villena\\\/#website\"},\"primaryImageOfPage\":{\"@id\":\"https:\\\/\\\/www.fededonbosco.org\\\/villena\\\/una-navidad-de-pelicula\\\/#primaryimage\"},\"image\":{\"@id\":\"https:\\\/\\\/www.fededonbosco.org\\\/villena\\\/una-navidad-de-pelicula\\\/#primaryimage\"},\"thumbnailUrl\":\"https:\\\/\\\/www.fededonbosco.org\\\/villena\\\/wp-content\\\/uploads\\\/sites\\\/4\\\/2019\\\/10\\\/photo6006031071172472822.jpg\",\"datePublished\":\"2019-12-08T16:06:25+00:00\",\"dateModified\":\"2019-12-08T16:06:26+00:00\",\"author\":{\"@id\":\"https:\\\/\\\/www.fededonbosco.org\\\/villena\\\/#\\\/schema\\\/person\\\/4da59decd0bb185b3d847ec0fcc2087f\"},\"breadcrumb\":{\"@id\":\"https:\\\/\\\/www.fededonbosco.org\\\/villena\\\/una-navidad-de-pelicula\\\/#breadcrumb\"},\"inLanguage\":\"es\",\"potentialAction\":[{\"@type\":\"ReadAction\",\"target\":[\"https:\\\/\\\/www.fededonbosco.org\\\/villena\\\/una-navidad-de-pelicula\\\/\"]}]},{\"@type\":\"ImageObject\",\"inLanguage\":\"es\",\"@id\":\"https:\\\/\\\/www.fededonbosco.org\\\/villena\\\/una-navidad-de-pelicula\\\/#primaryimage\",\"url\":\"https:\\\/\\\/www.fededonbosco.org\\\/villena\\\/wp-content\\\/uploads\\\/sites\\\/4\\\/2019\\\/10\\\/photo6006031071172472822.jpg\",\"contentUrl\":\"https:\\\/\\\/www.fededonbosco.org\\\/villena\\\/wp-content\\\/uploads\\\/sites\\\/4\\\/2019\\\/10\\\/photo6006031071172472822.jpg\",\"width\":842,\"height\":1191},{\"@type\":\"BreadcrumbList\",\"@id\":\"https:\\\/\\\/www.fededonbosco.org\\\/villena\\\/una-navidad-de-pelicula\\\/#breadcrumb\",\"itemListElement\":[{\"@type\":\"ListItem\",\"position\":1,\"name\":\"Portada\",\"item\":\"https:\\\/\\\/www.fededonbosco.org\\\/villena\\\/\"},{\"@type\":\"ListItem\",\"position\":2,\"name\":\"Una navidad de pel\u00edcula\"}]},{\"@type\":\"WebSite\",\"@id\":\"https:\\\/\\\/www.fededonbosco.org\\\/villena\\\/#website\",\"url\":\"https:\\\/\\\/www.fededonbosco.org\\\/villena\\\/\",\"name\":\"Centro Juvenil Don Bosco Villena\",\"description\":\"Pagina oficial del Centro Juvenil Don Bosco\",\"potentialAction\":[{\"@type\":\"SearchAction\",\"target\":{\"@type\":\"EntryPoint\",\"urlTemplate\":\"https:\\\/\\\/www.fededonbosco.org\\\/villena\\\/?s={search_term_string}\"},\"query-input\":{\"@type\":\"PropertyValueSpecification\",\"valueRequired\":true,\"valueName\":\"search_term_string\"}}],\"inLanguage\":\"es\"},{\"@type\":\"Person\",\"@id\":\"https:\\\/\\\/www.fededonbosco.org\\\/villena\\\/#\\\/schema\\\/person\\\/4da59decd0bb185b3d847ec0fcc2087f\",\"name\":\"webcjdb\",\"image\":{\"@type\":\"ImageObject\",\"inLanguage\":\"es\",\"@id\":\"https:\\\/\\\/secure.gravatar.com\\\/avatar\\\/6772807857fdc35dc1c918927bb1613843f3ac8f8acb9aaafd3f600c1ccfa3ac?s=96&d=identicon&r=g\",\"url\":\"https:\\\/\\\/secure.gravatar.com\\\/avatar\\\/6772807857fdc35dc1c918927bb1613843f3ac8f8acb9aaafd3f600c1ccfa3ac?s=96&d=identicon&r=g\",\"contentUrl\":\"https:\\\/\\\/secure.gravatar.com\\\/avatar\\\/6772807857fdc35dc1c918927bb1613843f3ac8f8acb9aaafd3f600c1ccfa3ac?s=96&d=identicon&r=g\",\"caption\":\"webcjdb\"},\"sameAs\":[\"https:\\\/\\\/www.facebook.com\\\/cjdbvillena\\\/\",\"https:\\\/\\\/www.instagram.com\\\/cjdbvillena\\\/?hl=es\",\"https:\\\/\\\/x.com\\\/cjdbvillena\"],\"url\":\"https:\\\/\\\/www.fededonbosco.org\\\/villena\\\/author\\\/webcjdb\\\/\"}]}<\/script>\n<!-- \/ Yoast SEO plugin. -->","yoast_head_json":{"title":"Una navidad de pel\u00edcula - Centro Juvenil Don Bosco Villena","robots":{"index":"index","follow":"follow","max-snippet":"max-snippet:-1","max-image-preview":"max-image-preview:large","max-video-preview":"max-video-preview:-1"},"canonical":"https:\/\/www.fededonbosco.org\/villena\/una-navidad-de-pelicula\/","og_locale":"es_ES","og_type":"article","og_title":"Una navidad de pel\u00edcula - Centro Juvenil Don Bosco Villena","og_description":"Este a\u00f1o contamos con un nuevo grupo de chicos y chicas que formar\u00e1n parte de uno de nuestros \u00faltimos sectores, JuB-72. Como cada a\u00f1o un sector destinado al crecimiento personal y al trabajo en equipo entre todos sus integrantes.&nbsp; Tras semanas de preparaci\u00f3n propia en los que se han enfatizado valores como el trabajo en [&hellip;]","og_url":"https:\/\/www.fededonbosco.org\/villena\/una-navidad-de-pelicula\/","og_site_name":"Centro Juvenil Don Bosco Villena","article_author":"https:\/\/www.facebook.com\/cjdbvillena\/","article_published_time":"2019-12-08T16:06:25+00:00","article_modified_time":"2019-12-08T16:06:26+00:00","og_image":[{"width":842,"height":1191,"url":"http:\/\/www.fededonbosco.org\/villena\/wp-content\/uploads\/sites\/4\/2019\/10\/photo6006031071172472822.jpg","type":"image\/jpeg"}],"author":"webcjdb","twitter_card":"summary_large_image","twitter_creator":"@cjdbvillena","twitter_misc":{"Escrito por":"webcjdb","Tiempo de lectura":"1 minuto"},"schema":{"@context":"https:\/\/schema.org","@graph":[{"@type":"Article","@id":"https:\/\/www.fededonbosco.org\/villena\/una-navidad-de-pelicula\/#article","isPartOf":{"@id":"https:\/\/www.fededonbosco.org\/villena\/una-navidad-de-pelicula\/"},"author":{"name":"webcjdb","@id":"https:\/\/www.fededonbosco.org\/villena\/#\/schema\/person\/4da59decd0bb185b3d847ec0fcc2087f"},"headline":"Una navidad de pel\u00edcula","datePublished":"2019-12-08T16:06:25+00:00","dateModified":"2019-12-08T16:06:26+00:00","mainEntityOfPage":{"@id":"https:\/\/www.fededonbosco.org\/villena\/una-navidad-de-pelicula\/"},"wordCount":196,"commentCount":0,"image":{"@id":"https:\/\/www.fededonbosco.org\/villena\/una-navidad-de-pelicula\/#primaryimage"},"thumbnailUrl":"https:\/\/www.fededonbosco.org\/villena\/wp-content\/uploads\/sites\/4\/2019\/10\/photo6006031071172472822.jpg","articleSection":["General","JuB-72"],"inLanguage":"es","potentialAction":[{"@type":"CommentAction","name":"Comment","target":["https:\/\/www.fededonbosco.org\/villena\/una-navidad-de-pelicula\/#respond"]}]},{"@type":"WebPage","@id":"https:\/\/www.fededonbosco.org\/villena\/una-navidad-de-pelicula\/","url":"https:\/\/www.fededonbosco.org\/villena\/una-navidad-de-pelicula\/","name":"Una navidad de pel\u00edcula - Centro Juvenil Don Bosco Villena","isPartOf":{"@id":"https:\/\/www.fededonbosco.org\/villena\/#website"},"primaryImageOfPage":{"@id":"https:\/\/www.fededonbosco.org\/villena\/una-navidad-de-pelicula\/#primaryimage"},"image":{"@id":"https:\/\/www.fededonbosco.org\/villena\/una-navidad-de-pelicula\/#primaryimage"},"thumbnailUrl":"https:\/\/www.fededonbosco.org\/villena\/wp-content\/uploads\/sites\/4\/2019\/10\/photo6006031071172472822.jpg","datePublished":"2019-12-08T16:06:25+00:00","dateModified":"2019-12-08T16:06:26+00:00","author":{"@id":"https:\/\/www.fededonbosco.org\/villena\/#\/schema\/person\/4da59decd0bb185b3d847ec0fcc2087f"},"breadcrumb":{"@id":"https:\/\/www.fededonbosco.org\/villena\/una-navidad-de-pelicula\/#breadcrumb"},"inLanguage":"es","potentialAction":[{"@type":"ReadAction","target":["https:\/\/www.fededonbosco.org\/villena\/una-navidad-de-pelicula\/"]}]},{"@type":"ImageObject","inLanguage":"es","@id":"https:\/\/www.fededonbosco.org\/villena\/una-navidad-de-pelicula\/#primaryimage","url":"https:\/\/www.fededonbosco.org\/villena\/wp-content\/uploads\/sites\/4\/2019\/10\/photo6006031071172472822.jpg","contentUrl":"https:\/\/www.fededonbosco.org\/villena\/wp-content\/uploads\/sites\/4\/2019\/10\/photo6006031071172472822.jpg","width":842,"height":1191},{"@type":"BreadcrumbList","@id":"https:\/\/www.fededonbosco.org\/villena\/una-navidad-de-pelicula\/#breadcrumb","itemListElement":[{"@type":"ListItem","position":1,"name":"Portada","item":"https:\/\/www.fededonbosco.org\/villena\/"},{"@type":"ListItem","position":2,"name":"Una navidad de pel\u00edcula"}]},{"@type":"WebSite","@id":"https:\/\/www.fededonbosco.org\/villena\/#website","url":"https:\/\/www.fededonbosco.org\/villena\/","name":"Centro Juvenil Don Bosco Villena","description":"Pagina oficial del Centro Juvenil Don Bosco","potentialAction":[{"@type":"SearchAction","target":{"@type":"EntryPoint","urlTemplate":"https:\/\/www.fededonbosco.org\/villena\/?s={search_term_string}"},"query-input":{"@type":"PropertyValueSpecification","valueRequired":true,"valueName":"search_term_string"}}],"inLanguage":"es"},{"@type":"Person","@id":"https:\/\/www.fededonbosco.org\/villena\/#\/schema\/person\/4da59decd0bb185b3d847ec0fcc2087f","name":"webcjdb","image":{"@type":"ImageObject","inLanguage":"es","@id":"https:\/\/secure.gravatar.com\/avatar\/6772807857fdc35dc1c918927bb1613843f3ac8f8acb9aaafd3f600c1ccfa3ac?s=96&d=identicon&r=g","url":"https:\/\/secure.gravatar.com\/avatar\/6772807857fdc35dc1c918927bb1613843f3ac8f8acb9aaafd3f600c1ccfa3ac?s=96&d=identicon&r=g","contentUrl":"https:\/\/secure.gravatar.com\/avatar\/6772807857fdc35dc1c918927bb1613843f3ac8f8acb9aaafd3f600c1ccfa3ac?s=96&d=identicon&r=g","caption":"webcjdb"},"sameAs":["https:\/\/www.facebook.com\/cjdbvillena\/","https:\/\/www.instagram.com\/cjdbvillena\/?hl=es","https:\/\/x.com\/cjdbvillena"],"url":"https:\/\/www.fededonbosco.org\/villena\/author\/webcjdb\/"}]}},"_links":{"self":[{"href":"https:\/\/www.fededonbosco.org\/villena\/wp-json\/wp\/v2\/posts\/7080","targetHints":{"allow":["GET"]}}],"collection":[{"href":"https:\/\/www.fededonbosco.org\/villena\/wp-json\/wp\/v2\/posts"}],"about":[{"href":"https:\/\/www.fededonbosco.org\/villena\/wp-json\/wp\/v2\/types\/post"}],"author":[{"embeddable":true,"href":"https:\/\/www.fededonbosco.org\/villena\/wp-json\/wp\/v2\/users\/8"}],"replies":[{"embeddable":true,"href":"https:\/\/www.fededonbosco.org\/villena\/wp-json\/wp\/v2\/comments?post=7080"}],"version-history":[{"count":4,"href":"https:\/\/www.fededonbosco.org\/villena\/wp-json\/wp\/v2\/posts\/7080\/revisions"}],"predecessor-version":[{"id":7086,"href":"https:\/\/www.fededonbosco.org\/villena\/wp-json\/wp\/v2\/posts\/7080\/revisions\/7086"}],"wp:featuredmedia":[{"embeddable":true,"href":"https:\/\/www.fededonbosco.org\/villena\/wp-json\/wp\/v2\/media\/7082"}],"wp:attachment":[{"href":"https:\/\/www.fededonbosco.org\/villena\/wp-json\/wp\/v2\/media?parent=7080"}],"wp:term":[{"taxonomy":"category","embeddable":true,"href":"https:\/\/www.fededonbosco.org\/villena\/wp-json\/wp\/v2\/categories?post=7080"},{"taxonomy":"post_tag","embeddable":true,"href":"https:\/\/www.fededonbosco.org\/villena\/wp-json\/wp\/v2\/tags?post=7080"}],"curies":[{"name":"wp","href":"https:\/\/api.w.org\/{rel}","templated":true}]}}