{"id":7087,"date":"2020-02-26T22:15:19","date_gmt":"2020-02-26T21:15:19","guid":{"rendered":"https:\/\/www.fededonbosco.org\/villena\/?p=7087"},"modified":"2020-02-26T22:15:20","modified_gmt":"2020-02-26T21:15:20","slug":"campamento-el-xalio-2020","status":"publish","type":"post","link":"https:\/\/www.fededonbosco.org\/villena\/campamento-el-xalio-2020\/","title":{"rendered":"Campamento EL Xali\u00f3 2020"},"content":{"rendered":"<div id=\"fb-root\"><\/div>\n\n<p class=\"has-medium-font-size wp-block-paragraph\"> Padres y Madres del centro juvenil, este a\u00f1o al cambiar de albergue para el campamento de verano, os informamos de todos los pasos para que ning\u00fan destinatarix se quede sin esta gran aventura. <\/p>\n\n\n\n<p class=\"has-medium-font-size wp-block-paragraph\"><strong>M\u00e9todo de inscripci\u00f3n <\/strong><\/p>\n\n\n\n<p class=\"has-medium-font-size wp-block-paragraph\"><strong>1.<\/strong> En primer lugar es necesario que rellenen el formulario que podr\u00e1n encontrar en el siguiente enlace:   <\/p>\n\n\n\n<p class=\"has-medium-font-size wp-block-paragraph\"><a rel=\"noreferrer noopener\" href=\"https:\/\/forms.gle\/DHoCTWFZ26ChTbmp8\" target=\"_blank\">https:\/\/forms.gle\/DHoCTWFZ26ChTbmp8<\/a> <\/p>\n\n\n\n<p class=\"has-medium-font-size wp-block-paragraph\"> Deben tener en cuenta que el <strong>\u00faltimo d\u00eda<\/strong> para completar el formulario es el lunes, <strong>9 de marzo de 2020 <\/strong><\/p>\n\n\n\n<p class=\"has-medium-font-size wp-block-paragraph\"><strong> 2.<\/strong> El <strong>martes 10 de Marzo de 2020<\/strong> tendr\u00e1 lugar la<strong> preinscripci\u00f3n<\/strong> en el Colegio M\u00aa Auxiliadora a las<strong> 20:30h<\/strong> <\/p>\n\n\n\n<p class=\"has-medium-font-size wp-block-paragraph\"> Para formalizar la preinscripci\u00f3n se deber\u00e1 hacer un <strong>primer pago<\/strong> de 95\u20ac. La <strong>fecha m\u00e1xima<\/strong> para este ser\u00e1 el martes <strong>31 de marzo de 2020<\/strong> <\/p>\n\n\n\n<div class=\"wp-block-group\"><div class=\"wp-block-group__inner-container is-layout-flow wp-block-group-is-layout-flow\">\n<p class=\"has-medium-font-size wp-block-paragraph\">-Realizaci\u00f3n de un <strong>segundo de pago de 100\u20ac<\/strong> Fecha m\u00e1xima: <strong>jueves 30 de abril de 2020<\/strong> <\/p>\n\n\n\n<p class=\"has-medium-font-size wp-block-paragraph\">-Realizaci\u00f3n de un <strong>tercer de pago de 100\u20ac<\/strong> Fecha m\u00e1xima: <strong>domingo 31 de mayo de 2020 <\/strong><\/p>\n\n\n\n<p class=\"has-medium-font-size wp-block-paragraph\">-Realizaci\u00f3n de un <strong>\u00faltimo de pago de 100\u20ac<\/strong> Fecha m\u00e1xima: <strong>martes 30 de junio de 2020 <\/strong><\/p>\n<\/div><\/div>\n\n\n\n<p class=\"has-medium-font-size wp-block-paragraph\"> <strong>M\u00e9todo de pago<\/strong> <\/p>\n\n\n\n<p class=\"has-medium-font-size wp-block-paragraph\">El ingreso del dinero puedes hacerlo, en la oficina de \u201c<strong>LA CAIXA<\/strong>\u201d o por trasferencia bancaria, al siguiente n\u00famero de cuenta: <strong>ES22 2100 2291 75 0100285395<\/strong>; indicando el <strong>nombre y primer apellido del destinatario o destinataria y su curso escolar.<\/strong> <\/p>\n\n\n\n<p class=\"has-medium-font-size wp-block-paragraph\">El pago puede hacerse de<strong> forma fraccionad<\/strong>a dentro de los plazos mencionados o de <strong>forma \u00edntegra<\/strong> cumpliendo estos mismos. <\/p>\n\n\n\n<p class=\"has-medium-font-size wp-block-paragraph\">Si se diera el caso de que el interesado o interesada, tras la preinscripci\u00f3n del 10 de marzo, no puede asistir al campamento, debe avisar cuanto antes a las personas responsables del centro juvenil para que le den de baja y dejar la plaza libre para el resto de personas interesadas.  <\/p>\n\n\n\n<p class=\"has-medium-font-size wp-block-paragraph\">Os esperamos <\/p>\n\n\n\n<div class=\"wp-block-image is-style-circle-mask\"><figure class=\"alignright size-thumbnail\"><img loading=\"lazy\" decoding=\"async\" width=\"150\" height=\"150\" src=\"https:\/\/www.fededonbosco.org\/villena\/wp-content\/uploads\/sites\/4\/2018\/10\/Sin-t\u00edtulo-1-150x150.jpg\" alt=\"\" class=\"wp-image-6207\" \/><\/figure><\/div>\n\n<div class=\"twitter-share\"><a href=\"https:\/\/twitter.com\/intent\/tweet?via=CJDB_Villena\" class=\"twitter-share-button\">Twittear<\/a><\/div>\n","protected":false},"excerpt":{"rendered":"<p>Padres y Madres del centro juvenil, este a\u00f1o al cambiar de albergue para el campamento de verano, os informamos de todos los pasos para que ning\u00fan destinatarix se quede sin esta gran aventura. M\u00e9todo de inscripci\u00f3n 1. En primer lugar es necesario que rellenen el formulario que podr\u00e1n encontrar en el siguiente enlace: https:\/\/forms.gle\/DHoCTWFZ26ChTbmp8 Deben [&hellip;]<\/p>\n","protected":false},"author":8,"featured_media":7088,"comment_status":"open","ping_status":"closed","sticky":false,"template":"","format":"standard","meta":{"_et_pb_use_builder":"","_et_pb_old_content":"","_et_gb_content_width":"","footnotes":""},"categories":[182],"tags":[],"class_list":["post-7087","post","type-post","status-publish","format-standard","has-post-thumbnail","hentry","category-general-val"],"yoast_head":"<!-- This site is optimized with the Yoast SEO plugin v28.3 - https:\/\/yoast.com\/product\/yoast-seo-wordpress\/ -->\n<title>Campamento EL Xali\u00f3 2020 - Centro Juvenil Don Bosco Villena<\/title>\n<meta name=\"robots\" content=\"index, follow, max-snippet:-1, max-image-preview:large, max-video-preview:-1\" \/>\n<link rel=\"canonical\" href=\"https:\/\/www.fededonbosco.org\/villena\/campamento-el-xalio-2020\/\" \/>\n<meta property=\"og:locale\" content=\"es_ES\" \/>\n<meta property=\"og:type\" content=\"article\" \/>\n<meta property=\"og:title\" content=\"Campamento EL Xali\u00f3 2020 - Centro Juvenil Don Bosco Villena\" \/>\n<meta property=\"og:description\" content=\"Padres y Madres del centro juvenil, este a\u00f1o al cambiar de albergue para el campamento de verano, os informamos de todos los pasos para que ning\u00fan destinatarix se quede sin esta gran aventura. M\u00e9todo de inscripci\u00f3n 1. En primer lugar es necesario que rellenen el formulario que podr\u00e1n encontrar en el siguiente enlace: https:\/\/forms.gle\/DHoCTWFZ26ChTbmp8 Deben [&hellip;]\" \/>\n<meta property=\"og:url\" content=\"https:\/\/www.fededonbosco.org\/villena\/campamento-el-xalio-2020\/\" \/>\n<meta property=\"og:site_name\" content=\"Centro Juvenil Don Bosco Villena\" \/>\n<meta property=\"article:author\" content=\"https:\/\/www.facebook.com\/cjdbvillena\/\" \/>\n<meta property=\"article:published_time\" content=\"2020-02-26T21:15:19+00:00\" \/>\n<meta property=\"article:modified_time\" content=\"2020-02-26T21:15:20+00:00\" \/>\n<meta property=\"og:image\" content=\"https:\/\/www.fededonbosco.org\/villena\/wp-content\/uploads\/sites\/4\/2019\/10\/01Xalio1-2.jpg\" \/>\n\t<meta property=\"og:image:width\" content=\"900\" \/>\n\t<meta property=\"og:image:height\" content=\"675\" \/>\n\t<meta property=\"og:image:type\" content=\"image\/jpeg\" \/>\n<meta name=\"author\" content=\"webcjdb\" \/>\n<meta name=\"twitter:card\" content=\"summary_large_image\" \/>\n<meta name=\"twitter:creator\" content=\"@cjdbvillena\" \/>\n<meta name=\"twitter:label1\" content=\"Escrito por\" \/>\n\t<meta name=\"twitter:data1\" content=\"webcjdb\" \/>\n\t<meta name=\"twitter:label2\" content=\"Tiempo de lectura\" \/>\n\t<meta name=\"twitter:data2\" content=\"1 minuto\" \/>\n<script type=\"application\/ld+json\" class=\"yoast-schema-graph\">{\"@context\":\"https:\\\/\\\/schema.org\",\"@graph\":[{\"@type\":\"Article\",\"@id\":\"https:\\\/\\\/www.fededonbosco.org\\\/villena\\\/campamento-el-xalio-2020\\\/#article\",\"isPartOf\":{\"@id\":\"https:\\\/\\\/www.fededonbosco.org\\\/villena\\\/campamento-el-xalio-2020\\\/\"},\"author\":{\"name\":\"webcjdb\",\"@id\":\"https:\\\/\\\/www.fededonbosco.org\\\/villena\\\/#\\\/schema\\\/person\\\/4da59decd0bb185b3d847ec0fcc2087f\"},\"headline\":\"Campamento EL Xali\u00f3 2020\",\"datePublished\":\"2020-02-26T21:15:19+00:00\",\"dateModified\":\"2020-02-26T21:15:20+00:00\",\"mainEntityOfPage\":{\"@id\":\"https:\\\/\\\/www.fededonbosco.org\\\/villena\\\/campamento-el-xalio-2020\\\/\"},\"wordCount\":284,\"commentCount\":0,\"image\":{\"@id\":\"https:\\\/\\\/www.fededonbosco.org\\\/villena\\\/campamento-el-xalio-2020\\\/#primaryimage\"},\"thumbnailUrl\":\"https:\\\/\\\/www.fededonbosco.org\\\/villena\\\/wp-content\\\/uploads\\\/sites\\\/4\\\/2019\\\/10\\\/01Xalio1-2.jpg\",\"articleSection\":[\"General\"],\"inLanguage\":\"es\",\"potentialAction\":[{\"@type\":\"CommentAction\",\"name\":\"Comment\",\"target\":[\"https:\\\/\\\/www.fededonbosco.org\\\/villena\\\/campamento-el-xalio-2020\\\/#respond\"]}]},{\"@type\":\"WebPage\",\"@id\":\"https:\\\/\\\/www.fededonbosco.org\\\/villena\\\/campamento-el-xalio-2020\\\/\",\"url\":\"https:\\\/\\\/www.fededonbosco.org\\\/villena\\\/campamento-el-xalio-2020\\\/\",\"name\":\"Campamento EL Xali\u00f3 2020 - Centro Juvenil Don Bosco Villena\",\"isPartOf\":{\"@id\":\"https:\\\/\\\/www.fededonbosco.org\\\/villena\\\/#website\"},\"primaryImageOfPage\":{\"@id\":\"https:\\\/\\\/www.fededonbosco.org\\\/villena\\\/campamento-el-xalio-2020\\\/#primaryimage\"},\"image\":{\"@id\":\"https:\\\/\\\/www.fededonbosco.org\\\/villena\\\/campamento-el-xalio-2020\\\/#primaryimage\"},\"thumbnailUrl\":\"https:\\\/\\\/www.fededonbosco.org\\\/villena\\\/wp-content\\\/uploads\\\/sites\\\/4\\\/2019\\\/10\\\/01Xalio1-2.jpg\",\"datePublished\":\"2020-02-26T21:15:19+00:00\",\"dateModified\":\"2020-02-26T21:15:20+00:00\",\"author\":{\"@id\":\"https:\\\/\\\/www.fededonbosco.org\\\/villena\\\/#\\\/schema\\\/person\\\/4da59decd0bb185b3d847ec0fcc2087f\"},\"breadcrumb\":{\"@id\":\"https:\\\/\\\/www.fededonbosco.org\\\/villena\\\/campamento-el-xalio-2020\\\/#breadcrumb\"},\"inLanguage\":\"es\",\"potentialAction\":[{\"@type\":\"ReadAction\",\"target\":[\"https:\\\/\\\/www.fededonbosco.org\\\/villena\\\/campamento-el-xalio-2020\\\/\"]}]},{\"@type\":\"ImageObject\",\"inLanguage\":\"es\",\"@id\":\"https:\\\/\\\/www.fededonbosco.org\\\/villena\\\/campamento-el-xalio-2020\\\/#primaryimage\",\"url\":\"https:\\\/\\\/www.fededonbosco.org\\\/villena\\\/wp-content\\\/uploads\\\/sites\\\/4\\\/2019\\\/10\\\/01Xalio1-2.jpg\",\"contentUrl\":\"https:\\\/\\\/www.fededonbosco.org\\\/villena\\\/wp-content\\\/uploads\\\/sites\\\/4\\\/2019\\\/10\\\/01Xalio1-2.jpg\",\"width\":900,\"height\":675},{\"@type\":\"BreadcrumbList\",\"@id\":\"https:\\\/\\\/www.fededonbosco.org\\\/villena\\\/campamento-el-xalio-2020\\\/#breadcrumb\",\"itemListElement\":[{\"@type\":\"ListItem\",\"position\":1,\"name\":\"Portada\",\"item\":\"https:\\\/\\\/www.fededonbosco.org\\\/villena\\\/\"},{\"@type\":\"ListItem\",\"position\":2,\"name\":\"Campamento EL Xali\u00f3 2020\"}]},{\"@type\":\"WebSite\",\"@id\":\"https:\\\/\\\/www.fededonbosco.org\\\/villena\\\/#website\",\"url\":\"https:\\\/\\\/www.fededonbosco.org\\\/villena\\\/\",\"name\":\"Centro Juvenil Don Bosco Villena\",\"description\":\"Pagina oficial del Centro Juvenil Don Bosco\",\"potentialAction\":[{\"@type\":\"SearchAction\",\"target\":{\"@type\":\"EntryPoint\",\"urlTemplate\":\"https:\\\/\\\/www.fededonbosco.org\\\/villena\\\/?s={search_term_string}\"},\"query-input\":{\"@type\":\"PropertyValueSpecification\",\"valueRequired\":true,\"valueName\":\"search_term_string\"}}],\"inLanguage\":\"es\"},{\"@type\":\"Person\",\"@id\":\"https:\\\/\\\/www.fededonbosco.org\\\/villena\\\/#\\\/schema\\\/person\\\/4da59decd0bb185b3d847ec0fcc2087f\",\"name\":\"webcjdb\",\"image\":{\"@type\":\"ImageObject\",\"inLanguage\":\"es\",\"@id\":\"https:\\\/\\\/secure.gravatar.com\\\/avatar\\\/6772807857fdc35dc1c918927bb1613843f3ac8f8acb9aaafd3f600c1ccfa3ac?s=96&d=identicon&r=g\",\"url\":\"https:\\\/\\\/secure.gravatar.com\\\/avatar\\\/6772807857fdc35dc1c918927bb1613843f3ac8f8acb9aaafd3f600c1ccfa3ac?s=96&d=identicon&r=g\",\"contentUrl\":\"https:\\\/\\\/secure.gravatar.com\\\/avatar\\\/6772807857fdc35dc1c918927bb1613843f3ac8f8acb9aaafd3f600c1ccfa3ac?s=96&d=identicon&r=g\",\"caption\":\"webcjdb\"},\"sameAs\":[\"https:\\\/\\\/www.facebook.com\\\/cjdbvillena\\\/\",\"https:\\\/\\\/www.instagram.com\\\/cjdbvillena\\\/?hl=es\",\"https:\\\/\\\/x.com\\\/cjdbvillena\"],\"url\":\"https:\\\/\\\/www.fededonbosco.org\\\/villena\\\/author\\\/webcjdb\\\/\"}]}<\/script>\n<!-- \/ Yoast SEO plugin. -->","yoast_head_json":{"title":"Campamento EL Xali\u00f3 2020 - Centro Juvenil Don Bosco Villena","robots":{"index":"index","follow":"follow","max-snippet":"max-snippet:-1","max-image-preview":"max-image-preview:large","max-video-preview":"max-video-preview:-1"},"canonical":"https:\/\/www.fededonbosco.org\/villena\/campamento-el-xalio-2020\/","og_locale":"es_ES","og_type":"article","og_title":"Campamento EL Xali\u00f3 2020 - Centro Juvenil Don Bosco Villena","og_description":"Padres y Madres del centro juvenil, este a\u00f1o al cambiar de albergue para el campamento de verano, os informamos de todos los pasos para que ning\u00fan destinatarix se quede sin esta gran aventura. M\u00e9todo de inscripci\u00f3n 1. En primer lugar es necesario que rellenen el formulario que podr\u00e1n encontrar en el siguiente enlace: https:\/\/forms.gle\/DHoCTWFZ26ChTbmp8 Deben [&hellip;]","og_url":"https:\/\/www.fededonbosco.org\/villena\/campamento-el-xalio-2020\/","og_site_name":"Centro Juvenil Don Bosco Villena","article_author":"https:\/\/www.facebook.com\/cjdbvillena\/","article_published_time":"2020-02-26T21:15:19+00:00","article_modified_time":"2020-02-26T21:15:20+00:00","og_image":[{"width":900,"height":675,"url":"https:\/\/www.fededonbosco.org\/villena\/wp-content\/uploads\/sites\/4\/2019\/10\/01Xalio1-2.jpg","type":"image\/jpeg"}],"author":"webcjdb","twitter_card":"summary_large_image","twitter_creator":"@cjdbvillena","twitter_misc":{"Escrito por":"webcjdb","Tiempo de lectura":"1 minuto"},"schema":{"@context":"https:\/\/schema.org","@graph":[{"@type":"Article","@id":"https:\/\/www.fededonbosco.org\/villena\/campamento-el-xalio-2020\/#article","isPartOf":{"@id":"https:\/\/www.fededonbosco.org\/villena\/campamento-el-xalio-2020\/"},"author":{"name":"webcjdb","@id":"https:\/\/www.fededonbosco.org\/villena\/#\/schema\/person\/4da59decd0bb185b3d847ec0fcc2087f"},"headline":"Campamento EL Xali\u00f3 2020","datePublished":"2020-02-26T21:15:19+00:00","dateModified":"2020-02-26T21:15:20+00:00","mainEntityOfPage":{"@id":"https:\/\/www.fededonbosco.org\/villena\/campamento-el-xalio-2020\/"},"wordCount":284,"commentCount":0,"image":{"@id":"https:\/\/www.fededonbosco.org\/villena\/campamento-el-xalio-2020\/#primaryimage"},"thumbnailUrl":"https:\/\/www.fededonbosco.org\/villena\/wp-content\/uploads\/sites\/4\/2019\/10\/01Xalio1-2.jpg","articleSection":["General"],"inLanguage":"es","potentialAction":[{"@type":"CommentAction","name":"Comment","target":["https:\/\/www.fededonbosco.org\/villena\/campamento-el-xalio-2020\/#respond"]}]},{"@type":"WebPage","@id":"https:\/\/www.fededonbosco.org\/villena\/campamento-el-xalio-2020\/","url":"https:\/\/www.fededonbosco.org\/villena\/campamento-el-xalio-2020\/","name":"Campamento EL Xali\u00f3 2020 - Centro Juvenil Don Bosco Villena","isPartOf":{"@id":"https:\/\/www.fededonbosco.org\/villena\/#website"},"primaryImageOfPage":{"@id":"https:\/\/www.fededonbosco.org\/villena\/campamento-el-xalio-2020\/#primaryimage"},"image":{"@id":"https:\/\/www.fededonbosco.org\/villena\/campamento-el-xalio-2020\/#primaryimage"},"thumbnailUrl":"https:\/\/www.fededonbosco.org\/villena\/wp-content\/uploads\/sites\/4\/2019\/10\/01Xalio1-2.jpg","datePublished":"2020-02-26T21:15:19+00:00","dateModified":"2020-02-26T21:15:20+00:00","author":{"@id":"https:\/\/www.fededonbosco.org\/villena\/#\/schema\/person\/4da59decd0bb185b3d847ec0fcc2087f"},"breadcrumb":{"@id":"https:\/\/www.fededonbosco.org\/villena\/campamento-el-xalio-2020\/#breadcrumb"},"inLanguage":"es","potentialAction":[{"@type":"ReadAction","target":["https:\/\/www.fededonbosco.org\/villena\/campamento-el-xalio-2020\/"]}]},{"@type":"ImageObject","inLanguage":"es","@id":"https:\/\/www.fededonbosco.org\/villena\/campamento-el-xalio-2020\/#primaryimage","url":"https:\/\/www.fededonbosco.org\/villena\/wp-content\/uploads\/sites\/4\/2019\/10\/01Xalio1-2.jpg","contentUrl":"https:\/\/www.fededonbosco.org\/villena\/wp-content\/uploads\/sites\/4\/2019\/10\/01Xalio1-2.jpg","width":900,"height":675},{"@type":"BreadcrumbList","@id":"https:\/\/www.fededonbosco.org\/villena\/campamento-el-xalio-2020\/#breadcrumb","itemListElement":[{"@type":"ListItem","position":1,"name":"Portada","item":"https:\/\/www.fededonbosco.org\/villena\/"},{"@type":"ListItem","position":2,"name":"Campamento EL Xali\u00f3 2020"}]},{"@type":"WebSite","@id":"https:\/\/www.fededonbosco.org\/villena\/#website","url":"https:\/\/www.fededonbosco.org\/villena\/","name":"Centro Juvenil Don Bosco Villena","description":"Pagina oficial del Centro Juvenil Don Bosco","potentialAction":[{"@type":"SearchAction","target":{"@type":"EntryPoint","urlTemplate":"https:\/\/www.fededonbosco.org\/villena\/?s={search_term_string}"},"query-input":{"@type":"PropertyValueSpecification","valueRequired":true,"valueName":"search_term_string"}}],"inLanguage":"es"},{"@type":"Person","@id":"https:\/\/www.fededonbosco.org\/villena\/#\/schema\/person\/4da59decd0bb185b3d847ec0fcc2087f","name":"webcjdb","image":{"@type":"ImageObject","inLanguage":"es","@id":"https:\/\/secure.gravatar.com\/avatar\/6772807857fdc35dc1c918927bb1613843f3ac8f8acb9aaafd3f600c1ccfa3ac?s=96&d=identicon&r=g","url":"https:\/\/secure.gravatar.com\/avatar\/6772807857fdc35dc1c918927bb1613843f3ac8f8acb9aaafd3f600c1ccfa3ac?s=96&d=identicon&r=g","contentUrl":"https:\/\/secure.gravatar.com\/avatar\/6772807857fdc35dc1c918927bb1613843f3ac8f8acb9aaafd3f600c1ccfa3ac?s=96&d=identicon&r=g","caption":"webcjdb"},"sameAs":["https:\/\/www.facebook.com\/cjdbvillena\/","https:\/\/www.instagram.com\/cjdbvillena\/?hl=es","https:\/\/x.com\/cjdbvillena"],"url":"https:\/\/www.fededonbosco.org\/villena\/author\/webcjdb\/"}]}},"_links":{"self":[{"href":"https:\/\/www.fededonbosco.org\/villena\/wp-json\/wp\/v2\/posts\/7087","targetHints":{"allow":["GET"]}}],"collection":[{"href":"https:\/\/www.fededonbosco.org\/villena\/wp-json\/wp\/v2\/posts"}],"about":[{"href":"https:\/\/www.fededonbosco.org\/villena\/wp-json\/wp\/v2\/types\/post"}],"author":[{"embeddable":true,"href":"https:\/\/www.fededonbosco.org\/villena\/wp-json\/wp\/v2\/users\/8"}],"replies":[{"embeddable":true,"href":"https:\/\/www.fededonbosco.org\/villena\/wp-json\/wp\/v2\/comments?post=7087"}],"version-history":[{"count":3,"href":"https:\/\/www.fededonbosco.org\/villena\/wp-json\/wp\/v2\/posts\/7087\/revisions"}],"predecessor-version":[{"id":7092,"href":"https:\/\/www.fededonbosco.org\/villena\/wp-json\/wp\/v2\/posts\/7087\/revisions\/7092"}],"wp:featuredmedia":[{"embeddable":true,"href":"https:\/\/www.fededonbosco.org\/villena\/wp-json\/wp\/v2\/media\/7088"}],"wp:attachment":[{"href":"https:\/\/www.fededonbosco.org\/villena\/wp-json\/wp\/v2\/media?parent=7087"}],"wp:term":[{"taxonomy":"category","embeddable":true,"href":"https:\/\/www.fededonbosco.org\/villena\/wp-json\/wp\/v2\/categories?post=7087"},{"taxonomy":"post_tag","embeddable":true,"href":"https:\/\/www.fededonbosco.org\/villena\/wp-json\/wp\/v2\/tags?post=7087"}],"curies":[{"name":"wp","href":"https:\/\/api.w.org\/{rel}","templated":true}]}}