{"id":7128,"date":"2020-07-26T11:38:57","date_gmt":"2020-07-26T10:38:57","guid":{"rendered":"https:\/\/www.fededonbosco.org\/villena\/?p=7128"},"modified":"2020-07-27T18:03:07","modified_gmt":"2020-07-27T17:03:07","slug":"vuelta-a-casa","status":"publish","type":"post","link":"https:\/\/www.fededonbosco.org\/villena\/vuelta-a-casa\/","title":{"rendered":"\u00a1Vuelta a casa! &#x1f649;&#x1f338;&#x1f31e;&#x1f308;"},"content":{"rendered":"<div id=\"fb-root\"><\/div>\n\n<p class=\"has-medium-font-size\">El CJDB presenta unas actividades especiales para todos los sectores durante las primeras semanas de agosto.<\/p>\n\n\n\n<p class=\"has-medium-font-size\">&#x1f467;&#x1f3fc;&#x1f9d2;&#x1f3fb;PREJU 1 y 2 tendr\u00e1n actividades los d\u00edas MARTES 4, JUEVES 6, MARTES 11 Y JUEVES 13 de agosto, desde las 10:00h a 13:00h<br>&#x1f469;&#x1f3fb;&#x1f9d1;&#x1f3fd;JUB tendr\u00e1 actividades por la tardes de 18:00 a 21:00, el JUEVES 6 Y EL JUEVES 13<\/p>\n\n\n\n<p class=\"has-medium-font-size\">Estas actividades se realizar\u00e1n por grupos \u201cburbuja\u201d, por lo que rogamos, dentro de lo posible, continuidad y asistencia a las distintas actividades planteadas para poder cerrar los grupos. En caso de no poder asistir alg\u00fan d\u00eda, por favor, hac\u00e9rnoslo saber a trav\u00e9s del formulario.<br>Esperamos que entend\u00e1is estas medidas que debemos de tomar por el Covid-19<\/p>\n\n\n\n<p class=\"has-medium-font-size\">&#x1f4cd;Para poder asistir a las actividades deber\u00e1s rellenar un formulario de Google hasta el d\u00eda 2 de agosto y se deber\u00e1 de llevar la inscripci\u00f3n el primer d\u00eda de actividad, si no se lleva no se podr\u00e1 participar en la actividad<\/p>\n\n\n\n<p class=\"has-medium-font-size\">\u00bfDONDE LO PUEDES ENCONTRAR Y DESCARGAR?<\/p>\n\n\n\n<p class=\"has-medium-font-size\">El formulario, se puede rellenar mediante el siguiente enlace, el cual es necesario para poder asistir.<\/p>\n\n\n\n<p><a href=\"https:\/\/docs.google.com\/forms\/d\/e\/1FAIpQLSd7RJnjC3CX--ott20rLDpBBgic53Lc_wl6DPLdVr670cSPPw\/viewform?usp=sf_link\">https:\/\/docs.google.com\/forms\/d\/e\/1FAIpQLSd7RJnjC3CX&#8211;ott20rLDpBBgic53Lc_wl6DPLdVr670cSPPw\/viewform?usp=sf_link<\/a><\/p>\n\n\n\n<p class=\"has-medium-font-size\">Por \u00faltimo, puedes encontrar todos los PDFs sobre la inscripci\u00f3n y protocolo, es muy importante rellenar y llevar la inscripci\u00f3n el primer d\u00eda de actividad, no se permitir\u00eda llevarla otro d\u00eda.<\/p>\n\n\n\n<div class=\"wp-block-file\"><a href=\"https:\/\/www.fededonbosco.org\/villena\/wp-content\/uploads\/sites\/4\/2020\/07\/circular-oficial.pdf\">circular-oficial<\/a><a href=\"https:\/\/www.fededonbosco.org\/villena\/wp-content\/uploads\/sites\/4\/2020\/07\/circular-oficial.pdf\" class=\"wp-block-file__button\" download>Descarga<\/a><\/div>\n\n\n\n<div class=\"wp-block-file\"><a href=\"https:\/\/www.fededonbosco.org\/villena\/wp-content\/uploads\/sites\/4\/2020\/07\/INSCRIPCI\u00d3N-CJDB.pdf\">INSCRIPCI\u00d3N-CJDB<\/a><a href=\"https:\/\/www.fededonbosco.org\/villena\/wp-content\/uploads\/sites\/4\/2020\/07\/INSCRIPCI\u00d3N-CJDB.pdf\" class=\"wp-block-file__button\" download>Descarga<\/a><\/div>\n\n\n\n<div class=\"wp-block-file\"><a href=\"https:\/\/www.fededonbosco.org\/villena\/wp-content\/uploads\/sites\/4\/2020\/07\/Protocolo-de-entrada-y-salida-del-colegio.pdf\">Protocolo-de-entrada-y-salida-del-colegio<\/a><a href=\"https:\/\/www.fededonbosco.org\/villena\/wp-content\/uploads\/sites\/4\/2020\/07\/Protocolo-de-entrada-y-salida-del-colegio.pdf\" class=\"wp-block-file__button\" download>Descarga<\/a><\/div>\n\n\n\n<p><\/p>\n\n<div class=\"twitter-share\"><a href=\"https:\/\/twitter.com\/intent\/tweet?via=CJDB_Villena\" class=\"twitter-share-button\">Twittear<\/a><\/div>\n","protected":false},"excerpt":{"rendered":"<p>El CJDB presenta unas actividades especiales para todos los sectores durante las primeras semanas de agosto. &#x1f467;&#x1f3fc;&#x1f9d2;&#x1f3fb;PREJU 1 y 2 tendr\u00e1n actividades los d\u00edas MARTES 4, JUEVES 6, MARTES 11 Y JUEVES 13 de agosto, desde las 10:00h a 13:00h&#x1f469;&#x1f3fb;&#x1f9d1;&#x1f3fd;JUB tendr\u00e1 actividades por la tardes de 18:00 a 21:00, el JUEVES 6 Y EL JUEVES [&hellip;]<\/p>\n","protected":false},"author":8,"featured_media":7130,"comment_status":"open","ping_status":"closed","sticky":false,"template":"","format":"standard","meta":{"_et_pb_use_builder":"off","_et_pb_old_content":"","_et_gb_content_width":"","footnotes":""},"categories":[182,172,176,174],"tags":[],"class_list":["post-7128","post","type-post","status-publish","format-standard","has-post-thumbnail","hentry","category-general-val","category-ju-b","category-preju1","category-preju2"],"yoast_head":"<!-- This site is optimized with the Yoast SEO plugin v27.5 - https:\/\/yoast.com\/product\/yoast-seo-wordpress\/ -->\n<title>\u00a1Vuelta a casa! &#x1f649;&#x1f338;&#x1f31e;&#x1f308; - Centro Juvenil Don Bosco Villena<\/title>\n<meta name=\"robots\" content=\"index, follow, max-snippet:-1, max-image-preview:large, max-video-preview:-1\" \/>\n<link rel=\"canonical\" href=\"https:\/\/www.fededonbosco.org\/villena\/vuelta-a-casa\/\" \/>\n<meta property=\"og:locale\" content=\"es_ES\" \/>\n<meta property=\"og:type\" content=\"article\" \/>\n<meta property=\"og:title\" content=\"\u00a1Vuelta a casa! &#x1f649;&#x1f338;&#x1f31e;&#x1f308; - Centro Juvenil Don Bosco Villena\" \/>\n<meta property=\"og:description\" content=\"El CJDB presenta unas actividades especiales para todos los sectores durante las primeras semanas de agosto. &#x1f467;&#x1f3fc;&#x1f9d2;&#x1f3fb;PREJU 1 y 2 tendr\u00e1n actividades los d\u00edas MARTES 4, JUEVES 6, MARTES 11 Y JUEVES 13 de agosto, desde las 10:00h a 13:00h&#x1f469;&#x1f3fb;&#x1f9d1;&#x1f3fd;JUB tendr\u00e1 actividades por la tardes de 18:00 a 21:00, el JUEVES 6 Y EL JUEVES [&hellip;]\" \/>\n<meta property=\"og:url\" content=\"https:\/\/www.fededonbosco.org\/villena\/vuelta-a-casa\/\" \/>\n<meta property=\"og:site_name\" content=\"Centro Juvenil Don Bosco Villena\" \/>\n<meta property=\"article:author\" content=\"https:\/\/www.facebook.com\/cjdbvillena\/\" \/>\n<meta property=\"article:published_time\" content=\"2020-07-26T10:38:57+00:00\" \/>\n<meta property=\"article:modified_time\" content=\"2020-07-27T17:03:07+00:00\" \/>\n<meta property=\"og:image\" content=\"http:\/\/www.fededonbosco.org\/villena\/wp-content\/uploads\/sites\/4\/2019\/10\/WhatsApp-Image-2020-07-25-at-22.34.14.jpeg\" \/>\n\t<meta property=\"og:image:width\" content=\"480\" \/>\n\t<meta property=\"og:image:height\" content=\"672\" \/>\n\t<meta property=\"og:image:type\" content=\"image\/jpeg\" \/>\n<meta name=\"author\" content=\"webcjdb\" \/>\n<meta name=\"twitter:card\" content=\"summary_large_image\" \/>\n<meta name=\"twitter:creator\" content=\"@cjdbvillena\" \/>\n<meta name=\"twitter:label1\" content=\"Escrito por\" \/>\n\t<meta name=\"twitter:data1\" content=\"webcjdb\" \/>\n\t<meta name=\"twitter:label2\" content=\"Tiempo de lectura\" \/>\n\t<meta name=\"twitter:data2\" content=\"1 minuto\" \/>\n<script type=\"application\/ld+json\" class=\"yoast-schema-graph\">{\"@context\":\"https:\\\/\\\/schema.org\",\"@graph\":[{\"@type\":\"Article\",\"@id\":\"https:\\\/\\\/www.fededonbosco.org\\\/villena\\\/vuelta-a-casa\\\/#article\",\"isPartOf\":{\"@id\":\"https:\\\/\\\/www.fededonbosco.org\\\/villena\\\/vuelta-a-casa\\\/\"},\"author\":{\"name\":\"webcjdb\",\"@id\":\"https:\\\/\\\/www.fededonbosco.org\\\/villena\\\/#\\\/schema\\\/person\\\/4da59decd0bb185b3d847ec0fcc2087f\"},\"headline\":\"\u00a1Vuelta a casa! &#x1f649;&#x1f338;&#x1f31e;&#x1f308;\",\"datePublished\":\"2020-07-26T10:38:57+00:00\",\"dateModified\":\"2020-07-27T17:03:07+00:00\",\"mainEntityOfPage\":{\"@id\":\"https:\\\/\\\/www.fededonbosco.org\\\/villena\\\/vuelta-a-casa\\\/\"},\"wordCount\":276,\"commentCount\":0,\"image\":{\"@id\":\"https:\\\/\\\/www.fededonbosco.org\\\/villena\\\/vuelta-a-casa\\\/#primaryimage\"},\"thumbnailUrl\":\"https:\\\/\\\/www.fededonbosco.org\\\/villena\\\/wp-content\\\/uploads\\\/sites\\\/4\\\/2019\\\/10\\\/WhatsApp-Image-2020-07-25-at-22.34.14.jpeg\",\"articleSection\":[\"General\",\"Ju-B\",\"Preju1\",\"Preju2\"],\"inLanguage\":\"es\",\"potentialAction\":[{\"@type\":\"CommentAction\",\"name\":\"Comment\",\"target\":[\"https:\\\/\\\/www.fededonbosco.org\\\/villena\\\/vuelta-a-casa\\\/#respond\"]}]},{\"@type\":\"WebPage\",\"@id\":\"https:\\\/\\\/www.fededonbosco.org\\\/villena\\\/vuelta-a-casa\\\/\",\"url\":\"https:\\\/\\\/www.fededonbosco.org\\\/villena\\\/vuelta-a-casa\\\/\",\"name\":\"\u00a1Vuelta a casa! &#x1f649;&#x1f338;&#x1f31e;&#x1f308; - Centro Juvenil Don Bosco Villena\",\"isPartOf\":{\"@id\":\"https:\\\/\\\/www.fededonbosco.org\\\/villena\\\/#website\"},\"primaryImageOfPage\":{\"@id\":\"https:\\\/\\\/www.fededonbosco.org\\\/villena\\\/vuelta-a-casa\\\/#primaryimage\"},\"image\":{\"@id\":\"https:\\\/\\\/www.fededonbosco.org\\\/villena\\\/vuelta-a-casa\\\/#primaryimage\"},\"thumbnailUrl\":\"https:\\\/\\\/www.fededonbosco.org\\\/villena\\\/wp-content\\\/uploads\\\/sites\\\/4\\\/2019\\\/10\\\/WhatsApp-Image-2020-07-25-at-22.34.14.jpeg\",\"datePublished\":\"2020-07-26T10:38:57+00:00\",\"dateModified\":\"2020-07-27T17:03:07+00:00\",\"author\":{\"@id\":\"https:\\\/\\\/www.fededonbosco.org\\\/villena\\\/#\\\/schema\\\/person\\\/4da59decd0bb185b3d847ec0fcc2087f\"},\"breadcrumb\":{\"@id\":\"https:\\\/\\\/www.fededonbosco.org\\\/villena\\\/vuelta-a-casa\\\/#breadcrumb\"},\"inLanguage\":\"es\",\"potentialAction\":[{\"@type\":\"ReadAction\",\"target\":[\"https:\\\/\\\/www.fededonbosco.org\\\/villena\\\/vuelta-a-casa\\\/\"]}]},{\"@type\":\"ImageObject\",\"inLanguage\":\"es\",\"@id\":\"https:\\\/\\\/www.fededonbosco.org\\\/villena\\\/vuelta-a-casa\\\/#primaryimage\",\"url\":\"https:\\\/\\\/www.fededonbosco.org\\\/villena\\\/wp-content\\\/uploads\\\/sites\\\/4\\\/2019\\\/10\\\/WhatsApp-Image-2020-07-25-at-22.34.14.jpeg\",\"contentUrl\":\"https:\\\/\\\/www.fededonbosco.org\\\/villena\\\/wp-content\\\/uploads\\\/sites\\\/4\\\/2019\\\/10\\\/WhatsApp-Image-2020-07-25-at-22.34.14.jpeg\",\"width\":480,\"height\":672},{\"@type\":\"BreadcrumbList\",\"@id\":\"https:\\\/\\\/www.fededonbosco.org\\\/villena\\\/vuelta-a-casa\\\/#breadcrumb\",\"itemListElement\":[{\"@type\":\"ListItem\",\"position\":1,\"name\":\"Portada\",\"item\":\"https:\\\/\\\/www.fededonbosco.org\\\/villena\\\/\"},{\"@type\":\"ListItem\",\"position\":2,\"name\":\"\u00a1Vuelta a casa! &#x1f649;&#x1f338;&#x1f31e;&#x1f308;\"}]},{\"@type\":\"WebSite\",\"@id\":\"https:\\\/\\\/www.fededonbosco.org\\\/villena\\\/#website\",\"url\":\"https:\\\/\\\/www.fededonbosco.org\\\/villena\\\/\",\"name\":\"Centro Juvenil Don Bosco Villena\",\"description\":\"Pagina oficial del Centro Juvenil Don Bosco\",\"potentialAction\":[{\"@type\":\"SearchAction\",\"target\":{\"@type\":\"EntryPoint\",\"urlTemplate\":\"https:\\\/\\\/www.fededonbosco.org\\\/villena\\\/?s={search_term_string}\"},\"query-input\":{\"@type\":\"PropertyValueSpecification\",\"valueRequired\":true,\"valueName\":\"search_term_string\"}}],\"inLanguage\":\"es\"},{\"@type\":\"Person\",\"@id\":\"https:\\\/\\\/www.fededonbosco.org\\\/villena\\\/#\\\/schema\\\/person\\\/4da59decd0bb185b3d847ec0fcc2087f\",\"name\":\"webcjdb\",\"image\":{\"@type\":\"ImageObject\",\"inLanguage\":\"es\",\"@id\":\"https:\\\/\\\/secure.gravatar.com\\\/avatar\\\/6772807857fdc35dc1c918927bb1613843f3ac8f8acb9aaafd3f600c1ccfa3ac?s=96&d=identicon&r=g\",\"url\":\"https:\\\/\\\/secure.gravatar.com\\\/avatar\\\/6772807857fdc35dc1c918927bb1613843f3ac8f8acb9aaafd3f600c1ccfa3ac?s=96&d=identicon&r=g\",\"contentUrl\":\"https:\\\/\\\/secure.gravatar.com\\\/avatar\\\/6772807857fdc35dc1c918927bb1613843f3ac8f8acb9aaafd3f600c1ccfa3ac?s=96&d=identicon&r=g\",\"caption\":\"webcjdb\"},\"sameAs\":[\"https:\\\/\\\/www.facebook.com\\\/cjdbvillena\\\/\",\"https:\\\/\\\/www.instagram.com\\\/cjdbvillena\\\/?hl=es\",\"https:\\\/\\\/x.com\\\/cjdbvillena\"],\"url\":\"https:\\\/\\\/www.fededonbosco.org\\\/villena\\\/author\\\/webcjdb\\\/\"}]}<\/script>\n<!-- \/ Yoast SEO plugin. -->","yoast_head_json":{"title":"\u00a1Vuelta a casa! &#x1f649;&#x1f338;&#x1f31e;&#x1f308; - Centro Juvenil Don Bosco Villena","robots":{"index":"index","follow":"follow","max-snippet":"max-snippet:-1","max-image-preview":"max-image-preview:large","max-video-preview":"max-video-preview:-1"},"canonical":"https:\/\/www.fededonbosco.org\/villena\/vuelta-a-casa\/","og_locale":"es_ES","og_type":"article","og_title":"\u00a1Vuelta a casa! &#x1f649;&#x1f338;&#x1f31e;&#x1f308; - Centro Juvenil Don Bosco Villena","og_description":"El CJDB presenta unas actividades especiales para todos los sectores durante las primeras semanas de agosto. &#x1f467;&#x1f3fc;&#x1f9d2;&#x1f3fb;PREJU 1 y 2 tendr\u00e1n actividades los d\u00edas MARTES 4, JUEVES 6, MARTES 11 Y JUEVES 13 de agosto, desde las 10:00h a 13:00h&#x1f469;&#x1f3fb;&#x1f9d1;&#x1f3fd;JUB tendr\u00e1 actividades por la tardes de 18:00 a 21:00, el JUEVES 6 Y EL JUEVES [&hellip;]","og_url":"https:\/\/www.fededonbosco.org\/villena\/vuelta-a-casa\/","og_site_name":"Centro Juvenil Don Bosco Villena","article_author":"https:\/\/www.facebook.com\/cjdbvillena\/","article_published_time":"2020-07-26T10:38:57+00:00","article_modified_time":"2020-07-27T17:03:07+00:00","og_image":[{"width":480,"height":672,"url":"http:\/\/www.fededonbosco.org\/villena\/wp-content\/uploads\/sites\/4\/2019\/10\/WhatsApp-Image-2020-07-25-at-22.34.14.jpeg","type":"image\/jpeg"}],"author":"webcjdb","twitter_card":"summary_large_image","twitter_creator":"@cjdbvillena","twitter_misc":{"Escrito por":"webcjdb","Tiempo de lectura":"1 minuto"},"schema":{"@context":"https:\/\/schema.org","@graph":[{"@type":"Article","@id":"https:\/\/www.fededonbosco.org\/villena\/vuelta-a-casa\/#article","isPartOf":{"@id":"https:\/\/www.fededonbosco.org\/villena\/vuelta-a-casa\/"},"author":{"name":"webcjdb","@id":"https:\/\/www.fededonbosco.org\/villena\/#\/schema\/person\/4da59decd0bb185b3d847ec0fcc2087f"},"headline":"\u00a1Vuelta a casa! &#x1f649;&#x1f338;&#x1f31e;&#x1f308;","datePublished":"2020-07-26T10:38:57+00:00","dateModified":"2020-07-27T17:03:07+00:00","mainEntityOfPage":{"@id":"https:\/\/www.fededonbosco.org\/villena\/vuelta-a-casa\/"},"wordCount":276,"commentCount":0,"image":{"@id":"https:\/\/www.fededonbosco.org\/villena\/vuelta-a-casa\/#primaryimage"},"thumbnailUrl":"https:\/\/www.fededonbosco.org\/villena\/wp-content\/uploads\/sites\/4\/2019\/10\/WhatsApp-Image-2020-07-25-at-22.34.14.jpeg","articleSection":["General","Ju-B","Preju1","Preju2"],"inLanguage":"es","potentialAction":[{"@type":"CommentAction","name":"Comment","target":["https:\/\/www.fededonbosco.org\/villena\/vuelta-a-casa\/#respond"]}]},{"@type":"WebPage","@id":"https:\/\/www.fededonbosco.org\/villena\/vuelta-a-casa\/","url":"https:\/\/www.fededonbosco.org\/villena\/vuelta-a-casa\/","name":"\u00a1Vuelta a casa! &#x1f649;&#x1f338;&#x1f31e;&#x1f308; - Centro Juvenil Don Bosco Villena","isPartOf":{"@id":"https:\/\/www.fededonbosco.org\/villena\/#website"},"primaryImageOfPage":{"@id":"https:\/\/www.fededonbosco.org\/villena\/vuelta-a-casa\/#primaryimage"},"image":{"@id":"https:\/\/www.fededonbosco.org\/villena\/vuelta-a-casa\/#primaryimage"},"thumbnailUrl":"https:\/\/www.fededonbosco.org\/villena\/wp-content\/uploads\/sites\/4\/2019\/10\/WhatsApp-Image-2020-07-25-at-22.34.14.jpeg","datePublished":"2020-07-26T10:38:57+00:00","dateModified":"2020-07-27T17:03:07+00:00","author":{"@id":"https:\/\/www.fededonbosco.org\/villena\/#\/schema\/person\/4da59decd0bb185b3d847ec0fcc2087f"},"breadcrumb":{"@id":"https:\/\/www.fededonbosco.org\/villena\/vuelta-a-casa\/#breadcrumb"},"inLanguage":"es","potentialAction":[{"@type":"ReadAction","target":["https:\/\/www.fededonbosco.org\/villena\/vuelta-a-casa\/"]}]},{"@type":"ImageObject","inLanguage":"es","@id":"https:\/\/www.fededonbosco.org\/villena\/vuelta-a-casa\/#primaryimage","url":"https:\/\/www.fededonbosco.org\/villena\/wp-content\/uploads\/sites\/4\/2019\/10\/WhatsApp-Image-2020-07-25-at-22.34.14.jpeg","contentUrl":"https:\/\/www.fededonbosco.org\/villena\/wp-content\/uploads\/sites\/4\/2019\/10\/WhatsApp-Image-2020-07-25-at-22.34.14.jpeg","width":480,"height":672},{"@type":"BreadcrumbList","@id":"https:\/\/www.fededonbosco.org\/villena\/vuelta-a-casa\/#breadcrumb","itemListElement":[{"@type":"ListItem","position":1,"name":"Portada","item":"https:\/\/www.fededonbosco.org\/villena\/"},{"@type":"ListItem","position":2,"name":"\u00a1Vuelta a casa! &#x1f649;&#x1f338;&#x1f31e;&#x1f308;"}]},{"@type":"WebSite","@id":"https:\/\/www.fededonbosco.org\/villena\/#website","url":"https:\/\/www.fededonbosco.org\/villena\/","name":"Centro Juvenil Don Bosco Villena","description":"Pagina oficial del Centro Juvenil Don Bosco","potentialAction":[{"@type":"SearchAction","target":{"@type":"EntryPoint","urlTemplate":"https:\/\/www.fededonbosco.org\/villena\/?s={search_term_string}"},"query-input":{"@type":"PropertyValueSpecification","valueRequired":true,"valueName":"search_term_string"}}],"inLanguage":"es"},{"@type":"Person","@id":"https:\/\/www.fededonbosco.org\/villena\/#\/schema\/person\/4da59decd0bb185b3d847ec0fcc2087f","name":"webcjdb","image":{"@type":"ImageObject","inLanguage":"es","@id":"https:\/\/secure.gravatar.com\/avatar\/6772807857fdc35dc1c918927bb1613843f3ac8f8acb9aaafd3f600c1ccfa3ac?s=96&d=identicon&r=g","url":"https:\/\/secure.gravatar.com\/avatar\/6772807857fdc35dc1c918927bb1613843f3ac8f8acb9aaafd3f600c1ccfa3ac?s=96&d=identicon&r=g","contentUrl":"https:\/\/secure.gravatar.com\/avatar\/6772807857fdc35dc1c918927bb1613843f3ac8f8acb9aaafd3f600c1ccfa3ac?s=96&d=identicon&r=g","caption":"webcjdb"},"sameAs":["https:\/\/www.facebook.com\/cjdbvillena\/","https:\/\/www.instagram.com\/cjdbvillena\/?hl=es","https:\/\/x.com\/cjdbvillena"],"url":"https:\/\/www.fededonbosco.org\/villena\/author\/webcjdb\/"}]}},"_links":{"self":[{"href":"https:\/\/www.fededonbosco.org\/villena\/wp-json\/wp\/v2\/posts\/7128","targetHints":{"allow":["GET"]}}],"collection":[{"href":"https:\/\/www.fededonbosco.org\/villena\/wp-json\/wp\/v2\/posts"}],"about":[{"href":"https:\/\/www.fededonbosco.org\/villena\/wp-json\/wp\/v2\/types\/post"}],"author":[{"embeddable":true,"href":"https:\/\/www.fededonbosco.org\/villena\/wp-json\/wp\/v2\/users\/8"}],"replies":[{"embeddable":true,"href":"https:\/\/www.fededonbosco.org\/villena\/wp-json\/wp\/v2\/comments?post=7128"}],"version-history":[{"count":3,"href":"https:\/\/www.fededonbosco.org\/villena\/wp-json\/wp\/v2\/posts\/7128\/revisions"}],"predecessor-version":[{"id":7136,"href":"https:\/\/www.fededonbosco.org\/villena\/wp-json\/wp\/v2\/posts\/7128\/revisions\/7136"}],"wp:featuredmedia":[{"embeddable":true,"href":"https:\/\/www.fededonbosco.org\/villena\/wp-json\/wp\/v2\/media\/7130"}],"wp:attachment":[{"href":"https:\/\/www.fededonbosco.org\/villena\/wp-json\/wp\/v2\/media?parent=7128"}],"wp:term":[{"taxonomy":"category","embeddable":true,"href":"https:\/\/www.fededonbosco.org\/villena\/wp-json\/wp\/v2\/categories?post=7128"},{"taxonomy":"post_tag","embeddable":true,"href":"https:\/\/www.fededonbosco.org\/villena\/wp-json\/wp\/v2\/tags?post=7128"}],"curies":[{"name":"wp","href":"https:\/\/api.w.org\/{rel}","templated":true}]}}