{"id":7146,"date":"2020-10-23T20:49:22","date_gmt":"2020-10-23T19:49:22","guid":{"rendered":"https:\/\/www.fededonbosco.org\/villena\/?p=7146"},"modified":"2020-11-06T13:37:00","modified_gmt":"2020-11-06T12:37:00","slug":"inscripciones-curso-2020-2021","status":"publish","type":"post","link":"https:\/\/www.fededonbosco.org\/villena\/inscripciones-curso-2020-2021\/","title":{"rendered":"Inscripciones curso 2020-2021"},"content":{"rendered":"<div id=\"fb-root\"><\/div>\n<p>[et_pb_section admin_label=\u00bbsection\u00bb]<br>\n\t\t[et_pb_row admin_label=\u00bbrow\u00bb]<br>\n\t\t\t[et_pb_column type=\u00bb4_4&#8243;][et_pb_text admin_label=\u00bbText\u00bb]<\/p>\n\n\n<p class=\"has-medium-font-size wp-block-paragraph\">Bienvenidos\/as al nuevo curso del CJDB, esperamos con mucha ilusi\u00f3n este momento, por lo tanto, es importante que le\u00e1is todo con atenci\u00f3n. <\/p>\n\n\n\n<p class=\"has-medium-font-size wp-block-paragraph\">Lo primero de todo daros las gracias por la espera, con las nuevas medidas lo mejor era esperar e informarnos de los nuevos cambios.<\/p>\n\n\n\n<p class=\"has-medium-font-size wp-block-paragraph\">Todav\u00eda est\u00e1is a tiempo de realizar la <strong>pre-inscripci\u00f3n<\/strong> a trav\u00e9s de este enlace, una vez completada ya puede seguir las indicaciones. <\/p>\n\n\n\n<p class=\"wp-block-paragraph\"><a href=\"https:\/\/docs.google.com\/forms\/d\/e\/1FAIpQLSd4QvT7Ih-EVUVaK4JtJdlfy8mkZoWcO0RwgAik3Ilpr8xtAg\/viewform\">https:\/\/docs.google.com\/forms\/d\/e\/1FAIpQLSd4QvT7Ih-EVUVaK4JtJdlfy8mkZoWcO0RwgAik3Ilpr8xtAg\/viewform<\/a><\/p>\n\n\n\n<p class=\"has-medium-font-size wp-block-paragraph\">Os adjuntamos las <strong><em>NUEVAS FECHAS<\/em><\/strong> de inscripci\u00f3n, la explicaci\u00f3n del funcionamiento de este a\u00f1o, as\u00ed mismo la explicaci\u00f3n de actuaci\u00f3n ante sospecha de caso COVID. Tambi\u00e9n podr\u00e9is encontrar un breve resumen de como se va a realizar el pago de la cuota. Es IMPRESCINDIBLE traer el d\u00eda de la inscripci\u00f3n la declaraci\u00f3n de responsabilidad, el justificante de pago y la inscripci\u00f3n firmada. <strong>NO PODR\u00c9IS RELLENAR LA DOCUMENTACI\u00d3N ALL\u00cd<\/strong>, ya que no dispensaremos de ning\u00fan material. Atenderemos a cada curso en su horario asignado, para controlar el aforo. <\/p>\n\n\n\n<p class=\"has-medium-font-size wp-block-paragraph\"><strong>HORARIO&nbsp; DE INSCRIPCIONES&nbsp;&nbsp;&nbsp; &nbsp;&nbsp;&nbsp;&nbsp;<\/strong><strong>C. Juvenil&nbsp; DON BOSCO<\/strong><\/p>\n\n\n\n<p class=\"wp-block-paragraph\"><strong><u>SECTOR&nbsp; *<\/u><\/strong><strong><u>PREJU<\/u><\/strong><strong><u>*<\/u><\/strong><strong><u><\/u><\/strong><\/p>\n\n\n\n<ul class=\"wp-block-list\"><li><strong><u>LUNES&nbsp;&nbsp;&nbsp; 9 noviembre<\/u>&nbsp;<\/strong> <strong>4\u00ba Primaria<\/strong><\/li><li><strong>De<\/strong>&nbsp; <strong>18:00&nbsp; a 19:00<\/strong>&nbsp; &nbsp;(Chicos\/as con primer apellido de la \u201c<strong>A<\/strong>\u201d&nbsp; a la \u201c<strong>L<\/strong>\u201d )<\/li><li><strong>De <\/strong>&nbsp;&nbsp;<strong>19:00 a 20:00<\/strong>&nbsp;&nbsp; (chicos\/as&nbsp; con primer apellido de la \u201c<strong>M<\/strong>\u201d a la \u201c<strong>Z<\/strong>\u201d)<\/li><li><strong><u>MARTES&nbsp;&nbsp; 10&nbsp; nov<\/u>.&nbsp; &nbsp;5\u00ba Primaria<\/strong><\/li><li><strong>De 18:00&nbsp; a 19:00<\/strong>&nbsp; (Primer apellido de la \u201c<strong>A\u201d<\/strong> a la \u201c<strong>L<\/strong>\u201d )<\/li><li><strong>De&nbsp; 19:00 a 20:00<\/strong>&nbsp; (Primer apellido de la \u201c<strong>M<\/strong>\u201d a la \u201c<strong>Z<\/strong>\u201d )<\/li><li><strong><u>MI\u00c9RCOLES&nbsp; 11<\/u> nov. &nbsp;6\u00ba Primaria<\/strong><\/li><li><strong>De 18:00&nbsp; a 19:00<\/strong> :&nbsp; (Primer apellido de la \u201c<strong>A<\/strong>\u201d a la&nbsp; \u201c<strong>L<\/strong>\u201d )<\/li><li><strong>De&nbsp; 19:00 a 20:00<\/strong> :&nbsp; (primer apellido de la \u201c<strong>M<\/strong>\u201d a la \u201c<strong>Z<\/strong>\u201d )<\/li><li><strong><u>JUEVES&nbsp;&nbsp;&nbsp; 12&nbsp; nov<\/u>. &nbsp;&nbsp;&nbsp;1\u00ba ESO<\/strong><\/li><li>De <strong>18:00 a 19:00<\/strong>&nbsp; &nbsp;(primer apellido de la \u201c<strong>A<\/strong>\u201d a la \u201c<strong>L<\/strong>\u201d )<\/li><li>De <strong>19:00&nbsp; a 20:00<\/strong>&nbsp; (primer apellido de la \u201c<strong>M<\/strong>\u201d a la \u201c<strong>Z<\/strong>\u201d )<\/li><\/ul>\n\n\n\n<p class=\"wp-block-paragraph\"><strong><u>SECTOR<\/u><\/strong><strong><u>&nbsp; *JU-B*<\/u><\/strong><\/p>\n\n\n\n<ul class=\"wp-block-list\"><li><strong><u>LUNES&nbsp;&nbsp;&nbsp;&nbsp; 16 nov. <\/u>&nbsp;&nbsp;2\u00ba ESO<\/strong><\/li><li><strong>De 18:00&nbsp; a 19:00<\/strong>&nbsp; (Primer apellido de la \u201c<strong>A<\/strong>\u201d a la \u201c<strong>L<\/strong>\u201d)<\/li><li><strong>De 19:00&nbsp; a 20:00<\/strong> &nbsp;(Primer apellido de la \u201c<strong>M<\/strong>\u201d a la \u201c<strong>Z<\/strong>\u201d)<\/li><li><strong><u>MARTES&nbsp; 17 nov<\/u>.&nbsp; 3\u00ba ESO<\/strong><\/li><li><strong>De 18:00 a 19:00<\/strong>&nbsp; (Primer apellido de la \u201c<strong>A<\/strong>\u201d a la \u201c<strong>L<\/strong>\u201d )<\/li><li><strong>De&nbsp; 19:00 a 20:00<\/strong> (primer apellido de la \u201c<strong>M<\/strong>\u201d a la \u201c<strong>Z<\/strong>\u201d )<\/li><li><strong><u>MI\u00c9RCOLES&nbsp; 18 nov<\/u>.&nbsp; 4\u00baESO \/ 1\u00ba-2\u00ba Bach.<\/strong><\/li><li><strong>De 18:00 a 19:00<\/strong>:&nbsp; chicos\/as&nbsp; de <strong>4\u00ba ESO<\/strong><\/li><li><strong>De 19:00 a 20:00<\/strong> : &nbsp;chicos\/as de <strong>1\u00ba y 2\u00ba Bach.<\/strong><\/li><\/ul>\n\n\n\n<p class=\"has-medium-font-size wp-block-paragraph\"><strong>IMPORTANTE:<\/strong>&nbsp; <strong><em>Para evitar aglomeraciones y &nbsp;favorecer el buen desarrollo de Secretar\u00eda, &nbsp;&nbsp;&nbsp;LES ROGAMOS&nbsp; <\/em><\/strong><strong><em><u>RESPETEN ESTOS HORARIOS POR CURSOS.<\/u><\/em><\/strong><\/p>\n\n\n\n<p class=\"has-medium-font-size wp-block-paragraph\"><strong><em>NO&nbsp; OLVIDES TRAER: <u>TU FICHA DE INSCRIPCI\u00d3N,&nbsp; &nbsp;DECLARACI\u00d3N de Responsabilidad&nbsp; y el Justificante de PAGO<\/u>. &nbsp;Desc\u00e1rgalo&nbsp; aqu\u00ed:<\/em><\/strong><\/p>\n\n\n\n<div class=\"wp-block-file\"><a href=\"https:\/\/www.fededonbosco.org\/villena\/wp-content\/uploads\/sites\/4\/2020\/10\/Ficha-Inscripcion.pdf\">Ficha-Inscripcion<\/a><a href=\"https:\/\/www.fededonbosco.org\/villena\/wp-content\/uploads\/sites\/4\/2020\/10\/Ficha-Inscripcion.pdf\" class=\"wp-block-file__button\" download>Descarga<\/a><\/div>\n\n\n\n<div class=\"wp-block-file\"><a href=\"https:\/\/www.fededonbosco.org\/villena\/wp-content\/uploads\/sites\/4\/2020\/10\/Metodo-de-pago.pdf\">Metodo-de-pago<\/a><a href=\"https:\/\/www.fededonbosco.org\/villena\/wp-content\/uploads\/sites\/4\/2020\/10\/Metodo-de-pago.pdf\" class=\"wp-block-file__button\" download>Descarga<\/a><\/div>\n\n\n\n<div class=\"wp-block-file\"><a href=\"https:\/\/www.fededonbosco.org\/villena\/wp-content\/uploads\/sites\/4\/2020\/10\/Declaracion-responsabilidad.pdf\">Declaracion-responsabilidad<\/a><a href=\"https:\/\/www.fededonbosco.org\/villena\/wp-content\/uploads\/sites\/4\/2020\/10\/Declaracion-responsabilidad.pdf\" class=\"wp-block-file__button\" download>Descarga<\/a><\/div>\n\n\n\n<p class=\"has-medium-font-size wp-block-paragraph\">Muy pronto tendr\u00e1n disponible en la p\u00e1gina principal de este sitio web el protocolo de actuaci\u00f3n que llevar\u00e1 acabo el centro juvenil, as\u00ed como las medidas que hay que tener en cuenta por parte de todos los socios\/as para participar en las diferentes actividades. <\/p>\n\n\n\n<p class=\"has-medium-font-size wp-block-paragraph\">Cualquier duda pueden contactar a trav\u00e9s de nuestras redes sociales <\/p>\n\n\n\n<div class=\"wp-block-group\"><div class=\"wp-block-group__inner-container is-layout-flow wp-block-group-is-layout-flow\">\n<p class=\"has-medium-font-size wp-block-paragraph\"><a href=\"https:\/\/www.instagram.com\/cjdbvillena\/\">https:\/\/www.instagram.com\/cjdbvillena\/<\/a><\/p>\n\n\n\n<div class=\"wp-block-group\"><div class=\"wp-block-group__inner-container is-layout-flow wp-block-group-is-layout-flow\">\n<p class=\"has-medium-font-size wp-block-paragraph\"><a href=\"https:\/\/www.facebook.com\/cjdbvillena\">https:\/\/www.facebook.com\/cjdbvillena<\/a><\/p>\n<\/div><\/div>\n\n\n\n<p class=\"has-medium-font-size wp-block-paragraph\"><a href=\"mailto:web@donboscovillena.dbcv.es\" target=\"_blank\" rel=\"noreferrer noopener\">web@donboscovillena.dbcv.es<\/a><\/p>\n<\/div><\/div>\n\n\n\n<p class=\"has-medium-font-size wp-block-paragraph\">Os esperamos en esta especial aventura.<\/p>\n\n\n\n<p class=\"has-medium-font-size wp-block-paragraph\">#SomosUno #SomosVida #SomosCJDB<\/p>\n\n\n<p>[\/et_pb_text][\/et_pb_column]<br>\n\t\t[\/et_pb_row]<br>\n\t[\/et_pb_section]<\/p>\n<div class=\"twitter-share\"><a href=\"https:\/\/twitter.com\/intent\/tweet?via=CJDB_Villena\" class=\"twitter-share-button\">Twittear<\/a><\/div>\n","protected":false},"excerpt":{"rendered":"<p>Bienvenidos\/as al nuevo curso del CJDB, esperamos con mucha ilusi\u00f3n este momento, por lo tanto, es importante que le\u00e1is todo con atenci\u00f3n. Lo primero de todo daros las gracias por la espera, con las nuevas medidas lo mejor era esperar e informarnos de los nuevos cambios. Todav\u00eda est\u00e1is a tiempo de realizar la pre-inscripci\u00f3n a [&hellip;]<\/p>\n","protected":false},"author":8,"featured_media":7144,"comment_status":"closed","ping_status":"closed","sticky":false,"template":"","format":"standard","meta":{"_et_pb_use_builder":"on","_et_pb_old_content":"<!-- wp:paragraph {\"fontSize\":\"medium\"} -->\n<p class=\"has-medium-font-size\">Bienvenidos\/as al nuevo curso del CJDB, esperamos con mucha ilusi\u00f3n este momento, por lo tanto, es importante que le\u00e1is todo con atenci\u00f3n. Os adjuntamos la explicaci\u00f3n del funcionamiento de este a\u00f1o, as\u00ed mismo la explicaci\u00f3n de actuaci\u00f3n ante sospecha de caso COVID. Tambi\u00e9n podr\u00e9is encontrar un breve resumen de como se va a realizar el pago de la cuota. Es IMPRESCINDIBLE traer el d\u00eda de la inscripci\u00f3n la declaraci\u00f3n de responsabilidad, el justificante de pago y la inscripci\u00f3n firmada. <strong>NO PODR\u00c9IS RELLENAR LA DOCUMENTACI\u00d3N ALL\u00cd<\/strong>, ya que no dispensaremos de ning\u00fan material. Atenderemos a cada curso en su horario asignado, para controlar el aforo.<\/p>\n<!-- \/wp:paragraph -->\n\n<!-- wp:paragraph {\"fontSize\":\"medium\"} -->\n<p class=\"has-medium-font-size\">\u2022 4\u00ba Primaria Jueves 29 de Octubre de 17:15-18:45<br>\u2022 5\u00ba Primaria Jueves 29 de Octubre de 18:45-20:45<\/p>\n<!-- \/wp:paragraph -->\n\n<!-- wp:paragraph {\"fontSize\":\"medium\"} -->\n<p class=\"has-medium-font-size\"><br>\u2022 6\u00ba Primaria Mi\u00e9rcoles 28 de Octubre de 17:15-18:45<br>\u2022 1\u00ba ESO Mi\u00e9rcoles 28 de Octubre a las 18:45-20:15<\/p>\n<!-- \/wp:paragraph -->\n\n<!-- wp:paragraph {\"fontSize\":\"medium\"} -->\n<p class=\"has-medium-font-size\"><br>\u2022 2\u00ba ESO Viernes 30 de Octubre a las 17:15-18:45<br>\u2022 3\u00ba ESO Viernes 30 de Octubre a las 18:45-20:15<\/p>\n<!-- \/wp:paragraph -->\n\n<!-- wp:paragraph -->\n<p><\/p>\n<!-- \/wp:paragraph -->\n\n<!-- wp:paragraph {\"fontSize\":\"medium\"} -->\n<p class=\"has-medium-font-size\">\u2022 4\u00ba ESO S\u00e1bado 31 de Octubre de 9:30-11:00<br>\u2022 1\u00ba Y 2\u00ba Bachillerato S\u00e1bado 31 de Octubre de 11:00-12:30<\/p>\n<!-- \/wp:paragraph -->\n\n<!-- wp:file {\"id\":7149,\"href\":\"https:\/\/www.fededonbosco.org\/villena\/wp-content\/uploads\/sites\/4\/2020\/10\/Ficha-Inscripcion.pdf\"} -->\n<div class=\"wp-block-file\"><a href=\"https:\/\/www.fededonbosco.org\/villena\/wp-content\/uploads\/sites\/4\/2020\/10\/Ficha-Inscripcion.pdf\">Ficha-Inscripcion<\/a><a href=\"https:\/\/www.fededonbosco.org\/villena\/wp-content\/uploads\/sites\/4\/2020\/10\/Ficha-Inscripcion.pdf\" class=\"wp-block-file__button\" download>Descarga<\/a><\/div>\n<!-- \/wp:file -->\n\n<!-- wp:file {\"id\":7153,\"href\":\"https:\/\/www.fededonbosco.org\/villena\/wp-content\/uploads\/sites\/4\/2020\/10\/Metodo-de-pago.pdf\"} -->\n<div class=\"wp-block-file\"><a href=\"https:\/\/www.fededonbosco.org\/villena\/wp-content\/uploads\/sites\/4\/2020\/10\/Metodo-de-pago.pdf\">Metodo-de-pago<\/a><a href=\"https:\/\/www.fededonbosco.org\/villena\/wp-content\/uploads\/sites\/4\/2020\/10\/Metodo-de-pago.pdf\" class=\"wp-block-file__button\" download>Descarga<\/a><\/div>\n<!-- \/wp:file -->\n\n<!-- wp:file {\"id\":7150,\"href\":\"https:\/\/www.fededonbosco.org\/villena\/wp-content\/uploads\/sites\/4\/2020\/10\/Declaracion-responsabilidad.pdf\"} -->\n<div class=\"wp-block-file\"><a href=\"https:\/\/www.fededonbosco.org\/villena\/wp-content\/uploads\/sites\/4\/2020\/10\/Declaracion-responsabilidad.pdf\">Declaracion-responsabilidad<\/a><a href=\"https:\/\/www.fededonbosco.org\/villena\/wp-content\/uploads\/sites\/4\/2020\/10\/Declaracion-responsabilidad.pdf\" class=\"wp-block-file__button\" download>Descarga<\/a><\/div>\n<!-- \/wp:file -->\n\n<!-- wp:paragraph {\"fontSize\":\"medium\"} -->\n<p class=\"has-medium-font-size\">Muy pronto tendr\u00e1n disponible en la p\u00e1gina principal de este sitio web el protocolo de actuaci\u00f3n que llevar\u00e1 acabo el centro juvenil, as\u00ed como las medidas que hay que tener en cuenta por parte de todos los socios\/as para participar en las diferentes actividades. <\/p>\n<!-- \/wp:paragraph -->\n\n<!-- wp:paragraph {\"fontSize\":\"medium\"} -->\n<p class=\"has-medium-font-size\">Cualquier duda pueden contactar a trav\u00e9s de nuestras redes sociales <\/p>\n<!-- \/wp:paragraph -->\n\n<!-- wp:group -->\n<div class=\"wp-block-group\"><div class=\"wp-block-group__inner-container\"><!-- wp:paragraph {\"fontSize\":\"medium\"} -->\n<p class=\"has-medium-font-size\"><a href=\"https:\/\/www.instagram.com\/cjdbvillena\/\">https:\/\/www.instagram.com\/cjdbvillena\/<\/a><\/p>\n<!-- \/wp:paragraph -->\n\n<!-- wp:group -->\n<div class=\"wp-block-group\"><div class=\"wp-block-group__inner-container\"><!-- wp:paragraph {\"fontSize\":\"medium\"} -->\n<p class=\"has-medium-font-size\"><a href=\"https:\/\/www.facebook.com\/cjdbvillena\">https:\/\/www.facebook.com\/cjdbvillena<\/a><\/p>\n<!-- \/wp:paragraph --><\/div><\/div>\n<!-- \/wp:group -->\n\n<!-- wp:paragraph {\"fontSize\":\"medium\"} -->\n<p class=\"has-medium-font-size\"><a href=\"mailto:cjdb_villena@hotmail.com\" target=\"_blank\" rel=\"noreferrer noopener\">cjdb_villena@hotmail.com<\/a><\/p>\n<!-- \/wp:paragraph --><\/div><\/div>\n<!-- \/wp:group -->\n\n<!-- wp:paragraph {\"fontSize\":\"medium\"} -->\n<p class=\"has-medium-font-size\">Os esperamos en esta especial aventura.<\/p>\n<!-- \/wp:paragraph -->\n\n<!-- wp:paragraph {\"fontSize\":\"medium\"} -->\n<p class=\"has-medium-font-size\">#SomosUno #SomosVida #SomosCJDB<\/p>\n<!-- \/wp:paragraph -->","_et_gb_content_width":"","footnotes":""},"categories":[182],"tags":[],"class_list":["post-7146","post","type-post","status-publish","format-standard","has-post-thumbnail","hentry","category-general-val"],"yoast_head":"<!-- This site is optimized with the Yoast SEO plugin v28.3 - https:\/\/yoast.com\/product\/yoast-seo-wordpress\/ -->\n<title>Inscripciones curso 2020-2021 - Centro Juvenil Don Bosco Villena<\/title>\n<meta name=\"robots\" content=\"index, follow, max-snippet:-1, max-image-preview:large, max-video-preview:-1\" \/>\n<link rel=\"canonical\" href=\"https:\/\/www.fededonbosco.org\/villena\/inscripciones-curso-2020-2021\/\" \/>\n<meta property=\"og:locale\" content=\"es_ES\" \/>\n<meta property=\"og:type\" content=\"article\" \/>\n<meta property=\"og:title\" content=\"Inscripciones curso 2020-2021 - Centro Juvenil Don Bosco Villena\" \/>\n<meta property=\"og:description\" content=\"Bienvenidos\/as al nuevo curso del CJDB, esperamos con mucha ilusi\u00f3n este momento, por lo tanto, es importante que le\u00e1is todo con atenci\u00f3n. Lo primero de todo daros las gracias por la espera, con las nuevas medidas lo mejor era esperar e informarnos de los nuevos cambios. Todav\u00eda est\u00e1is a tiempo de realizar la pre-inscripci\u00f3n a [&hellip;]\" \/>\n<meta property=\"og:url\" content=\"https:\/\/www.fededonbosco.org\/villena\/inscripciones-curso-2020-2021\/\" \/>\n<meta property=\"og:site_name\" content=\"Centro Juvenil Don Bosco Villena\" \/>\n<meta property=\"article:author\" content=\"https:\/\/www.facebook.com\/cjdbvillena\/\" \/>\n<meta property=\"article:published_time\" content=\"2020-10-23T19:49:22+00:00\" \/>\n<meta property=\"article:modified_time\" content=\"2020-11-06T12:37:00+00:00\" \/>\n<meta property=\"og:image\" content=\"https:\/\/www.fededonbosco.org\/villena\/wp-content\/uploads\/sites\/4\/2019\/10\/CARTEL-20-21_page-0001.jpg\" \/>\n\t<meta property=\"og:image:width\" content=\"2481\" \/>\n\t<meta property=\"og:image:height\" content=\"1754\" \/>\n\t<meta property=\"og:image:type\" content=\"image\/jpeg\" \/>\n<meta name=\"author\" content=\"webcjdb\" \/>\n<meta name=\"twitter:card\" content=\"summary_large_image\" \/>\n<meta name=\"twitter:creator\" content=\"@cjdbvillena\" \/>\n<meta name=\"twitter:label1\" content=\"Escrito por\" \/>\n\t<meta name=\"twitter:data1\" content=\"webcjdb\" \/>\n\t<meta name=\"twitter:label2\" content=\"Tiempo de lectura\" \/>\n\t<meta name=\"twitter:data2\" content=\"3 minutos\" \/>\n<script type=\"application\/ld+json\" class=\"yoast-schema-graph\">{\"@context\":\"https:\\\/\\\/schema.org\",\"@graph\":[{\"@type\":\"Article\",\"@id\":\"https:\\\/\\\/www.fededonbosco.org\\\/villena\\\/inscripciones-curso-2020-2021\\\/#article\",\"isPartOf\":{\"@id\":\"https:\\\/\\\/www.fededonbosco.org\\\/villena\\\/inscripciones-curso-2020-2021\\\/\"},\"author\":{\"name\":\"webcjdb\",\"@id\":\"https:\\\/\\\/www.fededonbosco.org\\\/villena\\\/#\\\/schema\\\/person\\\/4da59decd0bb185b3d847ec0fcc2087f\"},\"headline\":\"Inscripciones curso 2020-2021\",\"datePublished\":\"2020-10-23T19:49:22+00:00\",\"dateModified\":\"2020-11-06T12:37:00+00:00\",\"mainEntityOfPage\":{\"@id\":\"https:\\\/\\\/www.fededonbosco.org\\\/villena\\\/inscripciones-curso-2020-2021\\\/\"},\"wordCount\":614,\"image\":{\"@id\":\"https:\\\/\\\/www.fededonbosco.org\\\/villena\\\/inscripciones-curso-2020-2021\\\/#primaryimage\"},\"thumbnailUrl\":\"https:\\\/\\\/www.fededonbosco.org\\\/villena\\\/wp-content\\\/uploads\\\/sites\\\/4\\\/2019\\\/10\\\/CARTEL-20-21_page-0001.jpg\",\"articleSection\":[\"General\"],\"inLanguage\":\"es\"},{\"@type\":\"WebPage\",\"@id\":\"https:\\\/\\\/www.fededonbosco.org\\\/villena\\\/inscripciones-curso-2020-2021\\\/\",\"url\":\"https:\\\/\\\/www.fededonbosco.org\\\/villena\\\/inscripciones-curso-2020-2021\\\/\",\"name\":\"Inscripciones curso 2020-2021 - Centro Juvenil Don Bosco Villena\",\"isPartOf\":{\"@id\":\"https:\\\/\\\/www.fededonbosco.org\\\/villena\\\/#website\"},\"primaryImageOfPage\":{\"@id\":\"https:\\\/\\\/www.fededonbosco.org\\\/villena\\\/inscripciones-curso-2020-2021\\\/#primaryimage\"},\"image\":{\"@id\":\"https:\\\/\\\/www.fededonbosco.org\\\/villena\\\/inscripciones-curso-2020-2021\\\/#primaryimage\"},\"thumbnailUrl\":\"https:\\\/\\\/www.fededonbosco.org\\\/villena\\\/wp-content\\\/uploads\\\/sites\\\/4\\\/2019\\\/10\\\/CARTEL-20-21_page-0001.jpg\",\"datePublished\":\"2020-10-23T19:49:22+00:00\",\"dateModified\":\"2020-11-06T12:37:00+00:00\",\"author\":{\"@id\":\"https:\\\/\\\/www.fededonbosco.org\\\/villena\\\/#\\\/schema\\\/person\\\/4da59decd0bb185b3d847ec0fcc2087f\"},\"breadcrumb\":{\"@id\":\"https:\\\/\\\/www.fededonbosco.org\\\/villena\\\/inscripciones-curso-2020-2021\\\/#breadcrumb\"},\"inLanguage\":\"es\",\"potentialAction\":[{\"@type\":\"ReadAction\",\"target\":[\"https:\\\/\\\/www.fededonbosco.org\\\/villena\\\/inscripciones-curso-2020-2021\\\/\"]}]},{\"@type\":\"ImageObject\",\"inLanguage\":\"es\",\"@id\":\"https:\\\/\\\/www.fededonbosco.org\\\/villena\\\/inscripciones-curso-2020-2021\\\/#primaryimage\",\"url\":\"https:\\\/\\\/www.fededonbosco.org\\\/villena\\\/wp-content\\\/uploads\\\/sites\\\/4\\\/2019\\\/10\\\/CARTEL-20-21_page-0001.jpg\",\"contentUrl\":\"https:\\\/\\\/www.fededonbosco.org\\\/villena\\\/wp-content\\\/uploads\\\/sites\\\/4\\\/2019\\\/10\\\/CARTEL-20-21_page-0001.jpg\",\"width\":2481,\"height\":1754},{\"@type\":\"BreadcrumbList\",\"@id\":\"https:\\\/\\\/www.fededonbosco.org\\\/villena\\\/inscripciones-curso-2020-2021\\\/#breadcrumb\",\"itemListElement\":[{\"@type\":\"ListItem\",\"position\":1,\"name\":\"Portada\",\"item\":\"https:\\\/\\\/www.fededonbosco.org\\\/villena\\\/\"},{\"@type\":\"ListItem\",\"position\":2,\"name\":\"Inscripciones curso 2020-2021\"}]},{\"@type\":\"WebSite\",\"@id\":\"https:\\\/\\\/www.fededonbosco.org\\\/villena\\\/#website\",\"url\":\"https:\\\/\\\/www.fededonbosco.org\\\/villena\\\/\",\"name\":\"Centro Juvenil Don Bosco Villena\",\"description\":\"Pagina oficial del Centro Juvenil Don Bosco\",\"potentialAction\":[{\"@type\":\"SearchAction\",\"target\":{\"@type\":\"EntryPoint\",\"urlTemplate\":\"https:\\\/\\\/www.fededonbosco.org\\\/villena\\\/?s={search_term_string}\"},\"query-input\":{\"@type\":\"PropertyValueSpecification\",\"valueRequired\":true,\"valueName\":\"search_term_string\"}}],\"inLanguage\":\"es\"},{\"@type\":\"Person\",\"@id\":\"https:\\\/\\\/www.fededonbosco.org\\\/villena\\\/#\\\/schema\\\/person\\\/4da59decd0bb185b3d847ec0fcc2087f\",\"name\":\"webcjdb\",\"image\":{\"@type\":\"ImageObject\",\"inLanguage\":\"es\",\"@id\":\"https:\\\/\\\/secure.gravatar.com\\\/avatar\\\/6772807857fdc35dc1c918927bb1613843f3ac8f8acb9aaafd3f600c1ccfa3ac?s=96&d=identicon&r=g\",\"url\":\"https:\\\/\\\/secure.gravatar.com\\\/avatar\\\/6772807857fdc35dc1c918927bb1613843f3ac8f8acb9aaafd3f600c1ccfa3ac?s=96&d=identicon&r=g\",\"contentUrl\":\"https:\\\/\\\/secure.gravatar.com\\\/avatar\\\/6772807857fdc35dc1c918927bb1613843f3ac8f8acb9aaafd3f600c1ccfa3ac?s=96&d=identicon&r=g\",\"caption\":\"webcjdb\"},\"sameAs\":[\"https:\\\/\\\/www.facebook.com\\\/cjdbvillena\\\/\",\"https:\\\/\\\/www.instagram.com\\\/cjdbvillena\\\/?hl=es\",\"https:\\\/\\\/x.com\\\/cjdbvillena\"],\"url\":\"https:\\\/\\\/www.fededonbosco.org\\\/villena\\\/author\\\/webcjdb\\\/\"}]}<\/script>\n<!-- \/ Yoast SEO plugin. -->","yoast_head_json":{"title":"Inscripciones curso 2020-2021 - Centro Juvenil Don Bosco Villena","robots":{"index":"index","follow":"follow","max-snippet":"max-snippet:-1","max-image-preview":"max-image-preview:large","max-video-preview":"max-video-preview:-1"},"canonical":"https:\/\/www.fededonbosco.org\/villena\/inscripciones-curso-2020-2021\/","og_locale":"es_ES","og_type":"article","og_title":"Inscripciones curso 2020-2021 - Centro Juvenil Don Bosco Villena","og_description":"Bienvenidos\/as al nuevo curso del CJDB, esperamos con mucha ilusi\u00f3n este momento, por lo tanto, es importante que le\u00e1is todo con atenci\u00f3n. Lo primero de todo daros las gracias por la espera, con las nuevas medidas lo mejor era esperar e informarnos de los nuevos cambios. Todav\u00eda est\u00e1is a tiempo de realizar la pre-inscripci\u00f3n a [&hellip;]","og_url":"https:\/\/www.fededonbosco.org\/villena\/inscripciones-curso-2020-2021\/","og_site_name":"Centro Juvenil Don Bosco Villena","article_author":"https:\/\/www.facebook.com\/cjdbvillena\/","article_published_time":"2020-10-23T19:49:22+00:00","article_modified_time":"2020-11-06T12:37:00+00:00","og_image":[{"width":2481,"height":1754,"url":"https:\/\/www.fededonbosco.org\/villena\/wp-content\/uploads\/sites\/4\/2019\/10\/CARTEL-20-21_page-0001.jpg","type":"image\/jpeg"}],"author":"webcjdb","twitter_card":"summary_large_image","twitter_creator":"@cjdbvillena","twitter_misc":{"Escrito por":"webcjdb","Tiempo de lectura":"3 minutos"},"schema":{"@context":"https:\/\/schema.org","@graph":[{"@type":"Article","@id":"https:\/\/www.fededonbosco.org\/villena\/inscripciones-curso-2020-2021\/#article","isPartOf":{"@id":"https:\/\/www.fededonbosco.org\/villena\/inscripciones-curso-2020-2021\/"},"author":{"name":"webcjdb","@id":"https:\/\/www.fededonbosco.org\/villena\/#\/schema\/person\/4da59decd0bb185b3d847ec0fcc2087f"},"headline":"Inscripciones curso 2020-2021","datePublished":"2020-10-23T19:49:22+00:00","dateModified":"2020-11-06T12:37:00+00:00","mainEntityOfPage":{"@id":"https:\/\/www.fededonbosco.org\/villena\/inscripciones-curso-2020-2021\/"},"wordCount":614,"image":{"@id":"https:\/\/www.fededonbosco.org\/villena\/inscripciones-curso-2020-2021\/#primaryimage"},"thumbnailUrl":"https:\/\/www.fededonbosco.org\/villena\/wp-content\/uploads\/sites\/4\/2019\/10\/CARTEL-20-21_page-0001.jpg","articleSection":["General"],"inLanguage":"es"},{"@type":"WebPage","@id":"https:\/\/www.fededonbosco.org\/villena\/inscripciones-curso-2020-2021\/","url":"https:\/\/www.fededonbosco.org\/villena\/inscripciones-curso-2020-2021\/","name":"Inscripciones curso 2020-2021 - Centro Juvenil Don Bosco Villena","isPartOf":{"@id":"https:\/\/www.fededonbosco.org\/villena\/#website"},"primaryImageOfPage":{"@id":"https:\/\/www.fededonbosco.org\/villena\/inscripciones-curso-2020-2021\/#primaryimage"},"image":{"@id":"https:\/\/www.fededonbosco.org\/villena\/inscripciones-curso-2020-2021\/#primaryimage"},"thumbnailUrl":"https:\/\/www.fededonbosco.org\/villena\/wp-content\/uploads\/sites\/4\/2019\/10\/CARTEL-20-21_page-0001.jpg","datePublished":"2020-10-23T19:49:22+00:00","dateModified":"2020-11-06T12:37:00+00:00","author":{"@id":"https:\/\/www.fededonbosco.org\/villena\/#\/schema\/person\/4da59decd0bb185b3d847ec0fcc2087f"},"breadcrumb":{"@id":"https:\/\/www.fededonbosco.org\/villena\/inscripciones-curso-2020-2021\/#breadcrumb"},"inLanguage":"es","potentialAction":[{"@type":"ReadAction","target":["https:\/\/www.fededonbosco.org\/villena\/inscripciones-curso-2020-2021\/"]}]},{"@type":"ImageObject","inLanguage":"es","@id":"https:\/\/www.fededonbosco.org\/villena\/inscripciones-curso-2020-2021\/#primaryimage","url":"https:\/\/www.fededonbosco.org\/villena\/wp-content\/uploads\/sites\/4\/2019\/10\/CARTEL-20-21_page-0001.jpg","contentUrl":"https:\/\/www.fededonbosco.org\/villena\/wp-content\/uploads\/sites\/4\/2019\/10\/CARTEL-20-21_page-0001.jpg","width":2481,"height":1754},{"@type":"BreadcrumbList","@id":"https:\/\/www.fededonbosco.org\/villena\/inscripciones-curso-2020-2021\/#breadcrumb","itemListElement":[{"@type":"ListItem","position":1,"name":"Portada","item":"https:\/\/www.fededonbosco.org\/villena\/"},{"@type":"ListItem","position":2,"name":"Inscripciones curso 2020-2021"}]},{"@type":"WebSite","@id":"https:\/\/www.fededonbosco.org\/villena\/#website","url":"https:\/\/www.fededonbosco.org\/villena\/","name":"Centro Juvenil Don Bosco Villena","description":"Pagina oficial del Centro Juvenil Don Bosco","potentialAction":[{"@type":"SearchAction","target":{"@type":"EntryPoint","urlTemplate":"https:\/\/www.fededonbosco.org\/villena\/?s={search_term_string}"},"query-input":{"@type":"PropertyValueSpecification","valueRequired":true,"valueName":"search_term_string"}}],"inLanguage":"es"},{"@type":"Person","@id":"https:\/\/www.fededonbosco.org\/villena\/#\/schema\/person\/4da59decd0bb185b3d847ec0fcc2087f","name":"webcjdb","image":{"@type":"ImageObject","inLanguage":"es","@id":"https:\/\/secure.gravatar.com\/avatar\/6772807857fdc35dc1c918927bb1613843f3ac8f8acb9aaafd3f600c1ccfa3ac?s=96&d=identicon&r=g","url":"https:\/\/secure.gravatar.com\/avatar\/6772807857fdc35dc1c918927bb1613843f3ac8f8acb9aaafd3f600c1ccfa3ac?s=96&d=identicon&r=g","contentUrl":"https:\/\/secure.gravatar.com\/avatar\/6772807857fdc35dc1c918927bb1613843f3ac8f8acb9aaafd3f600c1ccfa3ac?s=96&d=identicon&r=g","caption":"webcjdb"},"sameAs":["https:\/\/www.facebook.com\/cjdbvillena\/","https:\/\/www.instagram.com\/cjdbvillena\/?hl=es","https:\/\/x.com\/cjdbvillena"],"url":"https:\/\/www.fededonbosco.org\/villena\/author\/webcjdb\/"}]}},"_links":{"self":[{"href":"https:\/\/www.fededonbosco.org\/villena\/wp-json\/wp\/v2\/posts\/7146","targetHints":{"allow":["GET"]}}],"collection":[{"href":"https:\/\/www.fededonbosco.org\/villena\/wp-json\/wp\/v2\/posts"}],"about":[{"href":"https:\/\/www.fededonbosco.org\/villena\/wp-json\/wp\/v2\/types\/post"}],"author":[{"embeddable":true,"href":"https:\/\/www.fededonbosco.org\/villena\/wp-json\/wp\/v2\/users\/8"}],"replies":[{"embeddable":true,"href":"https:\/\/www.fededonbosco.org\/villena\/wp-json\/wp\/v2\/comments?post=7146"}],"version-history":[{"count":9,"href":"https:\/\/www.fededonbosco.org\/villena\/wp-json\/wp\/v2\/posts\/7146\/revisions"}],"predecessor-version":[{"id":7208,"href":"https:\/\/www.fededonbosco.org\/villena\/wp-json\/wp\/v2\/posts\/7146\/revisions\/7208"}],"wp:featuredmedia":[{"embeddable":true,"href":"https:\/\/www.fededonbosco.org\/villena\/wp-json\/wp\/v2\/media\/7144"}],"wp:attachment":[{"href":"https:\/\/www.fededonbosco.org\/villena\/wp-json\/wp\/v2\/media?parent=7146"}],"wp:term":[{"taxonomy":"category","embeddable":true,"href":"https:\/\/www.fededonbosco.org\/villena\/wp-json\/wp\/v2\/categories?post=7146"},{"taxonomy":"post_tag","embeddable":true,"href":"https:\/\/www.fededonbosco.org\/villena\/wp-json\/wp\/v2\/tags?post=7146"}],"curies":[{"name":"wp","href":"https:\/\/api.w.org\/{rel}","templated":true}]}}