{"id":7237,"date":"2021-05-30T14:36:15","date_gmt":"2021-05-30T13:36:15","guid":{"rendered":"https:\/\/www.fededonbosco.org\/villena\/?p=7237"},"modified":"2021-06-28T16:31:40","modified_gmt":"2021-06-28T15:31:40","slug":"villanua-2021","status":"publish","type":"post","link":"https:\/\/www.fededonbosco.org\/villena\/villanua-2021\/","title":{"rendered":"\u00a1Volvemos a Villan\u00faa! CAMPAMENTO 2021"},"content":{"rendered":"<div id=\"fb-root\"><\/div>\n<h2 style=\"text-align: left\"><strong>\u00a1\u00a1Volvemos a Villan\u00faa!!<\/strong><\/h2>\n<p style=\"text-align: left\">Buenos d\u00edas a todos y a todas! &#x1f64b;&#x1f3fb;&#x200d;&#x2640;&#xfe0f;<br \/>\nAcabamos el curso de Ju-B 2020-2021 por todo lo alto, ya que tenemos una gran noticia que daros&#8230; <strong>\u00a1\u00a1Volvemos a Villan\u00faa!!<\/strong> As\u00ed este verano realizaremos el cl\u00e1sico campamento de verano en nuestro querido albergue <strong>Gabardip,\u00a0<\/strong>aun que como todo este a\u00f1o, ser\u00e1 diferente, aqu\u00ed os dejamos toda la informaci\u00f3n:<\/p>\n<p>&nbsp;<\/p>\n<h5 style=\"text-align: left\"><strong>\u00bfD\u00d3NDE?<\/strong><\/h5>\n<p style=\"text-align: left\">Como ya hemos dicho en el <strong>Albergue \u201cGabardip\u201d de Villan\u00faa (HUESCA)<\/strong>, en pleno Pirineo aragon\u00e9s, a 10 km de Jaca. El Albergue est\u00e1 bien preparado, cumpliendo la normativa de aforo reducido y las medidas que marca el Gobierno de Arag\u00f3n. <strong>Es un Albergue bien conocido por el Equipo de Animadores y Animadoras de nuestro CJDB.<\/strong><\/p>\n<h5 style=\"text-align: left\"><strong>\u00bfCU\u00c1NDO? <\/strong><\/h5>\n<p style=\"text-align: left\"><strong>Del 24 al 30 de julio<\/strong> tenemos nuevas fechas, este a\u00f1o ser\u00e1 un campamento de una semana.<\/p>\n<h5 style=\"text-align: left\"><strong>\u00bfPARA QUI\u00c9NES?<\/strong><\/h5>\n<p style=\"text-align: left\">Para todos los socios y socias del Sector JU-B y para otros chicos y chicas que deseen apuntarse, hasta completar plazas. En primer lugar, <strong>se les guarda plaza a los socios y socias del CJDB (sector de JU-B y JU-B 72).<\/strong><\/p>\n<h5 style=\"text-align: left\"><strong>\u00bfCU\u00c1NTO CUESTA?<\/strong><\/h5>\n<p style=\"text-align: left\"><strong>240 euros<\/strong> (precio ajustado que incluye Alquiler de ALBERGUE, Transporte en autobuses, COMIDAS, materiales de actividades, material \u201cCovid\u201d, test de ant\u00edgenos, etc). <strong>Para los SOCIOS Y SOCIAS de JU-B (que ya pagaron la cuota) el precio es 200 \u20ac<\/strong><\/p>\n<h5 style=\"text-align: left\"><strong>\u00bfC\u00d3MO PUEDES APUNTARTE? <\/strong><\/h5>\n<p style=\"text-align: left\">Debes completar el Formulario de Pre-Inscripci\u00f3n que puedes encontrar en el siguiente c\u00f3digo QR.<\/p>\n<p>&nbsp;<\/p>\n<p style=\"text-align: center\"><a href=\"https:\/\/forms.gle\/Zg2RQDnEBbGCSEucA\">https:\/\/forms.gle\/Zg2RQDnEBbGCSEucA<\/a><\/p>\n<p style=\"text-align: left\"><img loading=\"lazy\" decoding=\"async\" class=\"size-medium wp-image-7238 aligncenter\" src=\"http:\/\/www.fededonbosco.org\/villena\/wp-content\/uploads\/sites\/4\/2021\/05\/WhatsApp-Image-2021-05-27-at-23.54.46-300x300.jpeg\" alt=\"\" width=\"300\" height=\"300\" \/><\/p>\n<p>Toda esta informaci\u00f3n la ten\u00e9is recogida en el siguiente documento:<\/p>\n<div class=\"wp-block-file\"><a href=\"http:\/\/www.fededonbosco.org\/villena\/wp-content\/uploads\/sites\/4\/2021\/05\/HOJA-INFORMATIVA-VILLANUA-2021.pdf\">HOJA INFORMATIVA &#8211; VILLAN\u00daA 2021<\/a><a class=\"wp-block-file__button\" href=\"http:\/\/www.fededonbosco.org\/villena\/wp-content\/uploads\/sites\/4\/2021\/05\/HOJA-INFORMATIVA-VILLANUA-2021.pdf\">Descargar<\/a><\/div>\n<p style=\"text-align: left\">Cualquier duda o pregunta pod\u00e9is contactar con <strong>presidencia@cjdb.dbcv.es <\/strong>o por telegram a <strong>@juanmi_mt99<\/strong>. M\u00e1s adelante se realizar\u00e1 una reuni\u00f3n informativa con aquellos\/as que est\u00e9n inscritos.<\/p>\n<p>&nbsp;<\/p>\n<p>&nbsp;<\/p>\n<p>&nbsp;<\/p>\n\n<div class=\"twitter-share\"><a href=\"https:\/\/twitter.com\/intent\/tweet?via=CJDB_Villena\" class=\"twitter-share-button\">Twittear<\/a><\/div>\n","protected":false},"excerpt":{"rendered":"<p>\u00a1\u00a1Volvemos a Villan\u00faa!! Buenos d\u00edas a todos y a todas! &#x1f64b;&#x1f3fb;&#x200d;&#x2640;&#xfe0f; Acabamos el curso de Ju-B 2020-2021 por todo lo alto, ya que tenemos una gran noticia que daros&#8230; \u00a1\u00a1Volvemos a Villan\u00faa!! As\u00ed este verano realizaremos el cl\u00e1sico campamento de verano en nuestro querido albergue Gabardip,\u00a0aun que como todo este a\u00f1o, ser\u00e1 diferente, aqu\u00ed os [&hellip;]<\/p>\n","protected":false},"author":8,"featured_media":7243,"comment_status":"open","ping_status":"closed","sticky":false,"template":"","format":"standard","meta":{"_et_pb_use_builder":"","_et_pb_old_content":"","_et_gb_content_width":"","footnotes":""},"categories":[182],"tags":[],"class_list":["post-7237","post","type-post","status-publish","format-standard","has-post-thumbnail","hentry","category-general-val"],"yoast_head":"<!-- This site is optimized with the Yoast SEO plugin v27.4 - https:\/\/yoast.com\/product\/yoast-seo-wordpress\/ -->\n<title>\u00a1Volvemos a Villan\u00faa! CAMPAMENTO 2021 - Centro Juvenil Don Bosco Villena<\/title>\n<meta name=\"robots\" content=\"index, follow, max-snippet:-1, max-image-preview:large, max-video-preview:-1\" \/>\n<link rel=\"canonical\" href=\"https:\/\/www.fededonbosco.org\/villena\/villanua-2021\/\" \/>\n<meta property=\"og:locale\" content=\"es_ES\" \/>\n<meta property=\"og:type\" content=\"article\" \/>\n<meta property=\"og:title\" content=\"\u00a1Volvemos a Villan\u00faa! CAMPAMENTO 2021 - Centro Juvenil Don Bosco Villena\" \/>\n<meta property=\"og:description\" content=\"\u00a1\u00a1Volvemos a Villan\u00faa!! Buenos d\u00edas a todos y a todas! &#x1f64b;&#x1f3fb;&#x200d;&#x2640;&#xfe0f; Acabamos el curso de Ju-B 2020-2021 por todo lo alto, ya que tenemos una gran noticia que daros&#8230; \u00a1\u00a1Volvemos a Villan\u00faa!! As\u00ed este verano realizaremos el cl\u00e1sico campamento de verano en nuestro querido albergue Gabardip,\u00a0aun que como todo este a\u00f1o, ser\u00e1 diferente, aqu\u00ed os [&hellip;]\" \/>\n<meta property=\"og:url\" content=\"https:\/\/www.fededonbosco.org\/villena\/villanua-2021\/\" \/>\n<meta property=\"og:site_name\" content=\"Centro Juvenil Don Bosco Villena\" \/>\n<meta property=\"article:author\" content=\"https:\/\/www.facebook.com\/cjdbvillena\/\" \/>\n<meta property=\"article:published_time\" content=\"2021-05-30T13:36:15+00:00\" \/>\n<meta property=\"article:modified_time\" content=\"2021-06-28T15:31:40+00:00\" \/>\n<meta property=\"og:image\" content=\"https:\/\/www.fededonbosco.org\/villena\/wp-content\/uploads\/sites\/4\/2021\/05\/cabecera.png\" \/>\n\t<meta property=\"og:image:width\" content=\"1448\" \/>\n\t<meta property=\"og:image:height\" content=\"676\" \/>\n\t<meta property=\"og:image:type\" content=\"image\/png\" \/>\n<meta name=\"author\" content=\"webcjdb\" \/>\n<meta name=\"twitter:card\" content=\"summary_large_image\" \/>\n<meta name=\"twitter:creator\" content=\"@cjdbvillena\" \/>\n<meta name=\"twitter:label1\" content=\"Escrito por\" \/>\n\t<meta name=\"twitter:data1\" content=\"webcjdb\" \/>\n\t<meta name=\"twitter:label2\" content=\"Tiempo de lectura\" \/>\n\t<meta name=\"twitter:data2\" content=\"2 minutos\" \/>\n<script type=\"application\/ld+json\" class=\"yoast-schema-graph\">{\"@context\":\"https:\\\/\\\/schema.org\",\"@graph\":[{\"@type\":\"Article\",\"@id\":\"https:\\\/\\\/www.fededonbosco.org\\\/villena\\\/villanua-2021\\\/#article\",\"isPartOf\":{\"@id\":\"https:\\\/\\\/www.fededonbosco.org\\\/villena\\\/villanua-2021\\\/\"},\"author\":{\"name\":\"webcjdb\",\"@id\":\"https:\\\/\\\/www.fededonbosco.org\\\/villena\\\/#\\\/schema\\\/person\\\/4da59decd0bb185b3d847ec0fcc2087f\"},\"headline\":\"\u00a1Volvemos a Villan\u00faa! CAMPAMENTO 2021\",\"datePublished\":\"2021-05-30T13:36:15+00:00\",\"dateModified\":\"2021-06-28T15:31:40+00:00\",\"mainEntityOfPage\":{\"@id\":\"https:\\\/\\\/www.fededonbosco.org\\\/villena\\\/villanua-2021\\\/\"},\"wordCount\":323,\"commentCount\":0,\"image\":{\"@id\":\"https:\\\/\\\/www.fededonbosco.org\\\/villena\\\/villanua-2021\\\/#primaryimage\"},\"thumbnailUrl\":\"https:\\\/\\\/www.fededonbosco.org\\\/villena\\\/wp-content\\\/uploads\\\/sites\\\/4\\\/2021\\\/05\\\/cabecera.png\",\"articleSection\":[\"General\"],\"inLanguage\":\"es\",\"potentialAction\":[{\"@type\":\"CommentAction\",\"name\":\"Comment\",\"target\":[\"https:\\\/\\\/www.fededonbosco.org\\\/villena\\\/villanua-2021\\\/#respond\"]}]},{\"@type\":\"WebPage\",\"@id\":\"https:\\\/\\\/www.fededonbosco.org\\\/villena\\\/villanua-2021\\\/\",\"url\":\"https:\\\/\\\/www.fededonbosco.org\\\/villena\\\/villanua-2021\\\/\",\"name\":\"\u00a1Volvemos a Villan\u00faa! CAMPAMENTO 2021 - Centro Juvenil Don Bosco Villena\",\"isPartOf\":{\"@id\":\"https:\\\/\\\/www.fededonbosco.org\\\/villena\\\/#website\"},\"primaryImageOfPage\":{\"@id\":\"https:\\\/\\\/www.fededonbosco.org\\\/villena\\\/villanua-2021\\\/#primaryimage\"},\"image\":{\"@id\":\"https:\\\/\\\/www.fededonbosco.org\\\/villena\\\/villanua-2021\\\/#primaryimage\"},\"thumbnailUrl\":\"https:\\\/\\\/www.fededonbosco.org\\\/villena\\\/wp-content\\\/uploads\\\/sites\\\/4\\\/2021\\\/05\\\/cabecera.png\",\"datePublished\":\"2021-05-30T13:36:15+00:00\",\"dateModified\":\"2021-06-28T15:31:40+00:00\",\"author\":{\"@id\":\"https:\\\/\\\/www.fededonbosco.org\\\/villena\\\/#\\\/schema\\\/person\\\/4da59decd0bb185b3d847ec0fcc2087f\"},\"breadcrumb\":{\"@id\":\"https:\\\/\\\/www.fededonbosco.org\\\/villena\\\/villanua-2021\\\/#breadcrumb\"},\"inLanguage\":\"es\",\"potentialAction\":[{\"@type\":\"ReadAction\",\"target\":[\"https:\\\/\\\/www.fededonbosco.org\\\/villena\\\/villanua-2021\\\/\"]}]},{\"@type\":\"ImageObject\",\"inLanguage\":\"es\",\"@id\":\"https:\\\/\\\/www.fededonbosco.org\\\/villena\\\/villanua-2021\\\/#primaryimage\",\"url\":\"https:\\\/\\\/www.fededonbosco.org\\\/villena\\\/wp-content\\\/uploads\\\/sites\\\/4\\\/2021\\\/05\\\/cabecera.png\",\"contentUrl\":\"https:\\\/\\\/www.fededonbosco.org\\\/villena\\\/wp-content\\\/uploads\\\/sites\\\/4\\\/2021\\\/05\\\/cabecera.png\",\"width\":1448,\"height\":676},{\"@type\":\"BreadcrumbList\",\"@id\":\"https:\\\/\\\/www.fededonbosco.org\\\/villena\\\/villanua-2021\\\/#breadcrumb\",\"itemListElement\":[{\"@type\":\"ListItem\",\"position\":1,\"name\":\"Portada\",\"item\":\"https:\\\/\\\/www.fededonbosco.org\\\/villena\\\/\"},{\"@type\":\"ListItem\",\"position\":2,\"name\":\"\u00a1Volvemos a Villan\u00faa! CAMPAMENTO 2021\"}]},{\"@type\":\"WebSite\",\"@id\":\"https:\\\/\\\/www.fededonbosco.org\\\/villena\\\/#website\",\"url\":\"https:\\\/\\\/www.fededonbosco.org\\\/villena\\\/\",\"name\":\"Centro Juvenil Don Bosco Villena\",\"description\":\"Pagina oficial del Centro Juvenil Don Bosco\",\"potentialAction\":[{\"@type\":\"SearchAction\",\"target\":{\"@type\":\"EntryPoint\",\"urlTemplate\":\"https:\\\/\\\/www.fededonbosco.org\\\/villena\\\/?s={search_term_string}\"},\"query-input\":{\"@type\":\"PropertyValueSpecification\",\"valueRequired\":true,\"valueName\":\"search_term_string\"}}],\"inLanguage\":\"es\"},{\"@type\":\"Person\",\"@id\":\"https:\\\/\\\/www.fededonbosco.org\\\/villena\\\/#\\\/schema\\\/person\\\/4da59decd0bb185b3d847ec0fcc2087f\",\"name\":\"webcjdb\",\"image\":{\"@type\":\"ImageObject\",\"inLanguage\":\"es\",\"@id\":\"https:\\\/\\\/secure.gravatar.com\\\/avatar\\\/6772807857fdc35dc1c918927bb1613843f3ac8f8acb9aaafd3f600c1ccfa3ac?s=96&d=identicon&r=g\",\"url\":\"https:\\\/\\\/secure.gravatar.com\\\/avatar\\\/6772807857fdc35dc1c918927bb1613843f3ac8f8acb9aaafd3f600c1ccfa3ac?s=96&d=identicon&r=g\",\"contentUrl\":\"https:\\\/\\\/secure.gravatar.com\\\/avatar\\\/6772807857fdc35dc1c918927bb1613843f3ac8f8acb9aaafd3f600c1ccfa3ac?s=96&d=identicon&r=g\",\"caption\":\"webcjdb\"},\"sameAs\":[\"https:\\\/\\\/www.facebook.com\\\/cjdbvillena\\\/\",\"https:\\\/\\\/www.instagram.com\\\/cjdbvillena\\\/?hl=es\",\"https:\\\/\\\/x.com\\\/cjdbvillena\"],\"url\":\"https:\\\/\\\/www.fededonbosco.org\\\/villena\\\/author\\\/webcjdb\\\/\"}]}<\/script>\n<!-- \/ Yoast SEO plugin. -->","yoast_head_json":{"title":"\u00a1Volvemos a Villan\u00faa! CAMPAMENTO 2021 - Centro Juvenil Don Bosco Villena","robots":{"index":"index","follow":"follow","max-snippet":"max-snippet:-1","max-image-preview":"max-image-preview:large","max-video-preview":"max-video-preview:-1"},"canonical":"https:\/\/www.fededonbosco.org\/villena\/villanua-2021\/","og_locale":"es_ES","og_type":"article","og_title":"\u00a1Volvemos a Villan\u00faa! CAMPAMENTO 2021 - Centro Juvenil Don Bosco Villena","og_description":"\u00a1\u00a1Volvemos a Villan\u00faa!! Buenos d\u00edas a todos y a todas! &#x1f64b;&#x1f3fb;&#x200d;&#x2640;&#xfe0f; Acabamos el curso de Ju-B 2020-2021 por todo lo alto, ya que tenemos una gran noticia que daros&#8230; \u00a1\u00a1Volvemos a Villan\u00faa!! As\u00ed este verano realizaremos el cl\u00e1sico campamento de verano en nuestro querido albergue Gabardip,\u00a0aun que como todo este a\u00f1o, ser\u00e1 diferente, aqu\u00ed os [&hellip;]","og_url":"https:\/\/www.fededonbosco.org\/villena\/villanua-2021\/","og_site_name":"Centro Juvenil Don Bosco Villena","article_author":"https:\/\/www.facebook.com\/cjdbvillena\/","article_published_time":"2021-05-30T13:36:15+00:00","article_modified_time":"2021-06-28T15:31:40+00:00","og_image":[{"width":1448,"height":676,"url":"https:\/\/www.fededonbosco.org\/villena\/wp-content\/uploads\/sites\/4\/2021\/05\/cabecera.png","type":"image\/png"}],"author":"webcjdb","twitter_card":"summary_large_image","twitter_creator":"@cjdbvillena","twitter_misc":{"Escrito por":"webcjdb","Tiempo de lectura":"2 minutos"},"schema":{"@context":"https:\/\/schema.org","@graph":[{"@type":"Article","@id":"https:\/\/www.fededonbosco.org\/villena\/villanua-2021\/#article","isPartOf":{"@id":"https:\/\/www.fededonbosco.org\/villena\/villanua-2021\/"},"author":{"name":"webcjdb","@id":"https:\/\/www.fededonbosco.org\/villena\/#\/schema\/person\/4da59decd0bb185b3d847ec0fcc2087f"},"headline":"\u00a1Volvemos a Villan\u00faa! CAMPAMENTO 2021","datePublished":"2021-05-30T13:36:15+00:00","dateModified":"2021-06-28T15:31:40+00:00","mainEntityOfPage":{"@id":"https:\/\/www.fededonbosco.org\/villena\/villanua-2021\/"},"wordCount":323,"commentCount":0,"image":{"@id":"https:\/\/www.fededonbosco.org\/villena\/villanua-2021\/#primaryimage"},"thumbnailUrl":"https:\/\/www.fededonbosco.org\/villena\/wp-content\/uploads\/sites\/4\/2021\/05\/cabecera.png","articleSection":["General"],"inLanguage":"es","potentialAction":[{"@type":"CommentAction","name":"Comment","target":["https:\/\/www.fededonbosco.org\/villena\/villanua-2021\/#respond"]}]},{"@type":"WebPage","@id":"https:\/\/www.fededonbosco.org\/villena\/villanua-2021\/","url":"https:\/\/www.fededonbosco.org\/villena\/villanua-2021\/","name":"\u00a1Volvemos a Villan\u00faa! CAMPAMENTO 2021 - Centro Juvenil Don Bosco Villena","isPartOf":{"@id":"https:\/\/www.fededonbosco.org\/villena\/#website"},"primaryImageOfPage":{"@id":"https:\/\/www.fededonbosco.org\/villena\/villanua-2021\/#primaryimage"},"image":{"@id":"https:\/\/www.fededonbosco.org\/villena\/villanua-2021\/#primaryimage"},"thumbnailUrl":"https:\/\/www.fededonbosco.org\/villena\/wp-content\/uploads\/sites\/4\/2021\/05\/cabecera.png","datePublished":"2021-05-30T13:36:15+00:00","dateModified":"2021-06-28T15:31:40+00:00","author":{"@id":"https:\/\/www.fededonbosco.org\/villena\/#\/schema\/person\/4da59decd0bb185b3d847ec0fcc2087f"},"breadcrumb":{"@id":"https:\/\/www.fededonbosco.org\/villena\/villanua-2021\/#breadcrumb"},"inLanguage":"es","potentialAction":[{"@type":"ReadAction","target":["https:\/\/www.fededonbosco.org\/villena\/villanua-2021\/"]}]},{"@type":"ImageObject","inLanguage":"es","@id":"https:\/\/www.fededonbosco.org\/villena\/villanua-2021\/#primaryimage","url":"https:\/\/www.fededonbosco.org\/villena\/wp-content\/uploads\/sites\/4\/2021\/05\/cabecera.png","contentUrl":"https:\/\/www.fededonbosco.org\/villena\/wp-content\/uploads\/sites\/4\/2021\/05\/cabecera.png","width":1448,"height":676},{"@type":"BreadcrumbList","@id":"https:\/\/www.fededonbosco.org\/villena\/villanua-2021\/#breadcrumb","itemListElement":[{"@type":"ListItem","position":1,"name":"Portada","item":"https:\/\/www.fededonbosco.org\/villena\/"},{"@type":"ListItem","position":2,"name":"\u00a1Volvemos a Villan\u00faa! CAMPAMENTO 2021"}]},{"@type":"WebSite","@id":"https:\/\/www.fededonbosco.org\/villena\/#website","url":"https:\/\/www.fededonbosco.org\/villena\/","name":"Centro Juvenil Don Bosco Villena","description":"Pagina oficial del Centro Juvenil Don Bosco","potentialAction":[{"@type":"SearchAction","target":{"@type":"EntryPoint","urlTemplate":"https:\/\/www.fededonbosco.org\/villena\/?s={search_term_string}"},"query-input":{"@type":"PropertyValueSpecification","valueRequired":true,"valueName":"search_term_string"}}],"inLanguage":"es"},{"@type":"Person","@id":"https:\/\/www.fededonbosco.org\/villena\/#\/schema\/person\/4da59decd0bb185b3d847ec0fcc2087f","name":"webcjdb","image":{"@type":"ImageObject","inLanguage":"es","@id":"https:\/\/secure.gravatar.com\/avatar\/6772807857fdc35dc1c918927bb1613843f3ac8f8acb9aaafd3f600c1ccfa3ac?s=96&d=identicon&r=g","url":"https:\/\/secure.gravatar.com\/avatar\/6772807857fdc35dc1c918927bb1613843f3ac8f8acb9aaafd3f600c1ccfa3ac?s=96&d=identicon&r=g","contentUrl":"https:\/\/secure.gravatar.com\/avatar\/6772807857fdc35dc1c918927bb1613843f3ac8f8acb9aaafd3f600c1ccfa3ac?s=96&d=identicon&r=g","caption":"webcjdb"},"sameAs":["https:\/\/www.facebook.com\/cjdbvillena\/","https:\/\/www.instagram.com\/cjdbvillena\/?hl=es","https:\/\/x.com\/cjdbvillena"],"url":"https:\/\/www.fededonbosco.org\/villena\/author\/webcjdb\/"}]}},"_links":{"self":[{"href":"https:\/\/www.fededonbosco.org\/villena\/wp-json\/wp\/v2\/posts\/7237","targetHints":{"allow":["GET"]}}],"collection":[{"href":"https:\/\/www.fededonbosco.org\/villena\/wp-json\/wp\/v2\/posts"}],"about":[{"href":"https:\/\/www.fededonbosco.org\/villena\/wp-json\/wp\/v2\/types\/post"}],"author":[{"embeddable":true,"href":"https:\/\/www.fededonbosco.org\/villena\/wp-json\/wp\/v2\/users\/8"}],"replies":[{"embeddable":true,"href":"https:\/\/www.fededonbosco.org\/villena\/wp-json\/wp\/v2\/comments?post=7237"}],"version-history":[{"count":15,"href":"https:\/\/www.fededonbosco.org\/villena\/wp-json\/wp\/v2\/posts\/7237\/revisions"}],"predecessor-version":[{"id":7299,"href":"https:\/\/www.fededonbosco.org\/villena\/wp-json\/wp\/v2\/posts\/7237\/revisions\/7299"}],"wp:featuredmedia":[{"embeddable":true,"href":"https:\/\/www.fededonbosco.org\/villena\/wp-json\/wp\/v2\/media\/7243"}],"wp:attachment":[{"href":"https:\/\/www.fededonbosco.org\/villena\/wp-json\/wp\/v2\/media?parent=7237"}],"wp:term":[{"taxonomy":"category","embeddable":true,"href":"https:\/\/www.fededonbosco.org\/villena\/wp-json\/wp\/v2\/categories?post=7237"},{"taxonomy":"post_tag","embeddable":true,"href":"https:\/\/www.fededonbosco.org\/villena\/wp-json\/wp\/v2\/tags?post=7237"}],"curies":[{"name":"wp","href":"https:\/\/api.w.org\/{rel}","templated":true}]}}