{"id":7260,"date":"2021-06-20T18:03:27","date_gmt":"2021-06-20T17:03:27","guid":{"rendered":"https:\/\/www.fededonbosco.org\/villena\/?p=7260"},"modified":"2021-09-26T13:12:25","modified_gmt":"2021-09-26T12:12:25","slug":"admitidos-villanua-2021","status":"publish","type":"post","link":"https:\/\/www.fededonbosco.org\/villena\/admitidos-villanua-2021\/","title":{"rendered":"Admitidos Villan\u00faa 2021"},"content":{"rendered":"<div id=\"fb-root\"><\/div>\n<h3>Admitidos Villan\u00faa 2021<\/h3>\n<p>Tras finalizar las inscripciones del campamento os comunicamos que todas las personas inscritas han sido <strong>admitidas.\u00a0<\/strong>A continuaci\u00f3n vamos a pasar a detallar la informaci\u00f3n sobre el pago y la inscripci\u00f3n y dem\u00e1s datos de inter\u00e9s.<\/p>\n<p><strong>1.\u2794<\/strong> Se podr\u00e1 realizar los pagos por trasferencia Bancaria a la siguiente cuenta.<\/p>\n<p style=\"text-align: center\"><strong>Cuenta CJDB:<\/strong> ES22 2100 2291 7501 0028 5395<\/p>\n<ul>\n<li>El primer pago para reservar la plaza ser\u00e1 de <strong>50 \u20ac<\/strong> y deber\u00e1 hacerse antes del <strong>27 de junio.<\/strong><\/li>\n<li>El resto del pago <strong>SI SON SOCIOS DEL CJDB 150\u20ac<\/strong> podr\u00e1 realizarse hasta el d\u00eda<strong> 10 de Julio a las 23:59<\/strong>.\n<ul>\n<li>Para <strong>NO SOCIOS 190\u20ac<\/strong> con la misma fecha limite.<\/li>\n<\/ul>\n<\/li>\n<\/ul>\n<p>El concepto deber\u00e1 ser \u00ab<strong>Campamento 2021 nombre, 2 apellidos y curso del chico\/a\u00bb.\u00a0<\/strong><\/p>\n<p>Por ejemplo:<\/p>\n<p>Campamento 2021 Pedro Hern\u00e1ndez Mart\u00ednez 2\u00ba ESO<\/p>\n<h6 style=\"text-align: center\"><strong>IMPORTANTE GUARDAR EL JUSTIFICANTE DE PAGO PARA ENTREGARLO CON LA INSCRIPCI\u00d3N QUE SE FACILITAR\u00c1 EN LA REUNI\u00d3N DE PADRES.<\/strong><\/h6>\n<p>&nbsp;<\/p>\n<p><strong>2.\u2794<\/strong> Si se diera el caso (por cualquier motivo) de que el interesado NO PUEDE ASISTIR AL CAMPAMENTO, debe avisar CUANTO ANTES A LOS RESPONSABLES del centro juvenil. Para nuestra organizaci\u00f3n es muy importante que se comunique antes del 10 de julio para no esperar a un d\u00eda o dos antes\u2026TU PLAZA (si est\u00e1 disponible) PUEDE UTILIZARLA OTRA PERSONA de la lista de espera.<\/p>\n<p>&nbsp;<\/p>\n<p><strong>3.\u2794<\/strong> REUNI\u00d3N DE PADRES (Toma nota)<\/p>\n<p>Para ultimar detalles y dar toda la informaci\u00f3n necesaria tendremos la REUNI\u00d3N INFORMATIVA PARA PADRES el viernes, d\u00eda 2 de Julio a las 20 h en el teatro de Salesianos.<\/p>\n<p>&nbsp;<\/p>\n<p><strong>4.\u2794 Informaci\u00f3n de contacto.<\/strong><\/p>\n<p>Ante cualquier duda pod\u00e9is poneros en contacto con nosotros por correo, <strong>andreslopez@cjdb.dbcv.es<\/strong> o por telegram <strong>@AndresLO<\/strong><\/p>\n<p><strong>Hemos creado un Canal de telegram<\/strong> a trav\u00e9s del cual mandaremos toda la informaci\u00f3n y recordatorios del campamento como medio de comunicaci\u00f3n directo <strong>https:\/\/t.me\/villanua2021<\/strong>. Si busc\u00e1is\u00a0\u00a0<strong>villanua2021 <\/strong>en el buscador de telegram deber\u00eda aparecer directamente.<\/p>\n<p>Adjuntamos toda esta informaci\u00f3n en un documento aparte, puede descargarla aqu\u00ed: <a href=\"http:\/\/www.fededonbosco.org\/villena\/wp-content\/uploads\/sites\/4\/2021\/06\/Circular-Ingreso-dinero-otros-detalles-2.pdf\">Circular Informativa<\/a><\/p>\n\n<div class=\"twitter-share\"><a href=\"https:\/\/twitter.com\/intent\/tweet?via=CJDB_Villena\" class=\"twitter-share-button\">Twittear<\/a><\/div>\n","protected":false},"excerpt":{"rendered":"<p>Admitidos Villan\u00faa 2021 Tras finalizar las inscripciones del campamento os comunicamos que todas las personas inscritas han sido admitidas.\u00a0A continuaci\u00f3n vamos a pasar a detallar la informaci\u00f3n sobre el pago y la inscripci\u00f3n y dem\u00e1s datos de inter\u00e9s. 1.\u2794 Se podr\u00e1 realizar los pagos por trasferencia Bancaria a la siguiente cuenta. Cuenta CJDB: ES22 2100 [&hellip;]<\/p>\n","protected":false},"author":8,"featured_media":7265,"comment_status":"closed","ping_status":"closed","sticky":false,"template":"","format":"standard","meta":{"_et_pb_use_builder":"","_et_pb_old_content":"","_et_gb_content_width":"","footnotes":""},"categories":[164,35,172,203],"tags":[],"class_list":["post-7260","post","type-post","status-publish","format-standard","has-post-thumbnail","hentry","category-aire-libre","category-general","category-ju-b","category-jub-72"],"yoast_head":"<!-- This site is optimized with the Yoast SEO plugin v27.4 - https:\/\/yoast.com\/product\/yoast-seo-wordpress\/ -->\n<title>Admitidos Villan\u00faa 2021 - Centro Juvenil Don Bosco Villena<\/title>\n<meta name=\"robots\" content=\"index, follow, max-snippet:-1, max-image-preview:large, max-video-preview:-1\" \/>\n<link rel=\"canonical\" href=\"https:\/\/www.fededonbosco.org\/villena\/admitidos-villanua-2021\/\" \/>\n<meta property=\"og:locale\" content=\"es_ES\" \/>\n<meta property=\"og:type\" content=\"article\" \/>\n<meta property=\"og:title\" content=\"Admitidos Villan\u00faa 2021 - Centro Juvenil Don Bosco Villena\" \/>\n<meta property=\"og:description\" content=\"Admitidos Villan\u00faa 2021 Tras finalizar las inscripciones del campamento os comunicamos que todas las personas inscritas han sido admitidas.\u00a0A continuaci\u00f3n vamos a pasar a detallar la informaci\u00f3n sobre el pago y la inscripci\u00f3n y dem\u00e1s datos de inter\u00e9s. 1.\u2794 Se podr\u00e1 realizar los pagos por trasferencia Bancaria a la siguiente cuenta. Cuenta CJDB: ES22 2100 [&hellip;]\" \/>\n<meta property=\"og:url\" content=\"https:\/\/www.fededonbosco.org\/villena\/admitidos-villanua-2021\/\" \/>\n<meta property=\"og:site_name\" content=\"Centro Juvenil Don Bosco Villena\" \/>\n<meta property=\"article:author\" content=\"https:\/\/www.facebook.com\/cjdbvillena\/\" \/>\n<meta property=\"article:published_time\" content=\"2021-06-20T17:03:27+00:00\" \/>\n<meta property=\"article:modified_time\" content=\"2021-09-26T12:12:25+00:00\" \/>\n<meta property=\"og:image\" content=\"http:\/\/www.fededonbosco.org\/villena\/wp-content\/uploads\/sites\/4\/2021\/06\/10847896_747554805325957_2544313742076012042_n.jpg\" \/>\n\t<meta property=\"og:image:width\" content=\"960\" \/>\n\t<meta property=\"og:image:height\" content=\"720\" \/>\n\t<meta property=\"og:image:type\" content=\"image\/jpeg\" \/>\n<meta name=\"author\" content=\"webcjdb\" \/>\n<meta name=\"twitter:card\" content=\"summary_large_image\" \/>\n<meta name=\"twitter:creator\" content=\"@cjdbvillena\" \/>\n<meta name=\"twitter:label1\" content=\"Escrito por\" \/>\n\t<meta name=\"twitter:data1\" content=\"webcjdb\" \/>\n\t<meta name=\"twitter:label2\" content=\"Tiempo de lectura\" \/>\n\t<meta name=\"twitter:data2\" content=\"2 minutos\" \/>\n<script type=\"application\/ld+json\" class=\"yoast-schema-graph\">{\"@context\":\"https:\\\/\\\/schema.org\",\"@graph\":[{\"@type\":\"Article\",\"@id\":\"https:\\\/\\\/www.fededonbosco.org\\\/villena\\\/admitidos-villanua-2021\\\/#article\",\"isPartOf\":{\"@id\":\"https:\\\/\\\/www.fededonbosco.org\\\/villena\\\/admitidos-villanua-2021\\\/\"},\"author\":{\"name\":\"webcjdb\",\"@id\":\"https:\\\/\\\/www.fededonbosco.org\\\/villena\\\/#\\\/schema\\\/person\\\/4da59decd0bb185b3d847ec0fcc2087f\"},\"headline\":\"Admitidos Villan\u00faa 2021\",\"datePublished\":\"2021-06-20T17:03:27+00:00\",\"dateModified\":\"2021-09-26T12:12:25+00:00\",\"mainEntityOfPage\":{\"@id\":\"https:\\\/\\\/www.fededonbosco.org\\\/villena\\\/admitidos-villanua-2021\\\/\"},\"wordCount\":333,\"image\":{\"@id\":\"https:\\\/\\\/www.fededonbosco.org\\\/villena\\\/admitidos-villanua-2021\\\/#primaryimage\"},\"thumbnailUrl\":\"https:\\\/\\\/www.fededonbosco.org\\\/villena\\\/wp-content\\\/uploads\\\/sites\\\/4\\\/2021\\\/06\\\/10847896_747554805325957_2544313742076012042_n.jpg\",\"articleSection\":[\"Aire libre\",\"General\",\"Ju-B\",\"JuB-72\"],\"inLanguage\":\"es\"},{\"@type\":\"WebPage\",\"@id\":\"https:\\\/\\\/www.fededonbosco.org\\\/villena\\\/admitidos-villanua-2021\\\/\",\"url\":\"https:\\\/\\\/www.fededonbosco.org\\\/villena\\\/admitidos-villanua-2021\\\/\",\"name\":\"Admitidos Villan\u00faa 2021 - Centro Juvenil Don Bosco Villena\",\"isPartOf\":{\"@id\":\"https:\\\/\\\/www.fededonbosco.org\\\/villena\\\/#website\"},\"primaryImageOfPage\":{\"@id\":\"https:\\\/\\\/www.fededonbosco.org\\\/villena\\\/admitidos-villanua-2021\\\/#primaryimage\"},\"image\":{\"@id\":\"https:\\\/\\\/www.fededonbosco.org\\\/villena\\\/admitidos-villanua-2021\\\/#primaryimage\"},\"thumbnailUrl\":\"https:\\\/\\\/www.fededonbosco.org\\\/villena\\\/wp-content\\\/uploads\\\/sites\\\/4\\\/2021\\\/06\\\/10847896_747554805325957_2544313742076012042_n.jpg\",\"datePublished\":\"2021-06-20T17:03:27+00:00\",\"dateModified\":\"2021-09-26T12:12:25+00:00\",\"author\":{\"@id\":\"https:\\\/\\\/www.fededonbosco.org\\\/villena\\\/#\\\/schema\\\/person\\\/4da59decd0bb185b3d847ec0fcc2087f\"},\"breadcrumb\":{\"@id\":\"https:\\\/\\\/www.fededonbosco.org\\\/villena\\\/admitidos-villanua-2021\\\/#breadcrumb\"},\"inLanguage\":\"es\",\"potentialAction\":[{\"@type\":\"ReadAction\",\"target\":[\"https:\\\/\\\/www.fededonbosco.org\\\/villena\\\/admitidos-villanua-2021\\\/\"]}]},{\"@type\":\"ImageObject\",\"inLanguage\":\"es\",\"@id\":\"https:\\\/\\\/www.fededonbosco.org\\\/villena\\\/admitidos-villanua-2021\\\/#primaryimage\",\"url\":\"https:\\\/\\\/www.fededonbosco.org\\\/villena\\\/wp-content\\\/uploads\\\/sites\\\/4\\\/2021\\\/06\\\/10847896_747554805325957_2544313742076012042_n.jpg\",\"contentUrl\":\"https:\\\/\\\/www.fededonbosco.org\\\/villena\\\/wp-content\\\/uploads\\\/sites\\\/4\\\/2021\\\/06\\\/10847896_747554805325957_2544313742076012042_n.jpg\",\"width\":960,\"height\":720},{\"@type\":\"BreadcrumbList\",\"@id\":\"https:\\\/\\\/www.fededonbosco.org\\\/villena\\\/admitidos-villanua-2021\\\/#breadcrumb\",\"itemListElement\":[{\"@type\":\"ListItem\",\"position\":1,\"name\":\"Portada\",\"item\":\"https:\\\/\\\/www.fededonbosco.org\\\/villena\\\/\"},{\"@type\":\"ListItem\",\"position\":2,\"name\":\"Admitidos Villan\u00faa 2021\"}]},{\"@type\":\"WebSite\",\"@id\":\"https:\\\/\\\/www.fededonbosco.org\\\/villena\\\/#website\",\"url\":\"https:\\\/\\\/www.fededonbosco.org\\\/villena\\\/\",\"name\":\"Centro Juvenil Don Bosco Villena\",\"description\":\"Pagina oficial del Centro Juvenil Don Bosco\",\"potentialAction\":[{\"@type\":\"SearchAction\",\"target\":{\"@type\":\"EntryPoint\",\"urlTemplate\":\"https:\\\/\\\/www.fededonbosco.org\\\/villena\\\/?s={search_term_string}\"},\"query-input\":{\"@type\":\"PropertyValueSpecification\",\"valueRequired\":true,\"valueName\":\"search_term_string\"}}],\"inLanguage\":\"es\"},{\"@type\":\"Person\",\"@id\":\"https:\\\/\\\/www.fededonbosco.org\\\/villena\\\/#\\\/schema\\\/person\\\/4da59decd0bb185b3d847ec0fcc2087f\",\"name\":\"webcjdb\",\"image\":{\"@type\":\"ImageObject\",\"inLanguage\":\"es\",\"@id\":\"https:\\\/\\\/secure.gravatar.com\\\/avatar\\\/6772807857fdc35dc1c918927bb1613843f3ac8f8acb9aaafd3f600c1ccfa3ac?s=96&d=identicon&r=g\",\"url\":\"https:\\\/\\\/secure.gravatar.com\\\/avatar\\\/6772807857fdc35dc1c918927bb1613843f3ac8f8acb9aaafd3f600c1ccfa3ac?s=96&d=identicon&r=g\",\"contentUrl\":\"https:\\\/\\\/secure.gravatar.com\\\/avatar\\\/6772807857fdc35dc1c918927bb1613843f3ac8f8acb9aaafd3f600c1ccfa3ac?s=96&d=identicon&r=g\",\"caption\":\"webcjdb\"},\"sameAs\":[\"https:\\\/\\\/www.facebook.com\\\/cjdbvillena\\\/\",\"https:\\\/\\\/www.instagram.com\\\/cjdbvillena\\\/?hl=es\",\"https:\\\/\\\/x.com\\\/cjdbvillena\"],\"url\":\"https:\\\/\\\/www.fededonbosco.org\\\/villena\\\/author\\\/webcjdb\\\/\"}]}<\/script>\n<!-- \/ Yoast SEO plugin. -->","yoast_head_json":{"title":"Admitidos Villan\u00faa 2021 - Centro Juvenil Don Bosco Villena","robots":{"index":"index","follow":"follow","max-snippet":"max-snippet:-1","max-image-preview":"max-image-preview:large","max-video-preview":"max-video-preview:-1"},"canonical":"https:\/\/www.fededonbosco.org\/villena\/admitidos-villanua-2021\/","og_locale":"es_ES","og_type":"article","og_title":"Admitidos Villan\u00faa 2021 - Centro Juvenil Don Bosco Villena","og_description":"Admitidos Villan\u00faa 2021 Tras finalizar las inscripciones del campamento os comunicamos que todas las personas inscritas han sido admitidas.\u00a0A continuaci\u00f3n vamos a pasar a detallar la informaci\u00f3n sobre el pago y la inscripci\u00f3n y dem\u00e1s datos de inter\u00e9s. 1.\u2794 Se podr\u00e1 realizar los pagos por trasferencia Bancaria a la siguiente cuenta. Cuenta CJDB: ES22 2100 [&hellip;]","og_url":"https:\/\/www.fededonbosco.org\/villena\/admitidos-villanua-2021\/","og_site_name":"Centro Juvenil Don Bosco Villena","article_author":"https:\/\/www.facebook.com\/cjdbvillena\/","article_published_time":"2021-06-20T17:03:27+00:00","article_modified_time":"2021-09-26T12:12:25+00:00","og_image":[{"width":960,"height":720,"url":"http:\/\/www.fededonbosco.org\/villena\/wp-content\/uploads\/sites\/4\/2021\/06\/10847896_747554805325957_2544313742076012042_n.jpg","type":"image\/jpeg"}],"author":"webcjdb","twitter_card":"summary_large_image","twitter_creator":"@cjdbvillena","twitter_misc":{"Escrito por":"webcjdb","Tiempo de lectura":"2 minutos"},"schema":{"@context":"https:\/\/schema.org","@graph":[{"@type":"Article","@id":"https:\/\/www.fededonbosco.org\/villena\/admitidos-villanua-2021\/#article","isPartOf":{"@id":"https:\/\/www.fededonbosco.org\/villena\/admitidos-villanua-2021\/"},"author":{"name":"webcjdb","@id":"https:\/\/www.fededonbosco.org\/villena\/#\/schema\/person\/4da59decd0bb185b3d847ec0fcc2087f"},"headline":"Admitidos Villan\u00faa 2021","datePublished":"2021-06-20T17:03:27+00:00","dateModified":"2021-09-26T12:12:25+00:00","mainEntityOfPage":{"@id":"https:\/\/www.fededonbosco.org\/villena\/admitidos-villanua-2021\/"},"wordCount":333,"image":{"@id":"https:\/\/www.fededonbosco.org\/villena\/admitidos-villanua-2021\/#primaryimage"},"thumbnailUrl":"https:\/\/www.fededonbosco.org\/villena\/wp-content\/uploads\/sites\/4\/2021\/06\/10847896_747554805325957_2544313742076012042_n.jpg","articleSection":["Aire libre","General","Ju-B","JuB-72"],"inLanguage":"es"},{"@type":"WebPage","@id":"https:\/\/www.fededonbosco.org\/villena\/admitidos-villanua-2021\/","url":"https:\/\/www.fededonbosco.org\/villena\/admitidos-villanua-2021\/","name":"Admitidos Villan\u00faa 2021 - Centro Juvenil Don Bosco Villena","isPartOf":{"@id":"https:\/\/www.fededonbosco.org\/villena\/#website"},"primaryImageOfPage":{"@id":"https:\/\/www.fededonbosco.org\/villena\/admitidos-villanua-2021\/#primaryimage"},"image":{"@id":"https:\/\/www.fededonbosco.org\/villena\/admitidos-villanua-2021\/#primaryimage"},"thumbnailUrl":"https:\/\/www.fededonbosco.org\/villena\/wp-content\/uploads\/sites\/4\/2021\/06\/10847896_747554805325957_2544313742076012042_n.jpg","datePublished":"2021-06-20T17:03:27+00:00","dateModified":"2021-09-26T12:12:25+00:00","author":{"@id":"https:\/\/www.fededonbosco.org\/villena\/#\/schema\/person\/4da59decd0bb185b3d847ec0fcc2087f"},"breadcrumb":{"@id":"https:\/\/www.fededonbosco.org\/villena\/admitidos-villanua-2021\/#breadcrumb"},"inLanguage":"es","potentialAction":[{"@type":"ReadAction","target":["https:\/\/www.fededonbosco.org\/villena\/admitidos-villanua-2021\/"]}]},{"@type":"ImageObject","inLanguage":"es","@id":"https:\/\/www.fededonbosco.org\/villena\/admitidos-villanua-2021\/#primaryimage","url":"https:\/\/www.fededonbosco.org\/villena\/wp-content\/uploads\/sites\/4\/2021\/06\/10847896_747554805325957_2544313742076012042_n.jpg","contentUrl":"https:\/\/www.fededonbosco.org\/villena\/wp-content\/uploads\/sites\/4\/2021\/06\/10847896_747554805325957_2544313742076012042_n.jpg","width":960,"height":720},{"@type":"BreadcrumbList","@id":"https:\/\/www.fededonbosco.org\/villena\/admitidos-villanua-2021\/#breadcrumb","itemListElement":[{"@type":"ListItem","position":1,"name":"Portada","item":"https:\/\/www.fededonbosco.org\/villena\/"},{"@type":"ListItem","position":2,"name":"Admitidos Villan\u00faa 2021"}]},{"@type":"WebSite","@id":"https:\/\/www.fededonbosco.org\/villena\/#website","url":"https:\/\/www.fededonbosco.org\/villena\/","name":"Centro Juvenil Don Bosco Villena","description":"Pagina oficial del Centro Juvenil Don Bosco","potentialAction":[{"@type":"SearchAction","target":{"@type":"EntryPoint","urlTemplate":"https:\/\/www.fededonbosco.org\/villena\/?s={search_term_string}"},"query-input":{"@type":"PropertyValueSpecification","valueRequired":true,"valueName":"search_term_string"}}],"inLanguage":"es"},{"@type":"Person","@id":"https:\/\/www.fededonbosco.org\/villena\/#\/schema\/person\/4da59decd0bb185b3d847ec0fcc2087f","name":"webcjdb","image":{"@type":"ImageObject","inLanguage":"es","@id":"https:\/\/secure.gravatar.com\/avatar\/6772807857fdc35dc1c918927bb1613843f3ac8f8acb9aaafd3f600c1ccfa3ac?s=96&d=identicon&r=g","url":"https:\/\/secure.gravatar.com\/avatar\/6772807857fdc35dc1c918927bb1613843f3ac8f8acb9aaafd3f600c1ccfa3ac?s=96&d=identicon&r=g","contentUrl":"https:\/\/secure.gravatar.com\/avatar\/6772807857fdc35dc1c918927bb1613843f3ac8f8acb9aaafd3f600c1ccfa3ac?s=96&d=identicon&r=g","caption":"webcjdb"},"sameAs":["https:\/\/www.facebook.com\/cjdbvillena\/","https:\/\/www.instagram.com\/cjdbvillena\/?hl=es","https:\/\/x.com\/cjdbvillena"],"url":"https:\/\/www.fededonbosco.org\/villena\/author\/webcjdb\/"}]}},"_links":{"self":[{"href":"https:\/\/www.fededonbosco.org\/villena\/wp-json\/wp\/v2\/posts\/7260","targetHints":{"allow":["GET"]}}],"collection":[{"href":"https:\/\/www.fededonbosco.org\/villena\/wp-json\/wp\/v2\/posts"}],"about":[{"href":"https:\/\/www.fededonbosco.org\/villena\/wp-json\/wp\/v2\/types\/post"}],"author":[{"embeddable":true,"href":"https:\/\/www.fededonbosco.org\/villena\/wp-json\/wp\/v2\/users\/8"}],"replies":[{"embeddable":true,"href":"https:\/\/www.fededonbosco.org\/villena\/wp-json\/wp\/v2\/comments?post=7260"}],"version-history":[{"count":13,"href":"https:\/\/www.fededonbosco.org\/villena\/wp-json\/wp\/v2\/posts\/7260\/revisions"}],"predecessor-version":[{"id":7295,"href":"https:\/\/www.fededonbosco.org\/villena\/wp-json\/wp\/v2\/posts\/7260\/revisions\/7295"}],"wp:featuredmedia":[{"embeddable":true,"href":"https:\/\/www.fededonbosco.org\/villena\/wp-json\/wp\/v2\/media\/7265"}],"wp:attachment":[{"href":"https:\/\/www.fededonbosco.org\/villena\/wp-json\/wp\/v2\/media?parent=7260"}],"wp:term":[{"taxonomy":"category","embeddable":true,"href":"https:\/\/www.fededonbosco.org\/villena\/wp-json\/wp\/v2\/categories?post=7260"},{"taxonomy":"post_tag","embeddable":true,"href":"https:\/\/www.fededonbosco.org\/villena\/wp-json\/wp\/v2\/tags?post=7260"}],"curies":[{"name":"wp","href":"https:\/\/api.w.org\/{rel}","templated":true}]}}