{"id":7277,"date":"2021-06-21T13:10:57","date_gmt":"2021-06-21T12:10:57","guid":{"rendered":"https:\/\/www.fededonbosco.org\/villena\/?p=7277"},"modified":"2021-06-28T13:35:13","modified_gmt":"2021-06-28T12:35:13","slug":"campamento-para-preju-1-%20y-preju-2","status":"publish","type":"post","link":"https:\/\/www.fededonbosco.org\/villena\/campamento-para-preju-1-%20y-preju-2\/","title":{"rendered":"Campamento para Preju 1 y Preju 2"},"content":{"rendered":"<div id=\"fb-root\"><\/div>\n<h1 style=\"text-align: center\"><span style=\"color: #ff0000\"><strong>TERRITORIO SHREK<\/strong><strong> (C.J. D. BOSCO)<\/strong><\/span><\/h1>\n<p>&nbsp;<\/p>\n<p><strong><em><u>CINCO D\u00cdAS\u00a0 INCRE\u00cdBLES DE ACTIVIDAD Y DIVERSI\u00d3N PENSADAS PARA TI.<\/u><\/em><\/strong><\/p>\n<p><strong><em>\u00bfPOR QU\u00c9 ESTA ACTIVIDAD\u00a0 DE \u201cPREJU\u201d? \u00a0<\/em><\/strong>Porque el\u00a0 sector PREJUVENIL del\u00a0 C.J\u00a0 Don Bosco HA PENSADO LOS Y LAS QUE HAB\u00c9IS PARTICIPADO EN LAS ACTIVIDADES DE LOS S\u00c1BADOS\u2026\u00a0 <strong>y ahora\u00a0 en verano hacemos esta PROPUESTA DE\u00a0 CINCO JORNADAS de AVENTURA Y ACTIVIDADES\u00a0 QUE NO OLVIDAR\u00c1S.<\/strong> Con la situaci\u00f3n de la pandemia, en este curso tan dif\u00edcil, nos vemos obligados a hacer <strong><u>un proyecto propio para el SECTOR DE PREJU<\/u><\/strong>, sabiendo que, cuando sea posible, nos uniremos a la propuesta conjunta de Campamento de todo el CENTRO JUVENIL.<\/p>\n<p><strong>\u00bfCU\u00c1NDO<\/strong><strong>? <\/strong><strong>En la semana del 19 al 23 de julio.<\/strong>\u00a0 De 16 a 20 h.\u00a0\u00a0 Aunque la propuesta del <strong>viernes 23<\/strong> ser\u00e1 <strong>un\u00a0 d\u00eda completo de actividad<\/strong>, de la que ya os informaremos con detalle.<\/p>\n<p>\u00bfPARA QUI\u00c9NES? Para los chicos y chicas de <strong>PREJU 1 Y PREJU 2<\/strong>. En un segundo momento, podr\u00e1 abrirse a los chicos\/as que no son socios, <u>desde 4\u00ba de primaria hasta 1\u00ba de ESO.<\/u><\/p>\n<p>\u00bfD\u00d3NDE? En las instalaciones del Centro Juvenil y patios del Colegio salesiano. Tomando como base estas instalaciones, <strong>haremos varias salidas a lugares concretos,<\/strong> para potenciar la <u>CONVIVENCIA<\/u>\u00a0 y el <u>CONTACTO CON LA NATURALEZA.<\/u><\/p>\n<p>\u00bfC\u00d3MO LO HAREMOS? Con <strong>una propuesta variada de actividades, grandes juegos, talleres, din\u00e1micas, excursiones,\u00a0 marchas, actividades en los lagos de Anna\u2026 <\/strong>en las que queremos sorprenderte. Acompa\u00f1ados siempre de <strong><u>un magn\u00edfico equipo de monitores, CON UN PROTOCOLO COVID y medidas concretas<\/u><\/strong> que nos ayudar\u00e1n a favorecer un \u201cAMBIENTE SEGURO\u201d para todos. De todo ello informaremos con detalle en la <strong><u>reuni\u00f3n de PADRES, el pr\u00f3ximo d\u00eda 8 de de julio<\/u><\/strong> en el Teatro de Salesianos.<\/p>\n<p><strong>\u00bfC\u00daANTO CUESTA?<\/strong><strong>\u00a0 <\/strong><strong>40\u20ac <\/strong><strong>para socios del CJDB<\/strong> <strong>y <\/strong><strong>50\u20ac<\/strong><strong> para no socios\u00a0 (<\/strong><strong><em>El precio incluye materiales de actividades, material \u201cCovid\u201d, excursiones, trayectos de autob\u00fas\u2026)<\/em><\/strong><\/p>\n<p>\u00bfC\u00d3MO PUEDES APUNTARTE?<\/p>\n<p>DEBES <strong><em>COMPLETAR LOS DATOS DE ESTE <a href=\"https:\/\/docs.google.com\/forms\/d\/e\/1FAIpQLSdh17-1Exi78Kup2cDI8BWeFoO2ux55qXB-HOIaO7qFM8aN6w\/viewform\">FORMULARIO<\/a><\/em><\/strong>, TEN\u00c9IS DE TIEMPO HASTA EL\u00a0 <u>2 de JULIO<\/u>\u2026\u00a0 (no lo dejes para el \u00faltimo d\u00eda.)<\/p>\n<p>Para cualquier consulta o duda al respecto del campamento escriban al siguiente correo: <a href=\"mailto:carlosmira@donboscovillena.dbcv.es\">carlosmira@donboscovillena.dbcv.es<\/a><\/p>\n\n<div class=\"twitter-share\"><a href=\"https:\/\/twitter.com\/intent\/tweet?via=CJDB_Villena\" class=\"twitter-share-button\">Twittear<\/a><\/div>\n","protected":false},"excerpt":{"rendered":"<p>TERRITORIO SHREK (C.J. D. BOSCO) &nbsp; CINCO D\u00cdAS\u00a0 INCRE\u00cdBLES DE ACTIVIDAD Y DIVERSI\u00d3N PENSADAS PARA TI. \u00bfPOR QU\u00c9 ESTA ACTIVIDAD\u00a0 DE \u201cPREJU\u201d? \u00a0Porque el\u00a0 sector PREJUVENIL del\u00a0 C.J\u00a0 Don Bosco HA PENSADO LOS Y LAS QUE HAB\u00c9IS PARTICIPADO EN LAS ACTIVIDADES DE LOS S\u00c1BADOS\u2026\u00a0 y ahora\u00a0 en verano hacemos esta PROPUESTA DE\u00a0 CINCO JORNADAS de [&hellip;]<\/p>\n","protected":false},"author":8,"featured_media":7292,"comment_status":"closed","ping_status":"closed","sticky":false,"template":"","format":"standard","meta":{"_et_pb_use_builder":"","_et_pb_old_content":"","_et_gb_content_width":"","footnotes":""},"categories":[182,176,186],"tags":[],"class_list":["post-7277","post","type-post","status-publish","format-standard","has-post-thumbnail","hentry","category-general-val","category-preju1","category-preju2-val"],"yoast_head":"<!-- This site is optimized with the Yoast SEO plugin v27.4 - https:\/\/yoast.com\/product\/yoast-seo-wordpress\/ -->\n<title>Campamento para Preju 1 y Preju 2 - Centro Juvenil Don Bosco Villena<\/title>\n<meta name=\"robots\" content=\"index, follow, max-snippet:-1, max-image-preview:large, max-video-preview:-1\" \/>\n<link rel=\"canonical\" href=\"https:\/\/www.fededonbosco.org\/villena\/campamento-para-preju-1-%20y-preju-2\/\" \/>\n<meta property=\"og:locale\" content=\"es_ES\" \/>\n<meta property=\"og:type\" content=\"article\" \/>\n<meta property=\"og:title\" content=\"Campamento para Preju 1 y Preju 2 - Centro Juvenil Don Bosco Villena\" \/>\n<meta property=\"og:description\" content=\"TERRITORIO SHREK (C.J. D. BOSCO) &nbsp; CINCO D\u00cdAS\u00a0 INCRE\u00cdBLES DE ACTIVIDAD Y DIVERSI\u00d3N PENSADAS PARA TI. \u00bfPOR QU\u00c9 ESTA ACTIVIDAD\u00a0 DE \u201cPREJU\u201d? \u00a0Porque el\u00a0 sector PREJUVENIL del\u00a0 C.J\u00a0 Don Bosco HA PENSADO LOS Y LAS QUE HAB\u00c9IS PARTICIPADO EN LAS ACTIVIDADES DE LOS S\u00c1BADOS\u2026\u00a0 y ahora\u00a0 en verano hacemos esta PROPUESTA DE\u00a0 CINCO JORNADAS de [&hellip;]\" \/>\n<meta property=\"og:url\" content=\"https:\/\/www.fededonbosco.org\/villena\/campamento-para-preju-1- y-preju-2\/\" \/>\n<meta property=\"og:site_name\" content=\"Centro Juvenil Don Bosco Villena\" \/>\n<meta property=\"article:author\" content=\"https:\/\/www.facebook.com\/cjdbvillena\/\" \/>\n<meta property=\"article:published_time\" content=\"2021-06-21T12:10:57+00:00\" \/>\n<meta property=\"article:modified_time\" content=\"2021-06-28T12:35:13+00:00\" \/>\n<meta property=\"og:image\" content=\"https:\/\/www.fededonbosco.org\/villena\/wp-content\/uploads\/sites\/4\/2021\/06\/Cartel-campamento-prejus2.jpg\" \/>\n\t<meta property=\"og:image:width\" content=\"649\" \/>\n\t<meta property=\"og:image:height\" content=\"922\" \/>\n\t<meta property=\"og:image:type\" content=\"image\/jpeg\" \/>\n<meta name=\"author\" content=\"webcjdb\" \/>\n<meta name=\"twitter:card\" content=\"summary_large_image\" \/>\n<meta name=\"twitter:creator\" content=\"@cjdbvillena\" \/>\n<meta name=\"twitter:label1\" content=\"Escrito por\" \/>\n\t<meta name=\"twitter:data1\" content=\"webcjdb\" \/>\n\t<meta name=\"twitter:label2\" content=\"Tiempo de lectura\" \/>\n\t<meta name=\"twitter:data2\" content=\"2 minutos\" \/>\n<script type=\"application\/ld+json\" class=\"yoast-schema-graph\">{\"@context\":\"https:\\\/\\\/schema.org\",\"@graph\":[{\"@type\":\"Article\",\"@id\":\"https:\\\/\\\/www.fededonbosco.org\\\/villena\\\/campamento-para-preju-1-%20y-preju-2\\\/#article\",\"isPartOf\":{\"@id\":\"https:\\\/\\\/www.fededonbosco.org\\\/villena\\\/campamento-para-preju-1-%20y-preju-2\\\/\"},\"author\":{\"name\":\"webcjdb\",\"@id\":\"https:\\\/\\\/www.fededonbosco.org\\\/villena\\\/#\\\/schema\\\/person\\\/4da59decd0bb185b3d847ec0fcc2087f\"},\"headline\":\"Campamento para Preju 1 y Preju 2\",\"datePublished\":\"2021-06-21T12:10:57+00:00\",\"dateModified\":\"2021-06-28T12:35:13+00:00\",\"mainEntityOfPage\":{\"@id\":\"https:\\\/\\\/www.fededonbosco.org\\\/villena\\\/campamento-para-preju-1-%20y-preju-2\\\/\"},\"wordCount\":365,\"image\":{\"@id\":\"https:\\\/\\\/www.fededonbosco.org\\\/villena\\\/campamento-para-preju-1-%20y-preju-2\\\/#primaryimage\"},\"thumbnailUrl\":\"https:\\\/\\\/www.fededonbosco.org\\\/villena\\\/wp-content\\\/uploads\\\/sites\\\/4\\\/2021\\\/06\\\/Cartel-campamento-prejus2.jpg\",\"articleSection\":[\"General\",\"Preju1\",\"Preju2\"],\"inLanguage\":\"es\"},{\"@type\":\"WebPage\",\"@id\":\"https:\\\/\\\/www.fededonbosco.org\\\/villena\\\/campamento-para-preju-1-%20y-preju-2\\\/\",\"url\":\"https:\\\/\\\/www.fededonbosco.org\\\/villena\\\/campamento-para-preju-1-%20y-preju-2\\\/\",\"name\":\"Campamento para Preju 1 y Preju 2 - Centro Juvenil Don Bosco Villena\",\"isPartOf\":{\"@id\":\"https:\\\/\\\/www.fededonbosco.org\\\/villena\\\/#website\"},\"primaryImageOfPage\":{\"@id\":\"https:\\\/\\\/www.fededonbosco.org\\\/villena\\\/campamento-para-preju-1-%20y-preju-2\\\/#primaryimage\"},\"image\":{\"@id\":\"https:\\\/\\\/www.fededonbosco.org\\\/villena\\\/campamento-para-preju-1-%20y-preju-2\\\/#primaryimage\"},\"thumbnailUrl\":\"https:\\\/\\\/www.fededonbosco.org\\\/villena\\\/wp-content\\\/uploads\\\/sites\\\/4\\\/2021\\\/06\\\/Cartel-campamento-prejus2.jpg\",\"datePublished\":\"2021-06-21T12:10:57+00:00\",\"dateModified\":\"2021-06-28T12:35:13+00:00\",\"author\":{\"@id\":\"https:\\\/\\\/www.fededonbosco.org\\\/villena\\\/#\\\/schema\\\/person\\\/4da59decd0bb185b3d847ec0fcc2087f\"},\"breadcrumb\":{\"@id\":\"https:\\\/\\\/www.fededonbosco.org\\\/villena\\\/campamento-para-preju-1-%20y-preju-2\\\/#breadcrumb\"},\"inLanguage\":\"es\",\"potentialAction\":[{\"@type\":\"ReadAction\",\"target\":[\"https:\\\/\\\/www.fededonbosco.org\\\/villena\\\/campamento-para-preju-1-%20y-preju-2\\\/\"]}]},{\"@type\":\"ImageObject\",\"inLanguage\":\"es\",\"@id\":\"https:\\\/\\\/www.fededonbosco.org\\\/villena\\\/campamento-para-preju-1-%20y-preju-2\\\/#primaryimage\",\"url\":\"https:\\\/\\\/www.fededonbosco.org\\\/villena\\\/wp-content\\\/uploads\\\/sites\\\/4\\\/2021\\\/06\\\/Cartel-campamento-prejus2.jpg\",\"contentUrl\":\"https:\\\/\\\/www.fededonbosco.org\\\/villena\\\/wp-content\\\/uploads\\\/sites\\\/4\\\/2021\\\/06\\\/Cartel-campamento-prejus2.jpg\",\"width\":649,\"height\":922},{\"@type\":\"BreadcrumbList\",\"@id\":\"https:\\\/\\\/www.fededonbosco.org\\\/villena\\\/campamento-para-preju-1-%20y-preju-2\\\/#breadcrumb\",\"itemListElement\":[{\"@type\":\"ListItem\",\"position\":1,\"name\":\"Portada\",\"item\":\"https:\\\/\\\/www.fededonbosco.org\\\/villena\\\/\"},{\"@type\":\"ListItem\",\"position\":2,\"name\":\"Campamento para Preju 1 y Preju 2\"}]},{\"@type\":\"WebSite\",\"@id\":\"https:\\\/\\\/www.fededonbosco.org\\\/villena\\\/#website\",\"url\":\"https:\\\/\\\/www.fededonbosco.org\\\/villena\\\/\",\"name\":\"Centro Juvenil Don Bosco Villena\",\"description\":\"Pagina oficial del Centro Juvenil Don Bosco\",\"potentialAction\":[{\"@type\":\"SearchAction\",\"target\":{\"@type\":\"EntryPoint\",\"urlTemplate\":\"https:\\\/\\\/www.fededonbosco.org\\\/villena\\\/?s={search_term_string}\"},\"query-input\":{\"@type\":\"PropertyValueSpecification\",\"valueRequired\":true,\"valueName\":\"search_term_string\"}}],\"inLanguage\":\"es\"},{\"@type\":\"Person\",\"@id\":\"https:\\\/\\\/www.fededonbosco.org\\\/villena\\\/#\\\/schema\\\/person\\\/4da59decd0bb185b3d847ec0fcc2087f\",\"name\":\"webcjdb\",\"image\":{\"@type\":\"ImageObject\",\"inLanguage\":\"es\",\"@id\":\"https:\\\/\\\/secure.gravatar.com\\\/avatar\\\/6772807857fdc35dc1c918927bb1613843f3ac8f8acb9aaafd3f600c1ccfa3ac?s=96&d=identicon&r=g\",\"url\":\"https:\\\/\\\/secure.gravatar.com\\\/avatar\\\/6772807857fdc35dc1c918927bb1613843f3ac8f8acb9aaafd3f600c1ccfa3ac?s=96&d=identicon&r=g\",\"contentUrl\":\"https:\\\/\\\/secure.gravatar.com\\\/avatar\\\/6772807857fdc35dc1c918927bb1613843f3ac8f8acb9aaafd3f600c1ccfa3ac?s=96&d=identicon&r=g\",\"caption\":\"webcjdb\"},\"sameAs\":[\"https:\\\/\\\/www.facebook.com\\\/cjdbvillena\\\/\",\"https:\\\/\\\/www.instagram.com\\\/cjdbvillena\\\/?hl=es\",\"https:\\\/\\\/x.com\\\/cjdbvillena\"],\"url\":\"https:\\\/\\\/www.fededonbosco.org\\\/villena\\\/author\\\/webcjdb\\\/\"}]}<\/script>\n<!-- \/ Yoast SEO plugin. -->","yoast_head_json":{"title":"Campamento para Preju 1 y Preju 2 - Centro Juvenil Don Bosco Villena","robots":{"index":"index","follow":"follow","max-snippet":"max-snippet:-1","max-image-preview":"max-image-preview:large","max-video-preview":"max-video-preview:-1"},"canonical":"https:\/\/www.fededonbosco.org\/villena\/campamento-para-preju-1- y-preju-2\/","og_locale":"es_ES","og_type":"article","og_title":"Campamento para Preju 1 y Preju 2 - Centro Juvenil Don Bosco Villena","og_description":"TERRITORIO SHREK (C.J. D. BOSCO) &nbsp; CINCO D\u00cdAS\u00a0 INCRE\u00cdBLES DE ACTIVIDAD Y DIVERSI\u00d3N PENSADAS PARA TI. \u00bfPOR QU\u00c9 ESTA ACTIVIDAD\u00a0 DE \u201cPREJU\u201d? \u00a0Porque el\u00a0 sector PREJUVENIL del\u00a0 C.J\u00a0 Don Bosco HA PENSADO LOS Y LAS QUE HAB\u00c9IS PARTICIPADO EN LAS ACTIVIDADES DE LOS S\u00c1BADOS\u2026\u00a0 y ahora\u00a0 en verano hacemos esta PROPUESTA DE\u00a0 CINCO JORNADAS de [&hellip;]","og_url":"https:\/\/www.fededonbosco.org\/villena\/campamento-para-preju-1- y-preju-2\/","og_site_name":"Centro Juvenil Don Bosco Villena","article_author":"https:\/\/www.facebook.com\/cjdbvillena\/","article_published_time":"2021-06-21T12:10:57+00:00","article_modified_time":"2021-06-28T12:35:13+00:00","og_image":[{"width":649,"height":922,"url":"https:\/\/www.fededonbosco.org\/villena\/wp-content\/uploads\/sites\/4\/2021\/06\/Cartel-campamento-prejus2.jpg","type":"image\/jpeg"}],"author":"webcjdb","twitter_card":"summary_large_image","twitter_creator":"@cjdbvillena","twitter_misc":{"Escrito por":"webcjdb","Tiempo de lectura":"2 minutos"},"schema":{"@context":"https:\/\/schema.org","@graph":[{"@type":"Article","@id":"https:\/\/www.fededonbosco.org\/villena\/campamento-para-preju-1-%20y-preju-2\/#article","isPartOf":{"@id":"https:\/\/www.fededonbosco.org\/villena\/campamento-para-preju-1-%20y-preju-2\/"},"author":{"name":"webcjdb","@id":"https:\/\/www.fededonbosco.org\/villena\/#\/schema\/person\/4da59decd0bb185b3d847ec0fcc2087f"},"headline":"Campamento para Preju 1 y Preju 2","datePublished":"2021-06-21T12:10:57+00:00","dateModified":"2021-06-28T12:35:13+00:00","mainEntityOfPage":{"@id":"https:\/\/www.fededonbosco.org\/villena\/campamento-para-preju-1-%20y-preju-2\/"},"wordCount":365,"image":{"@id":"https:\/\/www.fededonbosco.org\/villena\/campamento-para-preju-1-%20y-preju-2\/#primaryimage"},"thumbnailUrl":"https:\/\/www.fededonbosco.org\/villena\/wp-content\/uploads\/sites\/4\/2021\/06\/Cartel-campamento-prejus2.jpg","articleSection":["General","Preju1","Preju2"],"inLanguage":"es"},{"@type":"WebPage","@id":"https:\/\/www.fededonbosco.org\/villena\/campamento-para-preju-1-%20y-preju-2\/","url":"https:\/\/www.fededonbosco.org\/villena\/campamento-para-preju-1-%20y-preju-2\/","name":"Campamento para Preju 1 y Preju 2 - Centro Juvenil Don Bosco Villena","isPartOf":{"@id":"https:\/\/www.fededonbosco.org\/villena\/#website"},"primaryImageOfPage":{"@id":"https:\/\/www.fededonbosco.org\/villena\/campamento-para-preju-1-%20y-preju-2\/#primaryimage"},"image":{"@id":"https:\/\/www.fededonbosco.org\/villena\/campamento-para-preju-1-%20y-preju-2\/#primaryimage"},"thumbnailUrl":"https:\/\/www.fededonbosco.org\/villena\/wp-content\/uploads\/sites\/4\/2021\/06\/Cartel-campamento-prejus2.jpg","datePublished":"2021-06-21T12:10:57+00:00","dateModified":"2021-06-28T12:35:13+00:00","author":{"@id":"https:\/\/www.fededonbosco.org\/villena\/#\/schema\/person\/4da59decd0bb185b3d847ec0fcc2087f"},"breadcrumb":{"@id":"https:\/\/www.fededonbosco.org\/villena\/campamento-para-preju-1-%20y-preju-2\/#breadcrumb"},"inLanguage":"es","potentialAction":[{"@type":"ReadAction","target":["https:\/\/www.fededonbosco.org\/villena\/campamento-para-preju-1-%20y-preju-2\/"]}]},{"@type":"ImageObject","inLanguage":"es","@id":"https:\/\/www.fededonbosco.org\/villena\/campamento-para-preju-1-%20y-preju-2\/#primaryimage","url":"https:\/\/www.fededonbosco.org\/villena\/wp-content\/uploads\/sites\/4\/2021\/06\/Cartel-campamento-prejus2.jpg","contentUrl":"https:\/\/www.fededonbosco.org\/villena\/wp-content\/uploads\/sites\/4\/2021\/06\/Cartel-campamento-prejus2.jpg","width":649,"height":922},{"@type":"BreadcrumbList","@id":"https:\/\/www.fededonbosco.org\/villena\/campamento-para-preju-1-%20y-preju-2\/#breadcrumb","itemListElement":[{"@type":"ListItem","position":1,"name":"Portada","item":"https:\/\/www.fededonbosco.org\/villena\/"},{"@type":"ListItem","position":2,"name":"Campamento para Preju 1 y Preju 2"}]},{"@type":"WebSite","@id":"https:\/\/www.fededonbosco.org\/villena\/#website","url":"https:\/\/www.fededonbosco.org\/villena\/","name":"Centro Juvenil Don Bosco Villena","description":"Pagina oficial del Centro Juvenil Don Bosco","potentialAction":[{"@type":"SearchAction","target":{"@type":"EntryPoint","urlTemplate":"https:\/\/www.fededonbosco.org\/villena\/?s={search_term_string}"},"query-input":{"@type":"PropertyValueSpecification","valueRequired":true,"valueName":"search_term_string"}}],"inLanguage":"es"},{"@type":"Person","@id":"https:\/\/www.fededonbosco.org\/villena\/#\/schema\/person\/4da59decd0bb185b3d847ec0fcc2087f","name":"webcjdb","image":{"@type":"ImageObject","inLanguage":"es","@id":"https:\/\/secure.gravatar.com\/avatar\/6772807857fdc35dc1c918927bb1613843f3ac8f8acb9aaafd3f600c1ccfa3ac?s=96&d=identicon&r=g","url":"https:\/\/secure.gravatar.com\/avatar\/6772807857fdc35dc1c918927bb1613843f3ac8f8acb9aaafd3f600c1ccfa3ac?s=96&d=identicon&r=g","contentUrl":"https:\/\/secure.gravatar.com\/avatar\/6772807857fdc35dc1c918927bb1613843f3ac8f8acb9aaafd3f600c1ccfa3ac?s=96&d=identicon&r=g","caption":"webcjdb"},"sameAs":["https:\/\/www.facebook.com\/cjdbvillena\/","https:\/\/www.instagram.com\/cjdbvillena\/?hl=es","https:\/\/x.com\/cjdbvillena"],"url":"https:\/\/www.fededonbosco.org\/villena\/author\/webcjdb\/"}]}},"_links":{"self":[{"href":"https:\/\/www.fededonbosco.org\/villena\/wp-json\/wp\/v2\/posts\/7277","targetHints":{"allow":["GET"]}}],"collection":[{"href":"https:\/\/www.fededonbosco.org\/villena\/wp-json\/wp\/v2\/posts"}],"about":[{"href":"https:\/\/www.fededonbosco.org\/villena\/wp-json\/wp\/v2\/types\/post"}],"author":[{"embeddable":true,"href":"https:\/\/www.fededonbosco.org\/villena\/wp-json\/wp\/v2\/users\/8"}],"replies":[{"embeddable":true,"href":"https:\/\/www.fededonbosco.org\/villena\/wp-json\/wp\/v2\/comments?post=7277"}],"version-history":[{"count":6,"href":"https:\/\/www.fededonbosco.org\/villena\/wp-json\/wp\/v2\/posts\/7277\/revisions"}],"predecessor-version":[{"id":7297,"href":"https:\/\/www.fededonbosco.org\/villena\/wp-json\/wp\/v2\/posts\/7277\/revisions\/7297"}],"wp:featuredmedia":[{"embeddable":true,"href":"https:\/\/www.fededonbosco.org\/villena\/wp-json\/wp\/v2\/media\/7292"}],"wp:attachment":[{"href":"https:\/\/www.fededonbosco.org\/villena\/wp-json\/wp\/v2\/media?parent=7277"}],"wp:term":[{"taxonomy":"category","embeddable":true,"href":"https:\/\/www.fededonbosco.org\/villena\/wp-json\/wp\/v2\/categories?post=7277"},{"taxonomy":"post_tag","embeddable":true,"href":"https:\/\/www.fededonbosco.org\/villena\/wp-json\/wp\/v2\/tags?post=7277"}],"curies":[{"name":"wp","href":"https:\/\/api.w.org\/{rel}","templated":true}]}}