{"id":7300,"date":"2021-06-29T18:48:42","date_gmt":"2021-06-29T17:48:42","guid":{"rendered":"https:\/\/www.fededonbosco.org\/villena\/?p=7300"},"modified":"2021-06-29T21:44:22","modified_gmt":"2021-06-29T20:44:22","slug":"inscripciones-villanua-2021","status":"publish","type":"post","link":"https:\/\/www.fededonbosco.org\/villena\/inscripciones-villanua-2021\/","title":{"rendered":"Inscripciones Villan\u00faa 2021"},"content":{"rendered":"<div id=\"fb-root\"><\/div>\n<h4>A la atenci\u00f3n de padres, madres y participantes del campamento de verano Villan\u00faa 2021.<\/h4>\n<p>Recordamos que este<strong> viernes 2 a las 20:00<\/strong> ser\u00e1 la reuni\u00f3n de madres y padres donde explicaremos todo lo referente al campamento de verano y solucionaremos todas las dudas que teng\u00e1is.<\/p>\n<p>Os vamos a pasar ya por aqu\u00ed la inscripci\u00f3n y la ficha m\u00e9dica, para que pod\u00e1is <strong>imprimirla en casa y traerla completada y firmada<\/strong> y as\u00ed agilizar el proceso de inscripci\u00f3n, estaremos desde las 19:40 recogiendo inscripciones y al finalizar la reuni\u00f3n.<\/p>\n<p>Si no pod\u00e9is venir a la reuni\u00f3n estaremos el viernes 9 de 17:00 a 19:00<\/p>\n<p>&nbsp;<\/p>\n<p>Fincha de inscripci\u00f3n: <a href=\"http:\/\/www.fededonbosco.org\/villena\/wp-content\/uploads\/sites\/4\/2021\/06\/INSCRIPCION-VILLANUA.pdf\">INSCRIPCI\u00d3N VILLAN\u00daA<\/a><\/p>\n<p>Ficha M\u00e9dica: <a href=\"http:\/\/www.fededonbosco.org\/villena\/wp-content\/uploads\/sites\/4\/2021\/06\/FICHA-MEDICA-VILLANUA-2021.pdf\">FICHA M\u00c9DICA VILLAN\u00daA 2021<\/a><\/p>\n<p>&nbsp;<\/p>\n<p>Para cualquier duda o problema estamos a vuestra disposici\u00f3n!!<\/p>\n<p>Pueden contactar con nosotros a trav\u00e9s del siguiente<strong> correo electr\u00f3nico: <a href=\"mailto:andreslopez@cjdb.dbcv.es\">andreslopez@cjdb.dbcv.es<\/a><\/strong><\/p>\n<p>O a trav\u00e9s de <strong>Telegram: @AndresLO<\/strong> o el canal de madres y padres <a href=\"https:\/\/t.me\/villanua2021\">https:\/\/t.me\/villanua2021<\/a><\/p>\n\n<div class=\"twitter-share\"><a href=\"https:\/\/twitter.com\/intent\/tweet?via=CJDB_Villena\" class=\"twitter-share-button\">Twittear<\/a><\/div>\n","protected":false},"excerpt":{"rendered":"<p>A la atenci\u00f3n de padres, madres y participantes del campamento de verano Villan\u00faa 2021. Recordamos que este viernes 2 a las 20:00 ser\u00e1 la reuni\u00f3n de madres y padres donde explicaremos todo lo referente al campamento de verano y solucionaremos todas las dudas que teng\u00e1is. Os vamos a pasar ya por aqu\u00ed la inscripci\u00f3n y [&hellip;]<\/p>\n","protected":false},"author":8,"featured_media":7301,"comment_status":"closed","ping_status":"closed","sticky":false,"template":"","format":"standard","meta":{"_et_pb_use_builder":"","_et_pb_old_content":"","_et_gb_content_width":"","footnotes":""},"categories":[182],"tags":[],"class_list":["post-7300","post","type-post","status-publish","format-standard","has-post-thumbnail","hentry","category-general-val"],"yoast_head":"<!-- This site is optimized with the Yoast SEO plugin v28.3 - https:\/\/yoast.com\/product\/yoast-seo-wordpress\/ -->\n<title>Inscripciones Villan\u00faa 2021 - Centro Juvenil Don Bosco Villena<\/title>\n<meta name=\"robots\" content=\"index, follow, max-snippet:-1, max-image-preview:large, max-video-preview:-1\" \/>\n<link rel=\"canonical\" href=\"https:\/\/www.fededonbosco.org\/villena\/inscripciones-villanua-2021\/\" \/>\n<meta property=\"og:locale\" content=\"es_ES\" \/>\n<meta property=\"og:type\" content=\"article\" \/>\n<meta property=\"og:title\" content=\"Inscripciones Villan\u00faa 2021 - Centro Juvenil Don Bosco Villena\" \/>\n<meta property=\"og:description\" content=\"A la atenci\u00f3n de padres, madres y participantes del campamento de verano Villan\u00faa 2021. Recordamos que este viernes 2 a las 20:00 ser\u00e1 la reuni\u00f3n de madres y padres donde explicaremos todo lo referente al campamento de verano y solucionaremos todas las dudas que teng\u00e1is. Os vamos a pasar ya por aqu\u00ed la inscripci\u00f3n y [&hellip;]\" \/>\n<meta property=\"og:url\" content=\"https:\/\/www.fededonbosco.org\/villena\/inscripciones-villanua-2021\/\" \/>\n<meta property=\"og:site_name\" content=\"Centro Juvenil Don Bosco Villena\" \/>\n<meta property=\"article:author\" content=\"https:\/\/www.facebook.com\/cjdbvillena\/\" \/>\n<meta property=\"article:published_time\" content=\"2021-06-29T17:48:42+00:00\" \/>\n<meta property=\"article:modified_time\" content=\"2021-06-29T20:44:22+00:00\" \/>\n<meta property=\"og:image\" content=\"http:\/\/www.fededonbosco.org\/villena\/wp-content\/uploads\/sites\/4\/2021\/06\/3237400-734x405-1.jpg\" \/>\n\t<meta property=\"og:image:width\" content=\"734\" \/>\n\t<meta property=\"og:image:height\" content=\"405\" \/>\n\t<meta property=\"og:image:type\" content=\"image\/jpeg\" \/>\n<meta name=\"author\" content=\"webcjdb\" \/>\n<meta name=\"twitter:card\" content=\"summary_large_image\" \/>\n<meta name=\"twitter:creator\" content=\"@cjdbvillena\" \/>\n<meta name=\"twitter:label1\" content=\"Escrito por\" \/>\n\t<meta name=\"twitter:data1\" content=\"webcjdb\" \/>\n\t<meta name=\"twitter:label2\" content=\"Tiempo de lectura\" \/>\n\t<meta name=\"twitter:data2\" content=\"1 minuto\" \/>\n<script type=\"application\/ld+json\" class=\"yoast-schema-graph\">{\"@context\":\"https:\\\/\\\/schema.org\",\"@graph\":[{\"@type\":\"Article\",\"@id\":\"https:\\\/\\\/www.fededonbosco.org\\\/villena\\\/inscripciones-villanua-2021\\\/#article\",\"isPartOf\":{\"@id\":\"https:\\\/\\\/www.fededonbosco.org\\\/villena\\\/inscripciones-villanua-2021\\\/\"},\"author\":{\"name\":\"webcjdb\",\"@id\":\"https:\\\/\\\/www.fededonbosco.org\\\/villena\\\/#\\\/schema\\\/person\\\/4da59decd0bb185b3d847ec0fcc2087f\"},\"headline\":\"Inscripciones Villan\u00faa 2021\",\"datePublished\":\"2021-06-29T17:48:42+00:00\",\"dateModified\":\"2021-06-29T20:44:22+00:00\",\"mainEntityOfPage\":{\"@id\":\"https:\\\/\\\/www.fededonbosco.org\\\/villena\\\/inscripciones-villanua-2021\\\/\"},\"wordCount\":171,\"image\":{\"@id\":\"https:\\\/\\\/www.fededonbosco.org\\\/villena\\\/inscripciones-villanua-2021\\\/#primaryimage\"},\"thumbnailUrl\":\"https:\\\/\\\/www.fededonbosco.org\\\/villena\\\/wp-content\\\/uploads\\\/sites\\\/4\\\/2021\\\/06\\\/3237400-734x405-1.jpg\",\"articleSection\":[\"General\"],\"inLanguage\":\"es\"},{\"@type\":\"WebPage\",\"@id\":\"https:\\\/\\\/www.fededonbosco.org\\\/villena\\\/inscripciones-villanua-2021\\\/\",\"url\":\"https:\\\/\\\/www.fededonbosco.org\\\/villena\\\/inscripciones-villanua-2021\\\/\",\"name\":\"Inscripciones Villan\u00faa 2021 - Centro Juvenil Don Bosco Villena\",\"isPartOf\":{\"@id\":\"https:\\\/\\\/www.fededonbosco.org\\\/villena\\\/#website\"},\"primaryImageOfPage\":{\"@id\":\"https:\\\/\\\/www.fededonbosco.org\\\/villena\\\/inscripciones-villanua-2021\\\/#primaryimage\"},\"image\":{\"@id\":\"https:\\\/\\\/www.fededonbosco.org\\\/villena\\\/inscripciones-villanua-2021\\\/#primaryimage\"},\"thumbnailUrl\":\"https:\\\/\\\/www.fededonbosco.org\\\/villena\\\/wp-content\\\/uploads\\\/sites\\\/4\\\/2021\\\/06\\\/3237400-734x405-1.jpg\",\"datePublished\":\"2021-06-29T17:48:42+00:00\",\"dateModified\":\"2021-06-29T20:44:22+00:00\",\"author\":{\"@id\":\"https:\\\/\\\/www.fededonbosco.org\\\/villena\\\/#\\\/schema\\\/person\\\/4da59decd0bb185b3d847ec0fcc2087f\"},\"breadcrumb\":{\"@id\":\"https:\\\/\\\/www.fededonbosco.org\\\/villena\\\/inscripciones-villanua-2021\\\/#breadcrumb\"},\"inLanguage\":\"es\",\"potentialAction\":[{\"@type\":\"ReadAction\",\"target\":[\"https:\\\/\\\/www.fededonbosco.org\\\/villena\\\/inscripciones-villanua-2021\\\/\"]}]},{\"@type\":\"ImageObject\",\"inLanguage\":\"es\",\"@id\":\"https:\\\/\\\/www.fededonbosco.org\\\/villena\\\/inscripciones-villanua-2021\\\/#primaryimage\",\"url\":\"https:\\\/\\\/www.fededonbosco.org\\\/villena\\\/wp-content\\\/uploads\\\/sites\\\/4\\\/2021\\\/06\\\/3237400-734x405-1.jpg\",\"contentUrl\":\"https:\\\/\\\/www.fededonbosco.org\\\/villena\\\/wp-content\\\/uploads\\\/sites\\\/4\\\/2021\\\/06\\\/3237400-734x405-1.jpg\",\"width\":734,\"height\":405},{\"@type\":\"BreadcrumbList\",\"@id\":\"https:\\\/\\\/www.fededonbosco.org\\\/villena\\\/inscripciones-villanua-2021\\\/#breadcrumb\",\"itemListElement\":[{\"@type\":\"ListItem\",\"position\":1,\"name\":\"Portada\",\"item\":\"https:\\\/\\\/www.fededonbosco.org\\\/villena\\\/\"},{\"@type\":\"ListItem\",\"position\":2,\"name\":\"Inscripciones Villan\u00faa 2021\"}]},{\"@type\":\"WebSite\",\"@id\":\"https:\\\/\\\/www.fededonbosco.org\\\/villena\\\/#website\",\"url\":\"https:\\\/\\\/www.fededonbosco.org\\\/villena\\\/\",\"name\":\"Centro Juvenil Don Bosco Villena\",\"description\":\"Pagina oficial del Centro Juvenil Don Bosco\",\"potentialAction\":[{\"@type\":\"SearchAction\",\"target\":{\"@type\":\"EntryPoint\",\"urlTemplate\":\"https:\\\/\\\/www.fededonbosco.org\\\/villena\\\/?s={search_term_string}\"},\"query-input\":{\"@type\":\"PropertyValueSpecification\",\"valueRequired\":true,\"valueName\":\"search_term_string\"}}],\"inLanguage\":\"es\"},{\"@type\":\"Person\",\"@id\":\"https:\\\/\\\/www.fededonbosco.org\\\/villena\\\/#\\\/schema\\\/person\\\/4da59decd0bb185b3d847ec0fcc2087f\",\"name\":\"webcjdb\",\"image\":{\"@type\":\"ImageObject\",\"inLanguage\":\"es\",\"@id\":\"https:\\\/\\\/secure.gravatar.com\\\/avatar\\\/6772807857fdc35dc1c918927bb1613843f3ac8f8acb9aaafd3f600c1ccfa3ac?s=96&d=identicon&r=g\",\"url\":\"https:\\\/\\\/secure.gravatar.com\\\/avatar\\\/6772807857fdc35dc1c918927bb1613843f3ac8f8acb9aaafd3f600c1ccfa3ac?s=96&d=identicon&r=g\",\"contentUrl\":\"https:\\\/\\\/secure.gravatar.com\\\/avatar\\\/6772807857fdc35dc1c918927bb1613843f3ac8f8acb9aaafd3f600c1ccfa3ac?s=96&d=identicon&r=g\",\"caption\":\"webcjdb\"},\"sameAs\":[\"https:\\\/\\\/www.facebook.com\\\/cjdbvillena\\\/\",\"https:\\\/\\\/www.instagram.com\\\/cjdbvillena\\\/?hl=es\",\"https:\\\/\\\/x.com\\\/cjdbvillena\"],\"url\":\"https:\\\/\\\/www.fededonbosco.org\\\/villena\\\/author\\\/webcjdb\\\/\"}]}<\/script>\n<!-- \/ Yoast SEO plugin. -->","yoast_head_json":{"title":"Inscripciones Villan\u00faa 2021 - Centro Juvenil Don Bosco Villena","robots":{"index":"index","follow":"follow","max-snippet":"max-snippet:-1","max-image-preview":"max-image-preview:large","max-video-preview":"max-video-preview:-1"},"canonical":"https:\/\/www.fededonbosco.org\/villena\/inscripciones-villanua-2021\/","og_locale":"es_ES","og_type":"article","og_title":"Inscripciones Villan\u00faa 2021 - Centro Juvenil Don Bosco Villena","og_description":"A la atenci\u00f3n de padres, madres y participantes del campamento de verano Villan\u00faa 2021. Recordamos que este viernes 2 a las 20:00 ser\u00e1 la reuni\u00f3n de madres y padres donde explicaremos todo lo referente al campamento de verano y solucionaremos todas las dudas que teng\u00e1is. Os vamos a pasar ya por aqu\u00ed la inscripci\u00f3n y [&hellip;]","og_url":"https:\/\/www.fededonbosco.org\/villena\/inscripciones-villanua-2021\/","og_site_name":"Centro Juvenil Don Bosco Villena","article_author":"https:\/\/www.facebook.com\/cjdbvillena\/","article_published_time":"2021-06-29T17:48:42+00:00","article_modified_time":"2021-06-29T20:44:22+00:00","og_image":[{"width":734,"height":405,"url":"http:\/\/www.fededonbosco.org\/villena\/wp-content\/uploads\/sites\/4\/2021\/06\/3237400-734x405-1.jpg","type":"image\/jpeg"}],"author":"webcjdb","twitter_card":"summary_large_image","twitter_creator":"@cjdbvillena","twitter_misc":{"Escrito por":"webcjdb","Tiempo de lectura":"1 minuto"},"schema":{"@context":"https:\/\/schema.org","@graph":[{"@type":"Article","@id":"https:\/\/www.fededonbosco.org\/villena\/inscripciones-villanua-2021\/#article","isPartOf":{"@id":"https:\/\/www.fededonbosco.org\/villena\/inscripciones-villanua-2021\/"},"author":{"name":"webcjdb","@id":"https:\/\/www.fededonbosco.org\/villena\/#\/schema\/person\/4da59decd0bb185b3d847ec0fcc2087f"},"headline":"Inscripciones Villan\u00faa 2021","datePublished":"2021-06-29T17:48:42+00:00","dateModified":"2021-06-29T20:44:22+00:00","mainEntityOfPage":{"@id":"https:\/\/www.fededonbosco.org\/villena\/inscripciones-villanua-2021\/"},"wordCount":171,"image":{"@id":"https:\/\/www.fededonbosco.org\/villena\/inscripciones-villanua-2021\/#primaryimage"},"thumbnailUrl":"https:\/\/www.fededonbosco.org\/villena\/wp-content\/uploads\/sites\/4\/2021\/06\/3237400-734x405-1.jpg","articleSection":["General"],"inLanguage":"es"},{"@type":"WebPage","@id":"https:\/\/www.fededonbosco.org\/villena\/inscripciones-villanua-2021\/","url":"https:\/\/www.fededonbosco.org\/villena\/inscripciones-villanua-2021\/","name":"Inscripciones Villan\u00faa 2021 - Centro Juvenil Don Bosco Villena","isPartOf":{"@id":"https:\/\/www.fededonbosco.org\/villena\/#website"},"primaryImageOfPage":{"@id":"https:\/\/www.fededonbosco.org\/villena\/inscripciones-villanua-2021\/#primaryimage"},"image":{"@id":"https:\/\/www.fededonbosco.org\/villena\/inscripciones-villanua-2021\/#primaryimage"},"thumbnailUrl":"https:\/\/www.fededonbosco.org\/villena\/wp-content\/uploads\/sites\/4\/2021\/06\/3237400-734x405-1.jpg","datePublished":"2021-06-29T17:48:42+00:00","dateModified":"2021-06-29T20:44:22+00:00","author":{"@id":"https:\/\/www.fededonbosco.org\/villena\/#\/schema\/person\/4da59decd0bb185b3d847ec0fcc2087f"},"breadcrumb":{"@id":"https:\/\/www.fededonbosco.org\/villena\/inscripciones-villanua-2021\/#breadcrumb"},"inLanguage":"es","potentialAction":[{"@type":"ReadAction","target":["https:\/\/www.fededonbosco.org\/villena\/inscripciones-villanua-2021\/"]}]},{"@type":"ImageObject","inLanguage":"es","@id":"https:\/\/www.fededonbosco.org\/villena\/inscripciones-villanua-2021\/#primaryimage","url":"https:\/\/www.fededonbosco.org\/villena\/wp-content\/uploads\/sites\/4\/2021\/06\/3237400-734x405-1.jpg","contentUrl":"https:\/\/www.fededonbosco.org\/villena\/wp-content\/uploads\/sites\/4\/2021\/06\/3237400-734x405-1.jpg","width":734,"height":405},{"@type":"BreadcrumbList","@id":"https:\/\/www.fededonbosco.org\/villena\/inscripciones-villanua-2021\/#breadcrumb","itemListElement":[{"@type":"ListItem","position":1,"name":"Portada","item":"https:\/\/www.fededonbosco.org\/villena\/"},{"@type":"ListItem","position":2,"name":"Inscripciones Villan\u00faa 2021"}]},{"@type":"WebSite","@id":"https:\/\/www.fededonbosco.org\/villena\/#website","url":"https:\/\/www.fededonbosco.org\/villena\/","name":"Centro Juvenil Don Bosco Villena","description":"Pagina oficial del Centro Juvenil Don Bosco","potentialAction":[{"@type":"SearchAction","target":{"@type":"EntryPoint","urlTemplate":"https:\/\/www.fededonbosco.org\/villena\/?s={search_term_string}"},"query-input":{"@type":"PropertyValueSpecification","valueRequired":true,"valueName":"search_term_string"}}],"inLanguage":"es"},{"@type":"Person","@id":"https:\/\/www.fededonbosco.org\/villena\/#\/schema\/person\/4da59decd0bb185b3d847ec0fcc2087f","name":"webcjdb","image":{"@type":"ImageObject","inLanguage":"es","@id":"https:\/\/secure.gravatar.com\/avatar\/6772807857fdc35dc1c918927bb1613843f3ac8f8acb9aaafd3f600c1ccfa3ac?s=96&d=identicon&r=g","url":"https:\/\/secure.gravatar.com\/avatar\/6772807857fdc35dc1c918927bb1613843f3ac8f8acb9aaafd3f600c1ccfa3ac?s=96&d=identicon&r=g","contentUrl":"https:\/\/secure.gravatar.com\/avatar\/6772807857fdc35dc1c918927bb1613843f3ac8f8acb9aaafd3f600c1ccfa3ac?s=96&d=identicon&r=g","caption":"webcjdb"},"sameAs":["https:\/\/www.facebook.com\/cjdbvillena\/","https:\/\/www.instagram.com\/cjdbvillena\/?hl=es","https:\/\/x.com\/cjdbvillena"],"url":"https:\/\/www.fededonbosco.org\/villena\/author\/webcjdb\/"}]}},"_links":{"self":[{"href":"https:\/\/www.fededonbosco.org\/villena\/wp-json\/wp\/v2\/posts\/7300","targetHints":{"allow":["GET"]}}],"collection":[{"href":"https:\/\/www.fededonbosco.org\/villena\/wp-json\/wp\/v2\/posts"}],"about":[{"href":"https:\/\/www.fededonbosco.org\/villena\/wp-json\/wp\/v2\/types\/post"}],"author":[{"embeddable":true,"href":"https:\/\/www.fededonbosco.org\/villena\/wp-json\/wp\/v2\/users\/8"}],"replies":[{"embeddable":true,"href":"https:\/\/www.fededonbosco.org\/villena\/wp-json\/wp\/v2\/comments?post=7300"}],"version-history":[{"count":6,"href":"https:\/\/www.fededonbosco.org\/villena\/wp-json\/wp\/v2\/posts\/7300\/revisions"}],"predecessor-version":[{"id":7309,"href":"https:\/\/www.fededonbosco.org\/villena\/wp-json\/wp\/v2\/posts\/7300\/revisions\/7309"}],"wp:featuredmedia":[{"embeddable":true,"href":"https:\/\/www.fededonbosco.org\/villena\/wp-json\/wp\/v2\/media\/7301"}],"wp:attachment":[{"href":"https:\/\/www.fededonbosco.org\/villena\/wp-json\/wp\/v2\/media?parent=7300"}],"wp:term":[{"taxonomy":"category","embeddable":true,"href":"https:\/\/www.fededonbosco.org\/villena\/wp-json\/wp\/v2\/categories?post=7300"},{"taxonomy":"post_tag","embeddable":true,"href":"https:\/\/www.fededonbosco.org\/villena\/wp-json\/wp\/v2\/tags?post=7300"}],"curies":[{"name":"wp","href":"https:\/\/api.w.org\/{rel}","templated":true}]}}