{"id":7347,"date":"2021-09-29T19:53:22","date_gmt":"2021-09-29T18:53:22","guid":{"rendered":"https:\/\/www.fededonbosco.org\/villena\/?p=7347"},"modified":"2021-09-29T20:08:49","modified_gmt":"2021-09-29T19:08:49","slug":"comienza-el-show","status":"publish","type":"post","link":"https:\/\/www.fededonbosco.org\/villena\/comienza-el-show\/","title":{"rendered":"\u00a1COMIENZA EL SHOW!"},"content":{"rendered":"<div id=\"fb-root\"><\/div>\n<p><strong>\u00a1BIENVENIDOS\/AS AL NUEVO CURSO 2021-2022, COMIENZA EL SHOW!.<\/strong> Como pod\u00e9is observar en el cartel, vemos un c\u00f3digo QR el cual deb\u00e9is escanear, el siguiente paso es rellenar brevemente el formulario al que os deriva este QR y con ello consegu\u00eds preinscribirse en el nuevo curso!. La PREINSCRIPCI\u00d3N estar\u00e1 abierta los d\u00edas<strong> 1, 2 y 3 de octubre,<\/strong> posteriormente os informaremos sobre los per\u00edodos de inscripciones y documentaci\u00f3n a entregar. ESTAR MUY ATENTOS\/AS ESTO COMIENZA YA!!! El domingo 3 de octubre os informaremos sobre las inscripciones y la documentaci\u00f3n a entregar. \u00a1NOS VEMOS MUY PRONTO!<\/p>\n<p>Formulario de Preinscripci\u00f3n: <a href=\"https:\/\/docs.google.com\/forms\/d\/e\/1FAIpQLSddQtMXt4mJ4mQKEX55vQaQF_Ped_p-KtCcNdhKu6rWP5jWiA\/viewform\">https:\/\/docs.google.com\/forms\/d\/e\/1FAIpQLSddQtMXt4mJ4mQKEX55vQaQF_Ped_p-KtCcNdhKu6rWP5jWiA\/viewform<\/a><\/p>\n<p>&nbsp;<\/p>\n<p>Cualquier duda contacten con: <a href=\"mailto:web@cjdb.es\">web@cjdb.dbcv.es<\/a><\/p>\n\n<div class=\"twitter-share\"><a href=\"https:\/\/twitter.com\/intent\/tweet?via=CJDB_Villena\" class=\"twitter-share-button\">Twittear<\/a><\/div>\n","protected":false},"excerpt":{"rendered":"<p>\u00a1BIENVENIDOS\/AS AL NUEVO CURSO 2021-2022, COMIENZA EL SHOW!. Como pod\u00e9is observar en el cartel, vemos un c\u00f3digo QR el cual deb\u00e9is escanear, el siguiente paso es rellenar brevemente el formulario al que os deriva este QR y con ello consegu\u00eds preinscribirse en el nuevo curso!. La PREINSCRIPCI\u00d3N estar\u00e1 abierta los d\u00edas 1, 2 y 3 [&hellip;]<\/p>\n","protected":false},"author":8,"featured_media":7356,"comment_status":"closed","ping_status":"closed","sticky":false,"template":"","format":"standard","meta":{"_et_pb_use_builder":"","_et_pb_old_content":"","_et_gb_content_width":"","footnotes":""},"categories":[182],"tags":[],"class_list":["post-7347","post","type-post","status-publish","format-standard","has-post-thumbnail","hentry","category-general-val"],"yoast_head":"<!-- This site is optimized with the Yoast SEO plugin v28.3 - https:\/\/yoast.com\/product\/yoast-seo-wordpress\/ -->\n<title>\u00a1COMIENZA EL SHOW! - Centro Juvenil Don Bosco Villena<\/title>\n<meta name=\"robots\" content=\"index, follow, max-snippet:-1, max-image-preview:large, max-video-preview:-1\" \/>\n<link rel=\"canonical\" href=\"https:\/\/www.fededonbosco.org\/villena\/comienza-el-show\/\" \/>\n<meta property=\"og:locale\" content=\"es_ES\" \/>\n<meta property=\"og:type\" content=\"article\" \/>\n<meta property=\"og:title\" content=\"\u00a1COMIENZA EL SHOW! - Centro Juvenil Don Bosco Villena\" \/>\n<meta property=\"og:description\" content=\"\u00a1BIENVENIDOS\/AS AL NUEVO CURSO 2021-2022, COMIENZA EL SHOW!. Como pod\u00e9is observar en el cartel, vemos un c\u00f3digo QR el cual deb\u00e9is escanear, el siguiente paso es rellenar brevemente el formulario al que os deriva este QR y con ello consegu\u00eds preinscribirse en el nuevo curso!. La PREINSCRIPCI\u00d3N estar\u00e1 abierta los d\u00edas 1, 2 y 3 [&hellip;]\" \/>\n<meta property=\"og:url\" content=\"https:\/\/www.fededonbosco.org\/villena\/comienza-el-show\/\" \/>\n<meta property=\"og:site_name\" content=\"Centro Juvenil Don Bosco Villena\" \/>\n<meta property=\"article:author\" content=\"https:\/\/www.facebook.com\/cjdbvillena\/\" \/>\n<meta property=\"article:published_time\" content=\"2021-09-29T18:53:22+00:00\" \/>\n<meta property=\"article:modified_time\" content=\"2021-09-29T19:08:49+00:00\" \/>\n<meta property=\"og:image\" content=\"http:\/\/www.fededonbosco.org\/villena\/wp-content\/uploads\/sites\/4\/2021\/09\/35e3240b-83ea-4bce-8b06-076fc81ab639_bike-with-yellow-wall-min.png\" \/>\n\t<meta property=\"og:image:width\" content=\"1000\" \/>\n\t<meta property=\"og:image:height\" content=\"666\" \/>\n\t<meta property=\"og:image:type\" content=\"image\/png\" \/>\n<meta name=\"author\" content=\"webcjdb\" \/>\n<meta name=\"twitter:card\" content=\"summary_large_image\" \/>\n<meta name=\"twitter:creator\" content=\"@cjdbvillena\" \/>\n<meta name=\"twitter:label1\" content=\"Escrito por\" \/>\n\t<meta name=\"twitter:data1\" content=\"webcjdb\" \/>\n\t<meta name=\"twitter:label2\" content=\"Tiempo de lectura\" \/>\n\t<meta name=\"twitter:data2\" content=\"1 minuto\" \/>\n<script type=\"application\/ld+json\" class=\"yoast-schema-graph\">{\"@context\":\"https:\\\/\\\/schema.org\",\"@graph\":[{\"@type\":\"Article\",\"@id\":\"https:\\\/\\\/www.fededonbosco.org\\\/villena\\\/comienza-el-show\\\/#article\",\"isPartOf\":{\"@id\":\"https:\\\/\\\/www.fededonbosco.org\\\/villena\\\/comienza-el-show\\\/\"},\"author\":{\"name\":\"webcjdb\",\"@id\":\"https:\\\/\\\/www.fededonbosco.org\\\/villena\\\/#\\\/schema\\\/person\\\/4da59decd0bb185b3d847ec0fcc2087f\"},\"headline\":\"\u00a1COMIENZA EL SHOW!\",\"datePublished\":\"2021-09-29T18:53:22+00:00\",\"dateModified\":\"2021-09-29T19:08:49+00:00\",\"mainEntityOfPage\":{\"@id\":\"https:\\\/\\\/www.fededonbosco.org\\\/villena\\\/comienza-el-show\\\/\"},\"wordCount\":133,\"image\":{\"@id\":\"https:\\\/\\\/www.fededonbosco.org\\\/villena\\\/comienza-el-show\\\/#primaryimage\"},\"thumbnailUrl\":\"https:\\\/\\\/www.fededonbosco.org\\\/villena\\\/wp-content\\\/uploads\\\/sites\\\/4\\\/2021\\\/09\\\/35e3240b-83ea-4bce-8b06-076fc81ab639_bike-with-yellow-wall-min.png\",\"articleSection\":[\"General\"],\"inLanguage\":\"es\"},{\"@type\":\"WebPage\",\"@id\":\"https:\\\/\\\/www.fededonbosco.org\\\/villena\\\/comienza-el-show\\\/\",\"url\":\"https:\\\/\\\/www.fededonbosco.org\\\/villena\\\/comienza-el-show\\\/\",\"name\":\"\u00a1COMIENZA EL SHOW! - Centro Juvenil Don Bosco Villena\",\"isPartOf\":{\"@id\":\"https:\\\/\\\/www.fededonbosco.org\\\/villena\\\/#website\"},\"primaryImageOfPage\":{\"@id\":\"https:\\\/\\\/www.fededonbosco.org\\\/villena\\\/comienza-el-show\\\/#primaryimage\"},\"image\":{\"@id\":\"https:\\\/\\\/www.fededonbosco.org\\\/villena\\\/comienza-el-show\\\/#primaryimage\"},\"thumbnailUrl\":\"https:\\\/\\\/www.fededonbosco.org\\\/villena\\\/wp-content\\\/uploads\\\/sites\\\/4\\\/2021\\\/09\\\/35e3240b-83ea-4bce-8b06-076fc81ab639_bike-with-yellow-wall-min.png\",\"datePublished\":\"2021-09-29T18:53:22+00:00\",\"dateModified\":\"2021-09-29T19:08:49+00:00\",\"author\":{\"@id\":\"https:\\\/\\\/www.fededonbosco.org\\\/villena\\\/#\\\/schema\\\/person\\\/4da59decd0bb185b3d847ec0fcc2087f\"},\"breadcrumb\":{\"@id\":\"https:\\\/\\\/www.fededonbosco.org\\\/villena\\\/comienza-el-show\\\/#breadcrumb\"},\"inLanguage\":\"es\",\"potentialAction\":[{\"@type\":\"ReadAction\",\"target\":[\"https:\\\/\\\/www.fededonbosco.org\\\/villena\\\/comienza-el-show\\\/\"]}]},{\"@type\":\"ImageObject\",\"inLanguage\":\"es\",\"@id\":\"https:\\\/\\\/www.fededonbosco.org\\\/villena\\\/comienza-el-show\\\/#primaryimage\",\"url\":\"https:\\\/\\\/www.fededonbosco.org\\\/villena\\\/wp-content\\\/uploads\\\/sites\\\/4\\\/2021\\\/09\\\/35e3240b-83ea-4bce-8b06-076fc81ab639_bike-with-yellow-wall-min.png\",\"contentUrl\":\"https:\\\/\\\/www.fededonbosco.org\\\/villena\\\/wp-content\\\/uploads\\\/sites\\\/4\\\/2021\\\/09\\\/35e3240b-83ea-4bce-8b06-076fc81ab639_bike-with-yellow-wall-min.png\",\"width\":1000,\"height\":666},{\"@type\":\"BreadcrumbList\",\"@id\":\"https:\\\/\\\/www.fededonbosco.org\\\/villena\\\/comienza-el-show\\\/#breadcrumb\",\"itemListElement\":[{\"@type\":\"ListItem\",\"position\":1,\"name\":\"Portada\",\"item\":\"https:\\\/\\\/www.fededonbosco.org\\\/villena\\\/\"},{\"@type\":\"ListItem\",\"position\":2,\"name\":\"\u00a1COMIENZA EL SHOW!\"}]},{\"@type\":\"WebSite\",\"@id\":\"https:\\\/\\\/www.fededonbosco.org\\\/villena\\\/#website\",\"url\":\"https:\\\/\\\/www.fededonbosco.org\\\/villena\\\/\",\"name\":\"Centro Juvenil Don Bosco Villena\",\"description\":\"Pagina oficial del Centro Juvenil Don Bosco\",\"potentialAction\":[{\"@type\":\"SearchAction\",\"target\":{\"@type\":\"EntryPoint\",\"urlTemplate\":\"https:\\\/\\\/www.fededonbosco.org\\\/villena\\\/?s={search_term_string}\"},\"query-input\":{\"@type\":\"PropertyValueSpecification\",\"valueRequired\":true,\"valueName\":\"search_term_string\"}}],\"inLanguage\":\"es\"},{\"@type\":\"Person\",\"@id\":\"https:\\\/\\\/www.fededonbosco.org\\\/villena\\\/#\\\/schema\\\/person\\\/4da59decd0bb185b3d847ec0fcc2087f\",\"name\":\"webcjdb\",\"image\":{\"@type\":\"ImageObject\",\"inLanguage\":\"es\",\"@id\":\"https:\\\/\\\/secure.gravatar.com\\\/avatar\\\/6772807857fdc35dc1c918927bb1613843f3ac8f8acb9aaafd3f600c1ccfa3ac?s=96&d=identicon&r=g\",\"url\":\"https:\\\/\\\/secure.gravatar.com\\\/avatar\\\/6772807857fdc35dc1c918927bb1613843f3ac8f8acb9aaafd3f600c1ccfa3ac?s=96&d=identicon&r=g\",\"contentUrl\":\"https:\\\/\\\/secure.gravatar.com\\\/avatar\\\/6772807857fdc35dc1c918927bb1613843f3ac8f8acb9aaafd3f600c1ccfa3ac?s=96&d=identicon&r=g\",\"caption\":\"webcjdb\"},\"sameAs\":[\"https:\\\/\\\/www.facebook.com\\\/cjdbvillena\\\/\",\"https:\\\/\\\/www.instagram.com\\\/cjdbvillena\\\/?hl=es\",\"https:\\\/\\\/x.com\\\/cjdbvillena\"],\"url\":\"https:\\\/\\\/www.fededonbosco.org\\\/villena\\\/author\\\/webcjdb\\\/\"}]}<\/script>\n<!-- \/ Yoast SEO plugin. -->","yoast_head_json":{"title":"\u00a1COMIENZA EL SHOW! - Centro Juvenil Don Bosco Villena","robots":{"index":"index","follow":"follow","max-snippet":"max-snippet:-1","max-image-preview":"max-image-preview:large","max-video-preview":"max-video-preview:-1"},"canonical":"https:\/\/www.fededonbosco.org\/villena\/comienza-el-show\/","og_locale":"es_ES","og_type":"article","og_title":"\u00a1COMIENZA EL SHOW! - Centro Juvenil Don Bosco Villena","og_description":"\u00a1BIENVENIDOS\/AS AL NUEVO CURSO 2021-2022, COMIENZA EL SHOW!. Como pod\u00e9is observar en el cartel, vemos un c\u00f3digo QR el cual deb\u00e9is escanear, el siguiente paso es rellenar brevemente el formulario al que os deriva este QR y con ello consegu\u00eds preinscribirse en el nuevo curso!. La PREINSCRIPCI\u00d3N estar\u00e1 abierta los d\u00edas 1, 2 y 3 [&hellip;]","og_url":"https:\/\/www.fededonbosco.org\/villena\/comienza-el-show\/","og_site_name":"Centro Juvenil Don Bosco Villena","article_author":"https:\/\/www.facebook.com\/cjdbvillena\/","article_published_time":"2021-09-29T18:53:22+00:00","article_modified_time":"2021-09-29T19:08:49+00:00","og_image":[{"width":1000,"height":666,"url":"http:\/\/www.fededonbosco.org\/villena\/wp-content\/uploads\/sites\/4\/2021\/09\/35e3240b-83ea-4bce-8b06-076fc81ab639_bike-with-yellow-wall-min.png","type":"image\/png"}],"author":"webcjdb","twitter_card":"summary_large_image","twitter_creator":"@cjdbvillena","twitter_misc":{"Escrito por":"webcjdb","Tiempo de lectura":"1 minuto"},"schema":{"@context":"https:\/\/schema.org","@graph":[{"@type":"Article","@id":"https:\/\/www.fededonbosco.org\/villena\/comienza-el-show\/#article","isPartOf":{"@id":"https:\/\/www.fededonbosco.org\/villena\/comienza-el-show\/"},"author":{"name":"webcjdb","@id":"https:\/\/www.fededonbosco.org\/villena\/#\/schema\/person\/4da59decd0bb185b3d847ec0fcc2087f"},"headline":"\u00a1COMIENZA EL SHOW!","datePublished":"2021-09-29T18:53:22+00:00","dateModified":"2021-09-29T19:08:49+00:00","mainEntityOfPage":{"@id":"https:\/\/www.fededonbosco.org\/villena\/comienza-el-show\/"},"wordCount":133,"image":{"@id":"https:\/\/www.fededonbosco.org\/villena\/comienza-el-show\/#primaryimage"},"thumbnailUrl":"https:\/\/www.fededonbosco.org\/villena\/wp-content\/uploads\/sites\/4\/2021\/09\/35e3240b-83ea-4bce-8b06-076fc81ab639_bike-with-yellow-wall-min.png","articleSection":["General"],"inLanguage":"es"},{"@type":"WebPage","@id":"https:\/\/www.fededonbosco.org\/villena\/comienza-el-show\/","url":"https:\/\/www.fededonbosco.org\/villena\/comienza-el-show\/","name":"\u00a1COMIENZA EL SHOW! - Centro Juvenil Don Bosco Villena","isPartOf":{"@id":"https:\/\/www.fededonbosco.org\/villena\/#website"},"primaryImageOfPage":{"@id":"https:\/\/www.fededonbosco.org\/villena\/comienza-el-show\/#primaryimage"},"image":{"@id":"https:\/\/www.fededonbosco.org\/villena\/comienza-el-show\/#primaryimage"},"thumbnailUrl":"https:\/\/www.fededonbosco.org\/villena\/wp-content\/uploads\/sites\/4\/2021\/09\/35e3240b-83ea-4bce-8b06-076fc81ab639_bike-with-yellow-wall-min.png","datePublished":"2021-09-29T18:53:22+00:00","dateModified":"2021-09-29T19:08:49+00:00","author":{"@id":"https:\/\/www.fededonbosco.org\/villena\/#\/schema\/person\/4da59decd0bb185b3d847ec0fcc2087f"},"breadcrumb":{"@id":"https:\/\/www.fededonbosco.org\/villena\/comienza-el-show\/#breadcrumb"},"inLanguage":"es","potentialAction":[{"@type":"ReadAction","target":["https:\/\/www.fededonbosco.org\/villena\/comienza-el-show\/"]}]},{"@type":"ImageObject","inLanguage":"es","@id":"https:\/\/www.fededonbosco.org\/villena\/comienza-el-show\/#primaryimage","url":"https:\/\/www.fededonbosco.org\/villena\/wp-content\/uploads\/sites\/4\/2021\/09\/35e3240b-83ea-4bce-8b06-076fc81ab639_bike-with-yellow-wall-min.png","contentUrl":"https:\/\/www.fededonbosco.org\/villena\/wp-content\/uploads\/sites\/4\/2021\/09\/35e3240b-83ea-4bce-8b06-076fc81ab639_bike-with-yellow-wall-min.png","width":1000,"height":666},{"@type":"BreadcrumbList","@id":"https:\/\/www.fededonbosco.org\/villena\/comienza-el-show\/#breadcrumb","itemListElement":[{"@type":"ListItem","position":1,"name":"Portada","item":"https:\/\/www.fededonbosco.org\/villena\/"},{"@type":"ListItem","position":2,"name":"\u00a1COMIENZA EL SHOW!"}]},{"@type":"WebSite","@id":"https:\/\/www.fededonbosco.org\/villena\/#website","url":"https:\/\/www.fededonbosco.org\/villena\/","name":"Centro Juvenil Don Bosco Villena","description":"Pagina oficial del Centro Juvenil Don Bosco","potentialAction":[{"@type":"SearchAction","target":{"@type":"EntryPoint","urlTemplate":"https:\/\/www.fededonbosco.org\/villena\/?s={search_term_string}"},"query-input":{"@type":"PropertyValueSpecification","valueRequired":true,"valueName":"search_term_string"}}],"inLanguage":"es"},{"@type":"Person","@id":"https:\/\/www.fededonbosco.org\/villena\/#\/schema\/person\/4da59decd0bb185b3d847ec0fcc2087f","name":"webcjdb","image":{"@type":"ImageObject","inLanguage":"es","@id":"https:\/\/secure.gravatar.com\/avatar\/6772807857fdc35dc1c918927bb1613843f3ac8f8acb9aaafd3f600c1ccfa3ac?s=96&d=identicon&r=g","url":"https:\/\/secure.gravatar.com\/avatar\/6772807857fdc35dc1c918927bb1613843f3ac8f8acb9aaafd3f600c1ccfa3ac?s=96&d=identicon&r=g","contentUrl":"https:\/\/secure.gravatar.com\/avatar\/6772807857fdc35dc1c918927bb1613843f3ac8f8acb9aaafd3f600c1ccfa3ac?s=96&d=identicon&r=g","caption":"webcjdb"},"sameAs":["https:\/\/www.facebook.com\/cjdbvillena\/","https:\/\/www.instagram.com\/cjdbvillena\/?hl=es","https:\/\/x.com\/cjdbvillena"],"url":"https:\/\/www.fededonbosco.org\/villena\/author\/webcjdb\/"}]}},"_links":{"self":[{"href":"https:\/\/www.fededonbosco.org\/villena\/wp-json\/wp\/v2\/posts\/7347","targetHints":{"allow":["GET"]}}],"collection":[{"href":"https:\/\/www.fededonbosco.org\/villena\/wp-json\/wp\/v2\/posts"}],"about":[{"href":"https:\/\/www.fededonbosco.org\/villena\/wp-json\/wp\/v2\/types\/post"}],"author":[{"embeddable":true,"href":"https:\/\/www.fededonbosco.org\/villena\/wp-json\/wp\/v2\/users\/8"}],"replies":[{"embeddable":true,"href":"https:\/\/www.fededonbosco.org\/villena\/wp-json\/wp\/v2\/comments?post=7347"}],"version-history":[{"count":2,"href":"https:\/\/www.fededonbosco.org\/villena\/wp-json\/wp\/v2\/posts\/7347\/revisions"}],"predecessor-version":[{"id":7355,"href":"https:\/\/www.fededonbosco.org\/villena\/wp-json\/wp\/v2\/posts\/7347\/revisions\/7355"}],"wp:featuredmedia":[{"embeddable":true,"href":"https:\/\/www.fededonbosco.org\/villena\/wp-json\/wp\/v2\/media\/7356"}],"wp:attachment":[{"href":"https:\/\/www.fededonbosco.org\/villena\/wp-json\/wp\/v2\/media?parent=7347"}],"wp:term":[{"taxonomy":"category","embeddable":true,"href":"https:\/\/www.fededonbosco.org\/villena\/wp-json\/wp\/v2\/categories?post=7347"},{"taxonomy":"post_tag","embeddable":true,"href":"https:\/\/www.fededonbosco.org\/villena\/wp-json\/wp\/v2\/tags?post=7347"}],"curies":[{"name":"wp","href":"https:\/\/api.w.org\/{rel}","templated":true}]}}