{"id":7358,"date":"2021-10-03T10:35:01","date_gmt":"2021-10-03T09:35:01","guid":{"rendered":"https:\/\/www.fededonbosco.org\/villena\/?p=7358"},"modified":"2021-10-03T10:51:03","modified_gmt":"2021-10-03T09:51:03","slug":"inscripciones-curso-21-22","status":"publish","type":"post","link":"https:\/\/www.fededonbosco.org\/villena\/inscripciones-curso-21-22\/","title":{"rendered":"INSCRIPCIONES CURSO 21\/22"},"content":{"rendered":"<div id=\"fb-root\"><\/div>\n<p>\u00a1HOLA A TODO EL MUNDO!, el curso 2021-2022 est\u00e1 a punto de comenzar pero antes de esto debes inscribirte en el Centro Juvenil Don Bosco entregando la documentaci\u00f3n que encontrar\u00e1s a continuaci\u00f3n; <strong>ficha de inscripci\u00f3n, declaraci\u00f3n responsable frente al Covid-19 y justificante de pago.<\/strong> Adem\u00e1s, encontrar\u00e1s tambi\u00e9n los horarios de inscripciones para saber que d\u00eda debes ir a entregar todos estos papeles. Cualquier duda, escribe a <a href=\"mailto:secretaria@cjdb.dbcv.es\">secretaria@cjdb.dbcv.es<\/a> y nos pondremos en contacto contigo lo antes posible, un abrazo y <strong>NOS VEMOS MUY PRONTO<\/strong>.<\/p>\n<p>&nbsp;<\/p>\n<p>&nbsp;<\/p>\n<p><strong>DOCUMENTOS IMPORTANTES<\/strong><\/p>\n<p><a href=\"http:\/\/www.fededonbosco.org\/villena\/wp-content\/uploads\/sites\/4\/2021\/10\/Metodo-de-pago-inscripciones-2021-2022-oficial.pdf\">M\u00e9todo de pago inscripciones 2021-2022 oficial<\/a><\/p>\n<p><a href=\"http:\/\/www.fededonbosco.org\/villena\/wp-content\/uploads\/sites\/4\/2021\/10\/horario-inscripciones-21-22.pdf\">horario inscripciones 21-22<\/a><\/p>\n<p><a href=\"http:\/\/www.fededonbosco.org\/villena\/wp-content\/uploads\/sites\/4\/2021\/10\/Declaracion-COVID-DESTINATARIOS.pdf\">Declaraci\u00f3n COVID DESTINATARIOS<\/a><\/p>\n<p><a href=\"http:\/\/www.fededonbosco.org\/villena\/wp-content\/uploads\/sites\/4\/2021\/10\/DATOS-INSCRIPCION-21-22.pdf\">DATOS INSCRIPCI\u00d3N 21-22<\/a><\/p>\n\n<div class=\"twitter-share\"><a href=\"https:\/\/twitter.com\/intent\/tweet?via=CJDB_Villena\" class=\"twitter-share-button\">Twittear<\/a><\/div>\n","protected":false},"excerpt":{"rendered":"<p>\u00a1HOLA A TODO EL MUNDO!, el curso 2021-2022 est\u00e1 a punto de comenzar pero antes de esto debes inscribirte en el Centro Juvenil Don Bosco entregando la documentaci\u00f3n que encontrar\u00e1s a continuaci\u00f3n; ficha de inscripci\u00f3n, declaraci\u00f3n responsable frente al Covid-19 y justificante de pago. Adem\u00e1s, encontrar\u00e1s tambi\u00e9n los horarios de inscripciones para saber que d\u00eda [&hellip;]<\/p>\n","protected":false},"author":8,"featured_media":7367,"comment_status":"closed","ping_status":"closed","sticky":false,"template":"","format":"standard","meta":{"_et_pb_use_builder":"","_et_pb_old_content":"","_et_gb_content_width":"","footnotes":""},"categories":[182],"tags":[],"class_list":["post-7358","post","type-post","status-publish","format-standard","has-post-thumbnail","hentry","category-general-val"],"yoast_head":"<!-- This site is optimized with the Yoast SEO plugin v28.3 - https:\/\/yoast.com\/product\/yoast-seo-wordpress\/ -->\n<title>INSCRIPCIONES CURSO 21\/22 - Centro Juvenil Don Bosco Villena<\/title>\n<meta name=\"robots\" content=\"index, follow, max-snippet:-1, max-image-preview:large, max-video-preview:-1\" \/>\n<link rel=\"canonical\" href=\"https:\/\/www.fededonbosco.org\/villena\/inscripciones-curso-21-22\/\" \/>\n<meta property=\"og:locale\" content=\"es_ES\" \/>\n<meta property=\"og:type\" content=\"article\" \/>\n<meta property=\"og:title\" content=\"INSCRIPCIONES CURSO 21\/22 - Centro Juvenil Don Bosco Villena\" \/>\n<meta property=\"og:description\" content=\"\u00a1HOLA A TODO EL MUNDO!, el curso 2021-2022 est\u00e1 a punto de comenzar pero antes de esto debes inscribirte en el Centro Juvenil Don Bosco entregando la documentaci\u00f3n que encontrar\u00e1s a continuaci\u00f3n; ficha de inscripci\u00f3n, declaraci\u00f3n responsable frente al Covid-19 y justificante de pago. Adem\u00e1s, encontrar\u00e1s tambi\u00e9n los horarios de inscripciones para saber que d\u00eda [&hellip;]\" \/>\n<meta property=\"og:url\" content=\"https:\/\/www.fededonbosco.org\/villena\/inscripciones-curso-21-22\/\" \/>\n<meta property=\"og:site_name\" content=\"Centro Juvenil Don Bosco Villena\" \/>\n<meta property=\"article:author\" content=\"https:\/\/www.facebook.com\/cjdbvillena\/\" \/>\n<meta property=\"article:published_time\" content=\"2021-10-03T09:35:01+00:00\" \/>\n<meta property=\"article:modified_time\" content=\"2021-10-03T09:51:03+00:00\" \/>\n<meta property=\"og:image\" content=\"http:\/\/www.fededonbosco.org\/villena\/wp-content\/uploads\/sites\/4\/2021\/10\/1-1.png\" \/>\n\t<meta property=\"og:image:width\" content=\"1080\" \/>\n\t<meta property=\"og:image:height\" content=\"1080\" \/>\n\t<meta property=\"og:image:type\" content=\"image\/png\" \/>\n<meta name=\"author\" content=\"webcjdb\" \/>\n<meta name=\"twitter:card\" content=\"summary_large_image\" \/>\n<meta name=\"twitter:creator\" content=\"@cjdbvillena\" \/>\n<meta name=\"twitter:label1\" content=\"Escrito por\" \/>\n\t<meta name=\"twitter:data1\" content=\"webcjdb\" \/>\n\t<meta name=\"twitter:label2\" content=\"Tiempo de lectura\" \/>\n\t<meta name=\"twitter:data2\" content=\"1 minuto\" \/>\n<script type=\"application\/ld+json\" class=\"yoast-schema-graph\">{\"@context\":\"https:\\\/\\\/schema.org\",\"@graph\":[{\"@type\":\"Article\",\"@id\":\"https:\\\/\\\/www.fededonbosco.org\\\/villena\\\/inscripciones-curso-21-22\\\/#article\",\"isPartOf\":{\"@id\":\"https:\\\/\\\/www.fededonbosco.org\\\/villena\\\/inscripciones-curso-21-22\\\/\"},\"author\":{\"name\":\"webcjdb\",\"@id\":\"https:\\\/\\\/www.fededonbosco.org\\\/villena\\\/#\\\/schema\\\/person\\\/4da59decd0bb185b3d847ec0fcc2087f\"},\"headline\":\"INSCRIPCIONES CURSO 21\\\/22\",\"datePublished\":\"2021-10-03T09:35:01+00:00\",\"dateModified\":\"2021-10-03T09:51:03+00:00\",\"mainEntityOfPage\":{\"@id\":\"https:\\\/\\\/www.fededonbosco.org\\\/villena\\\/inscripciones-curso-21-22\\\/\"},\"wordCount\":119,\"image\":{\"@id\":\"https:\\\/\\\/www.fededonbosco.org\\\/villena\\\/inscripciones-curso-21-22\\\/#primaryimage\"},\"thumbnailUrl\":\"https:\\\/\\\/www.fededonbosco.org\\\/villena\\\/wp-content\\\/uploads\\\/sites\\\/4\\\/2021\\\/10\\\/1-1.png\",\"articleSection\":[\"General\"],\"inLanguage\":\"es\"},{\"@type\":\"WebPage\",\"@id\":\"https:\\\/\\\/www.fededonbosco.org\\\/villena\\\/inscripciones-curso-21-22\\\/\",\"url\":\"https:\\\/\\\/www.fededonbosco.org\\\/villena\\\/inscripciones-curso-21-22\\\/\",\"name\":\"INSCRIPCIONES CURSO 21\\\/22 - Centro Juvenil Don Bosco Villena\",\"isPartOf\":{\"@id\":\"https:\\\/\\\/www.fededonbosco.org\\\/villena\\\/#website\"},\"primaryImageOfPage\":{\"@id\":\"https:\\\/\\\/www.fededonbosco.org\\\/villena\\\/inscripciones-curso-21-22\\\/#primaryimage\"},\"image\":{\"@id\":\"https:\\\/\\\/www.fededonbosco.org\\\/villena\\\/inscripciones-curso-21-22\\\/#primaryimage\"},\"thumbnailUrl\":\"https:\\\/\\\/www.fededonbosco.org\\\/villena\\\/wp-content\\\/uploads\\\/sites\\\/4\\\/2021\\\/10\\\/1-1.png\",\"datePublished\":\"2021-10-03T09:35:01+00:00\",\"dateModified\":\"2021-10-03T09:51:03+00:00\",\"author\":{\"@id\":\"https:\\\/\\\/www.fededonbosco.org\\\/villena\\\/#\\\/schema\\\/person\\\/4da59decd0bb185b3d847ec0fcc2087f\"},\"breadcrumb\":{\"@id\":\"https:\\\/\\\/www.fededonbosco.org\\\/villena\\\/inscripciones-curso-21-22\\\/#breadcrumb\"},\"inLanguage\":\"es\",\"potentialAction\":[{\"@type\":\"ReadAction\",\"target\":[\"https:\\\/\\\/www.fededonbosco.org\\\/villena\\\/inscripciones-curso-21-22\\\/\"]}]},{\"@type\":\"ImageObject\",\"inLanguage\":\"es\",\"@id\":\"https:\\\/\\\/www.fededonbosco.org\\\/villena\\\/inscripciones-curso-21-22\\\/#primaryimage\",\"url\":\"https:\\\/\\\/www.fededonbosco.org\\\/villena\\\/wp-content\\\/uploads\\\/sites\\\/4\\\/2021\\\/10\\\/1-1.png\",\"contentUrl\":\"https:\\\/\\\/www.fededonbosco.org\\\/villena\\\/wp-content\\\/uploads\\\/sites\\\/4\\\/2021\\\/10\\\/1-1.png\",\"width\":1080,\"height\":1080},{\"@type\":\"BreadcrumbList\",\"@id\":\"https:\\\/\\\/www.fededonbosco.org\\\/villena\\\/inscripciones-curso-21-22\\\/#breadcrumb\",\"itemListElement\":[{\"@type\":\"ListItem\",\"position\":1,\"name\":\"Portada\",\"item\":\"https:\\\/\\\/www.fededonbosco.org\\\/villena\\\/\"},{\"@type\":\"ListItem\",\"position\":2,\"name\":\"INSCRIPCIONES CURSO 21\\\/22\"}]},{\"@type\":\"WebSite\",\"@id\":\"https:\\\/\\\/www.fededonbosco.org\\\/villena\\\/#website\",\"url\":\"https:\\\/\\\/www.fededonbosco.org\\\/villena\\\/\",\"name\":\"Centro Juvenil Don Bosco Villena\",\"description\":\"Pagina oficial del Centro Juvenil Don Bosco\",\"potentialAction\":[{\"@type\":\"SearchAction\",\"target\":{\"@type\":\"EntryPoint\",\"urlTemplate\":\"https:\\\/\\\/www.fededonbosco.org\\\/villena\\\/?s={search_term_string}\"},\"query-input\":{\"@type\":\"PropertyValueSpecification\",\"valueRequired\":true,\"valueName\":\"search_term_string\"}}],\"inLanguage\":\"es\"},{\"@type\":\"Person\",\"@id\":\"https:\\\/\\\/www.fededonbosco.org\\\/villena\\\/#\\\/schema\\\/person\\\/4da59decd0bb185b3d847ec0fcc2087f\",\"name\":\"webcjdb\",\"image\":{\"@type\":\"ImageObject\",\"inLanguage\":\"es\",\"@id\":\"https:\\\/\\\/secure.gravatar.com\\\/avatar\\\/6772807857fdc35dc1c918927bb1613843f3ac8f8acb9aaafd3f600c1ccfa3ac?s=96&d=identicon&r=g\",\"url\":\"https:\\\/\\\/secure.gravatar.com\\\/avatar\\\/6772807857fdc35dc1c918927bb1613843f3ac8f8acb9aaafd3f600c1ccfa3ac?s=96&d=identicon&r=g\",\"contentUrl\":\"https:\\\/\\\/secure.gravatar.com\\\/avatar\\\/6772807857fdc35dc1c918927bb1613843f3ac8f8acb9aaafd3f600c1ccfa3ac?s=96&d=identicon&r=g\",\"caption\":\"webcjdb\"},\"sameAs\":[\"https:\\\/\\\/www.facebook.com\\\/cjdbvillena\\\/\",\"https:\\\/\\\/www.instagram.com\\\/cjdbvillena\\\/?hl=es\",\"https:\\\/\\\/x.com\\\/cjdbvillena\"],\"url\":\"https:\\\/\\\/www.fededonbosco.org\\\/villena\\\/author\\\/webcjdb\\\/\"}]}<\/script>\n<!-- \/ Yoast SEO plugin. -->","yoast_head_json":{"title":"INSCRIPCIONES CURSO 21\/22 - Centro Juvenil Don Bosco Villena","robots":{"index":"index","follow":"follow","max-snippet":"max-snippet:-1","max-image-preview":"max-image-preview:large","max-video-preview":"max-video-preview:-1"},"canonical":"https:\/\/www.fededonbosco.org\/villena\/inscripciones-curso-21-22\/","og_locale":"es_ES","og_type":"article","og_title":"INSCRIPCIONES CURSO 21\/22 - Centro Juvenil Don Bosco Villena","og_description":"\u00a1HOLA A TODO EL MUNDO!, el curso 2021-2022 est\u00e1 a punto de comenzar pero antes de esto debes inscribirte en el Centro Juvenil Don Bosco entregando la documentaci\u00f3n que encontrar\u00e1s a continuaci\u00f3n; ficha de inscripci\u00f3n, declaraci\u00f3n responsable frente al Covid-19 y justificante de pago. Adem\u00e1s, encontrar\u00e1s tambi\u00e9n los horarios de inscripciones para saber que d\u00eda [&hellip;]","og_url":"https:\/\/www.fededonbosco.org\/villena\/inscripciones-curso-21-22\/","og_site_name":"Centro Juvenil Don Bosco Villena","article_author":"https:\/\/www.facebook.com\/cjdbvillena\/","article_published_time":"2021-10-03T09:35:01+00:00","article_modified_time":"2021-10-03T09:51:03+00:00","og_image":[{"width":1080,"height":1080,"url":"http:\/\/www.fededonbosco.org\/villena\/wp-content\/uploads\/sites\/4\/2021\/10\/1-1.png","type":"image\/png"}],"author":"webcjdb","twitter_card":"summary_large_image","twitter_creator":"@cjdbvillena","twitter_misc":{"Escrito por":"webcjdb","Tiempo de lectura":"1 minuto"},"schema":{"@context":"https:\/\/schema.org","@graph":[{"@type":"Article","@id":"https:\/\/www.fededonbosco.org\/villena\/inscripciones-curso-21-22\/#article","isPartOf":{"@id":"https:\/\/www.fededonbosco.org\/villena\/inscripciones-curso-21-22\/"},"author":{"name":"webcjdb","@id":"https:\/\/www.fededonbosco.org\/villena\/#\/schema\/person\/4da59decd0bb185b3d847ec0fcc2087f"},"headline":"INSCRIPCIONES CURSO 21\/22","datePublished":"2021-10-03T09:35:01+00:00","dateModified":"2021-10-03T09:51:03+00:00","mainEntityOfPage":{"@id":"https:\/\/www.fededonbosco.org\/villena\/inscripciones-curso-21-22\/"},"wordCount":119,"image":{"@id":"https:\/\/www.fededonbosco.org\/villena\/inscripciones-curso-21-22\/#primaryimage"},"thumbnailUrl":"https:\/\/www.fededonbosco.org\/villena\/wp-content\/uploads\/sites\/4\/2021\/10\/1-1.png","articleSection":["General"],"inLanguage":"es"},{"@type":"WebPage","@id":"https:\/\/www.fededonbosco.org\/villena\/inscripciones-curso-21-22\/","url":"https:\/\/www.fededonbosco.org\/villena\/inscripciones-curso-21-22\/","name":"INSCRIPCIONES CURSO 21\/22 - Centro Juvenil Don Bosco Villena","isPartOf":{"@id":"https:\/\/www.fededonbosco.org\/villena\/#website"},"primaryImageOfPage":{"@id":"https:\/\/www.fededonbosco.org\/villena\/inscripciones-curso-21-22\/#primaryimage"},"image":{"@id":"https:\/\/www.fededonbosco.org\/villena\/inscripciones-curso-21-22\/#primaryimage"},"thumbnailUrl":"https:\/\/www.fededonbosco.org\/villena\/wp-content\/uploads\/sites\/4\/2021\/10\/1-1.png","datePublished":"2021-10-03T09:35:01+00:00","dateModified":"2021-10-03T09:51:03+00:00","author":{"@id":"https:\/\/www.fededonbosco.org\/villena\/#\/schema\/person\/4da59decd0bb185b3d847ec0fcc2087f"},"breadcrumb":{"@id":"https:\/\/www.fededonbosco.org\/villena\/inscripciones-curso-21-22\/#breadcrumb"},"inLanguage":"es","potentialAction":[{"@type":"ReadAction","target":["https:\/\/www.fededonbosco.org\/villena\/inscripciones-curso-21-22\/"]}]},{"@type":"ImageObject","inLanguage":"es","@id":"https:\/\/www.fededonbosco.org\/villena\/inscripciones-curso-21-22\/#primaryimage","url":"https:\/\/www.fededonbosco.org\/villena\/wp-content\/uploads\/sites\/4\/2021\/10\/1-1.png","contentUrl":"https:\/\/www.fededonbosco.org\/villena\/wp-content\/uploads\/sites\/4\/2021\/10\/1-1.png","width":1080,"height":1080},{"@type":"BreadcrumbList","@id":"https:\/\/www.fededonbosco.org\/villena\/inscripciones-curso-21-22\/#breadcrumb","itemListElement":[{"@type":"ListItem","position":1,"name":"Portada","item":"https:\/\/www.fededonbosco.org\/villena\/"},{"@type":"ListItem","position":2,"name":"INSCRIPCIONES CURSO 21\/22"}]},{"@type":"WebSite","@id":"https:\/\/www.fededonbosco.org\/villena\/#website","url":"https:\/\/www.fededonbosco.org\/villena\/","name":"Centro Juvenil Don Bosco Villena","description":"Pagina oficial del Centro Juvenil Don Bosco","potentialAction":[{"@type":"SearchAction","target":{"@type":"EntryPoint","urlTemplate":"https:\/\/www.fededonbosco.org\/villena\/?s={search_term_string}"},"query-input":{"@type":"PropertyValueSpecification","valueRequired":true,"valueName":"search_term_string"}}],"inLanguage":"es"},{"@type":"Person","@id":"https:\/\/www.fededonbosco.org\/villena\/#\/schema\/person\/4da59decd0bb185b3d847ec0fcc2087f","name":"webcjdb","image":{"@type":"ImageObject","inLanguage":"es","@id":"https:\/\/secure.gravatar.com\/avatar\/6772807857fdc35dc1c918927bb1613843f3ac8f8acb9aaafd3f600c1ccfa3ac?s=96&d=identicon&r=g","url":"https:\/\/secure.gravatar.com\/avatar\/6772807857fdc35dc1c918927bb1613843f3ac8f8acb9aaafd3f600c1ccfa3ac?s=96&d=identicon&r=g","contentUrl":"https:\/\/secure.gravatar.com\/avatar\/6772807857fdc35dc1c918927bb1613843f3ac8f8acb9aaafd3f600c1ccfa3ac?s=96&d=identicon&r=g","caption":"webcjdb"},"sameAs":["https:\/\/www.facebook.com\/cjdbvillena\/","https:\/\/www.instagram.com\/cjdbvillena\/?hl=es","https:\/\/x.com\/cjdbvillena"],"url":"https:\/\/www.fededonbosco.org\/villena\/author\/webcjdb\/"}]}},"_links":{"self":[{"href":"https:\/\/www.fededonbosco.org\/villena\/wp-json\/wp\/v2\/posts\/7358","targetHints":{"allow":["GET"]}}],"collection":[{"href":"https:\/\/www.fededonbosco.org\/villena\/wp-json\/wp\/v2\/posts"}],"about":[{"href":"https:\/\/www.fededonbosco.org\/villena\/wp-json\/wp\/v2\/types\/post"}],"author":[{"embeddable":true,"href":"https:\/\/www.fededonbosco.org\/villena\/wp-json\/wp\/v2\/users\/8"}],"replies":[{"embeddable":true,"href":"https:\/\/www.fededonbosco.org\/villena\/wp-json\/wp\/v2\/comments?post=7358"}],"version-history":[{"count":3,"href":"https:\/\/www.fededonbosco.org\/villena\/wp-json\/wp\/v2\/posts\/7358\/revisions"}],"predecessor-version":[{"id":7366,"href":"https:\/\/www.fededonbosco.org\/villena\/wp-json\/wp\/v2\/posts\/7358\/revisions\/7366"}],"wp:featuredmedia":[{"embeddable":true,"href":"https:\/\/www.fededonbosco.org\/villena\/wp-json\/wp\/v2\/media\/7367"}],"wp:attachment":[{"href":"https:\/\/www.fededonbosco.org\/villena\/wp-json\/wp\/v2\/media?parent=7358"}],"wp:term":[{"taxonomy":"category","embeddable":true,"href":"https:\/\/www.fededonbosco.org\/villena\/wp-json\/wp\/v2\/categories?post=7358"},{"taxonomy":"post_tag","embeddable":true,"href":"https:\/\/www.fededonbosco.org\/villena\/wp-json\/wp\/v2\/tags?post=7358"}],"curies":[{"name":"wp","href":"https:\/\/api.w.org\/{rel}","templated":true}]}}