{"id":7369,"date":"2021-10-19T12:21:40","date_gmt":"2021-10-19T11:21:40","guid":{"rendered":"https:\/\/www.fededonbosco.org\/villena\/?p=7369"},"modified":"2021-10-19T14:50:27","modified_gmt":"2021-10-19T13:50:27","slug":"primer-dia","status":"publish","type":"post","link":"https:\/\/www.fededonbosco.org\/villena\/primer-dia\/","title":{"rendered":"\u00a1\u00a1PRIMER D\u00cdA!!"},"content":{"rendered":"<div id=\"fb-root\"><\/div>\n<h4>El CJDB arranca el nuevo curso 2021\/22 con mas ganas que nunca.<\/h4>\n<h4>Siendo el primer d\u00eda el S\u00e1bado 23 de Octubre tendremos un <strong>horario diferente<\/strong> respecto al curso.<\/h4>\n<p>&nbsp;<\/p>\n<h4>HORARIO S\u00c1BADO 23 DE OCTUBRE<\/h4>\n<ul>\n<li><strong>ENTRADAS ESCALONADAS<\/strong>\n<ul>\n<li>17:00 &#8211; PREJU 1. (4\u00ba- 5\u00ba) por el Port\u00f3n.<\/li>\n<li>17:00 &#8211; PREJU 2. (6\u00ba &#8211; 1\u00ba Eso) por Porter\u00eda del Colegio.<\/li>\n<li>17:15 &#8211; JU-B\/JUB-72 por el Port\u00f3n.<\/li>\n<\/ul>\n<\/li>\n<\/ul>\n<div dir=\"auto\"><\/div>\n<div dir=\"auto\"><\/div>\n<ul>\n<li><strong>SALIDAS ESCALONADAS<\/strong>\n<ul>\n<li>19:30 &#8211; PREJU 1. (4\u00ba- 5\u00ba) por el Port\u00f3n.<\/li>\n<li>19:30 &#8211; PREJU 2. (6\u00ba &#8211; 1\u00ba Eso) por Porter\u00eda del Colegio.<\/li>\n<li>19:40- JU-B\/JUB-72 por el Port\u00f3n.<\/li>\n<\/ul>\n<\/li>\n<\/ul>\n<p>&nbsp;<\/p>\n\n<div class=\"twitter-share\"><a href=\"https:\/\/twitter.com\/intent\/tweet?via=CJDB_Villena\" class=\"twitter-share-button\">Twittear<\/a><\/div>\n","protected":false},"excerpt":{"rendered":"<p>El CJDB arranca el nuevo curso 2021\/22 con mas ganas que nunca. Siendo el primer d\u00eda el S\u00e1bado 23 de Octubre tendremos un horario diferente respecto al curso. &nbsp; HORARIO S\u00c1BADO 23 DE OCTUBRE ENTRADAS ESCALONADAS 17:00 &#8211; PREJU 1. (4\u00ba- 5\u00ba) por el Port\u00f3n. 17:00 &#8211; PREJU 2. (6\u00ba &#8211; 1\u00ba Eso) por Porter\u00eda [&hellip;]<\/p>\n","protected":false},"author":8,"featured_media":7370,"comment_status":"closed","ping_status":"closed","sticky":false,"template":"","format":"standard","meta":{"_et_pb_use_builder":"","_et_pb_old_content":"","_et_gb_content_width":"","footnotes":""},"categories":[182],"tags":[],"class_list":["post-7369","post","type-post","status-publish","format-standard","has-post-thumbnail","hentry","category-general-val"],"yoast_head":"<!-- This site is optimized with the Yoast SEO plugin v28.3 - https:\/\/yoast.com\/product\/yoast-seo-wordpress\/ -->\n<title>\u00a1\u00a1PRIMER D\u00cdA!! - Centro Juvenil Don Bosco Villena<\/title>\n<meta name=\"robots\" content=\"index, follow, max-snippet:-1, max-image-preview:large, max-video-preview:-1\" \/>\n<link rel=\"canonical\" href=\"https:\/\/www.fededonbosco.org\/villena\/primer-dia\/\" \/>\n<meta property=\"og:locale\" content=\"es_ES\" \/>\n<meta property=\"og:type\" content=\"article\" \/>\n<meta property=\"og:title\" content=\"\u00a1\u00a1PRIMER D\u00cdA!! - Centro Juvenil Don Bosco Villena\" \/>\n<meta property=\"og:description\" content=\"El CJDB arranca el nuevo curso 2021\/22 con mas ganas que nunca. Siendo el primer d\u00eda el S\u00e1bado 23 de Octubre tendremos un horario diferente respecto al curso. &nbsp; HORARIO S\u00c1BADO 23 DE OCTUBRE ENTRADAS ESCALONADAS 17:00 &#8211; PREJU 1. (4\u00ba- 5\u00ba) por el Port\u00f3n. 17:00 &#8211; PREJU 2. (6\u00ba &#8211; 1\u00ba Eso) por Porter\u00eda [&hellip;]\" \/>\n<meta property=\"og:url\" content=\"https:\/\/www.fededonbosco.org\/villena\/primer-dia\/\" \/>\n<meta property=\"og:site_name\" content=\"Centro Juvenil Don Bosco Villena\" \/>\n<meta property=\"article:author\" content=\"https:\/\/www.facebook.com\/cjdbvillena\/\" \/>\n<meta property=\"article:published_time\" content=\"2021-10-19T11:21:40+00:00\" \/>\n<meta property=\"article:modified_time\" content=\"2021-10-19T13:50:27+00:00\" \/>\n<meta property=\"og:image\" content=\"https:\/\/www.fededonbosco.org\/villena\/wp-content\/uploads\/sites\/4\/2021\/10\/HORARIOS-PRIMER-DIA-1024x724.png\" \/>\n\t<meta property=\"og:image:width\" content=\"1024\" \/>\n\t<meta property=\"og:image:height\" content=\"724\" \/>\n\t<meta property=\"og:image:type\" content=\"image\/png\" \/>\n<meta name=\"author\" content=\"webcjdb\" \/>\n<meta name=\"twitter:card\" content=\"summary_large_image\" \/>\n<meta name=\"twitter:creator\" content=\"@cjdbvillena\" \/>\n<meta name=\"twitter:label1\" content=\"Escrito por\" \/>\n\t<meta name=\"twitter:data1\" content=\"webcjdb\" \/>\n\t<meta name=\"twitter:label2\" content=\"Tiempo de lectura\" \/>\n\t<meta name=\"twitter:data2\" content=\"1 minuto\" \/>\n<script type=\"application\/ld+json\" class=\"yoast-schema-graph\">{\"@context\":\"https:\\\/\\\/schema.org\",\"@graph\":[{\"@type\":\"Article\",\"@id\":\"https:\\\/\\\/www.fededonbosco.org\\\/villena\\\/primer-dia\\\/#article\",\"isPartOf\":{\"@id\":\"https:\\\/\\\/www.fededonbosco.org\\\/villena\\\/primer-dia\\\/\"},\"author\":{\"name\":\"webcjdb\",\"@id\":\"https:\\\/\\\/www.fededonbosco.org\\\/villena\\\/#\\\/schema\\\/person\\\/4da59decd0bb185b3d847ec0fcc2087f\"},\"headline\":\"\u00a1\u00a1PRIMER D\u00cdA!!\",\"datePublished\":\"2021-10-19T11:21:40+00:00\",\"dateModified\":\"2021-10-19T13:50:27+00:00\",\"mainEntityOfPage\":{\"@id\":\"https:\\\/\\\/www.fededonbosco.org\\\/villena\\\/primer-dia\\\/\"},\"wordCount\":88,\"image\":{\"@id\":\"https:\\\/\\\/www.fededonbosco.org\\\/villena\\\/primer-dia\\\/#primaryimage\"},\"thumbnailUrl\":\"https:\\\/\\\/www.fededonbosco.org\\\/villena\\\/wp-content\\\/uploads\\\/sites\\\/4\\\/2021\\\/10\\\/HORARIOS-PRIMER-DIA.png\",\"articleSection\":[\"General\"],\"inLanguage\":\"es\"},{\"@type\":\"WebPage\",\"@id\":\"https:\\\/\\\/www.fededonbosco.org\\\/villena\\\/primer-dia\\\/\",\"url\":\"https:\\\/\\\/www.fededonbosco.org\\\/villena\\\/primer-dia\\\/\",\"name\":\"\u00a1\u00a1PRIMER D\u00cdA!! - Centro Juvenil Don Bosco Villena\",\"isPartOf\":{\"@id\":\"https:\\\/\\\/www.fededonbosco.org\\\/villena\\\/#website\"},\"primaryImageOfPage\":{\"@id\":\"https:\\\/\\\/www.fededonbosco.org\\\/villena\\\/primer-dia\\\/#primaryimage\"},\"image\":{\"@id\":\"https:\\\/\\\/www.fededonbosco.org\\\/villena\\\/primer-dia\\\/#primaryimage\"},\"thumbnailUrl\":\"https:\\\/\\\/www.fededonbosco.org\\\/villena\\\/wp-content\\\/uploads\\\/sites\\\/4\\\/2021\\\/10\\\/HORARIOS-PRIMER-DIA.png\",\"datePublished\":\"2021-10-19T11:21:40+00:00\",\"dateModified\":\"2021-10-19T13:50:27+00:00\",\"author\":{\"@id\":\"https:\\\/\\\/www.fededonbosco.org\\\/villena\\\/#\\\/schema\\\/person\\\/4da59decd0bb185b3d847ec0fcc2087f\"},\"breadcrumb\":{\"@id\":\"https:\\\/\\\/www.fededonbosco.org\\\/villena\\\/primer-dia\\\/#breadcrumb\"},\"inLanguage\":\"es\",\"potentialAction\":[{\"@type\":\"ReadAction\",\"target\":[\"https:\\\/\\\/www.fededonbosco.org\\\/villena\\\/primer-dia\\\/\"]}]},{\"@type\":\"ImageObject\",\"inLanguage\":\"es\",\"@id\":\"https:\\\/\\\/www.fededonbosco.org\\\/villena\\\/primer-dia\\\/#primaryimage\",\"url\":\"https:\\\/\\\/www.fededonbosco.org\\\/villena\\\/wp-content\\\/uploads\\\/sites\\\/4\\\/2021\\\/10\\\/HORARIOS-PRIMER-DIA.png\",\"contentUrl\":\"https:\\\/\\\/www.fededonbosco.org\\\/villena\\\/wp-content\\\/uploads\\\/sites\\\/4\\\/2021\\\/10\\\/HORARIOS-PRIMER-DIA.png\",\"width\":2245,\"height\":1587},{\"@type\":\"BreadcrumbList\",\"@id\":\"https:\\\/\\\/www.fededonbosco.org\\\/villena\\\/primer-dia\\\/#breadcrumb\",\"itemListElement\":[{\"@type\":\"ListItem\",\"position\":1,\"name\":\"Portada\",\"item\":\"https:\\\/\\\/www.fededonbosco.org\\\/villena\\\/\"},{\"@type\":\"ListItem\",\"position\":2,\"name\":\"\u00a1\u00a1PRIMER D\u00cdA!!\"}]},{\"@type\":\"WebSite\",\"@id\":\"https:\\\/\\\/www.fededonbosco.org\\\/villena\\\/#website\",\"url\":\"https:\\\/\\\/www.fededonbosco.org\\\/villena\\\/\",\"name\":\"Centro Juvenil Don Bosco Villena\",\"description\":\"Pagina oficial del Centro Juvenil Don Bosco\",\"potentialAction\":[{\"@type\":\"SearchAction\",\"target\":{\"@type\":\"EntryPoint\",\"urlTemplate\":\"https:\\\/\\\/www.fededonbosco.org\\\/villena\\\/?s={search_term_string}\"},\"query-input\":{\"@type\":\"PropertyValueSpecification\",\"valueRequired\":true,\"valueName\":\"search_term_string\"}}],\"inLanguage\":\"es\"},{\"@type\":\"Person\",\"@id\":\"https:\\\/\\\/www.fededonbosco.org\\\/villena\\\/#\\\/schema\\\/person\\\/4da59decd0bb185b3d847ec0fcc2087f\",\"name\":\"webcjdb\",\"image\":{\"@type\":\"ImageObject\",\"inLanguage\":\"es\",\"@id\":\"https:\\\/\\\/secure.gravatar.com\\\/avatar\\\/6772807857fdc35dc1c918927bb1613843f3ac8f8acb9aaafd3f600c1ccfa3ac?s=96&d=identicon&r=g\",\"url\":\"https:\\\/\\\/secure.gravatar.com\\\/avatar\\\/6772807857fdc35dc1c918927bb1613843f3ac8f8acb9aaafd3f600c1ccfa3ac?s=96&d=identicon&r=g\",\"contentUrl\":\"https:\\\/\\\/secure.gravatar.com\\\/avatar\\\/6772807857fdc35dc1c918927bb1613843f3ac8f8acb9aaafd3f600c1ccfa3ac?s=96&d=identicon&r=g\",\"caption\":\"webcjdb\"},\"sameAs\":[\"https:\\\/\\\/www.facebook.com\\\/cjdbvillena\\\/\",\"https:\\\/\\\/www.instagram.com\\\/cjdbvillena\\\/?hl=es\",\"https:\\\/\\\/x.com\\\/cjdbvillena\"],\"url\":\"https:\\\/\\\/www.fededonbosco.org\\\/villena\\\/author\\\/webcjdb\\\/\"}]}<\/script>\n<!-- \/ Yoast SEO plugin. -->","yoast_head_json":{"title":"\u00a1\u00a1PRIMER D\u00cdA!! - Centro Juvenil Don Bosco Villena","robots":{"index":"index","follow":"follow","max-snippet":"max-snippet:-1","max-image-preview":"max-image-preview:large","max-video-preview":"max-video-preview:-1"},"canonical":"https:\/\/www.fededonbosco.org\/villena\/primer-dia\/","og_locale":"es_ES","og_type":"article","og_title":"\u00a1\u00a1PRIMER D\u00cdA!! - Centro Juvenil Don Bosco Villena","og_description":"El CJDB arranca el nuevo curso 2021\/22 con mas ganas que nunca. Siendo el primer d\u00eda el S\u00e1bado 23 de Octubre tendremos un horario diferente respecto al curso. &nbsp; HORARIO S\u00c1BADO 23 DE OCTUBRE ENTRADAS ESCALONADAS 17:00 &#8211; PREJU 1. (4\u00ba- 5\u00ba) por el Port\u00f3n. 17:00 &#8211; PREJU 2. (6\u00ba &#8211; 1\u00ba Eso) por Porter\u00eda [&hellip;]","og_url":"https:\/\/www.fededonbosco.org\/villena\/primer-dia\/","og_site_name":"Centro Juvenil Don Bosco Villena","article_author":"https:\/\/www.facebook.com\/cjdbvillena\/","article_published_time":"2021-10-19T11:21:40+00:00","article_modified_time":"2021-10-19T13:50:27+00:00","og_image":[{"width":1024,"height":724,"url":"https:\/\/www.fededonbosco.org\/villena\/wp-content\/uploads\/sites\/4\/2021\/10\/HORARIOS-PRIMER-DIA-1024x724.png","type":"image\/png"}],"author":"webcjdb","twitter_card":"summary_large_image","twitter_creator":"@cjdbvillena","twitter_misc":{"Escrito por":"webcjdb","Tiempo de lectura":"1 minuto"},"schema":{"@context":"https:\/\/schema.org","@graph":[{"@type":"Article","@id":"https:\/\/www.fededonbosco.org\/villena\/primer-dia\/#article","isPartOf":{"@id":"https:\/\/www.fededonbosco.org\/villena\/primer-dia\/"},"author":{"name":"webcjdb","@id":"https:\/\/www.fededonbosco.org\/villena\/#\/schema\/person\/4da59decd0bb185b3d847ec0fcc2087f"},"headline":"\u00a1\u00a1PRIMER D\u00cdA!!","datePublished":"2021-10-19T11:21:40+00:00","dateModified":"2021-10-19T13:50:27+00:00","mainEntityOfPage":{"@id":"https:\/\/www.fededonbosco.org\/villena\/primer-dia\/"},"wordCount":88,"image":{"@id":"https:\/\/www.fededonbosco.org\/villena\/primer-dia\/#primaryimage"},"thumbnailUrl":"https:\/\/www.fededonbosco.org\/villena\/wp-content\/uploads\/sites\/4\/2021\/10\/HORARIOS-PRIMER-DIA.png","articleSection":["General"],"inLanguage":"es"},{"@type":"WebPage","@id":"https:\/\/www.fededonbosco.org\/villena\/primer-dia\/","url":"https:\/\/www.fededonbosco.org\/villena\/primer-dia\/","name":"\u00a1\u00a1PRIMER D\u00cdA!! - Centro Juvenil Don Bosco Villena","isPartOf":{"@id":"https:\/\/www.fededonbosco.org\/villena\/#website"},"primaryImageOfPage":{"@id":"https:\/\/www.fededonbosco.org\/villena\/primer-dia\/#primaryimage"},"image":{"@id":"https:\/\/www.fededonbosco.org\/villena\/primer-dia\/#primaryimage"},"thumbnailUrl":"https:\/\/www.fededonbosco.org\/villena\/wp-content\/uploads\/sites\/4\/2021\/10\/HORARIOS-PRIMER-DIA.png","datePublished":"2021-10-19T11:21:40+00:00","dateModified":"2021-10-19T13:50:27+00:00","author":{"@id":"https:\/\/www.fededonbosco.org\/villena\/#\/schema\/person\/4da59decd0bb185b3d847ec0fcc2087f"},"breadcrumb":{"@id":"https:\/\/www.fededonbosco.org\/villena\/primer-dia\/#breadcrumb"},"inLanguage":"es","potentialAction":[{"@type":"ReadAction","target":["https:\/\/www.fededonbosco.org\/villena\/primer-dia\/"]}]},{"@type":"ImageObject","inLanguage":"es","@id":"https:\/\/www.fededonbosco.org\/villena\/primer-dia\/#primaryimage","url":"https:\/\/www.fededonbosco.org\/villena\/wp-content\/uploads\/sites\/4\/2021\/10\/HORARIOS-PRIMER-DIA.png","contentUrl":"https:\/\/www.fededonbosco.org\/villena\/wp-content\/uploads\/sites\/4\/2021\/10\/HORARIOS-PRIMER-DIA.png","width":2245,"height":1587},{"@type":"BreadcrumbList","@id":"https:\/\/www.fededonbosco.org\/villena\/primer-dia\/#breadcrumb","itemListElement":[{"@type":"ListItem","position":1,"name":"Portada","item":"https:\/\/www.fededonbosco.org\/villena\/"},{"@type":"ListItem","position":2,"name":"\u00a1\u00a1PRIMER D\u00cdA!!"}]},{"@type":"WebSite","@id":"https:\/\/www.fededonbosco.org\/villena\/#website","url":"https:\/\/www.fededonbosco.org\/villena\/","name":"Centro Juvenil Don Bosco Villena","description":"Pagina oficial del Centro Juvenil Don Bosco","potentialAction":[{"@type":"SearchAction","target":{"@type":"EntryPoint","urlTemplate":"https:\/\/www.fededonbosco.org\/villena\/?s={search_term_string}"},"query-input":{"@type":"PropertyValueSpecification","valueRequired":true,"valueName":"search_term_string"}}],"inLanguage":"es"},{"@type":"Person","@id":"https:\/\/www.fededonbosco.org\/villena\/#\/schema\/person\/4da59decd0bb185b3d847ec0fcc2087f","name":"webcjdb","image":{"@type":"ImageObject","inLanguage":"es","@id":"https:\/\/secure.gravatar.com\/avatar\/6772807857fdc35dc1c918927bb1613843f3ac8f8acb9aaafd3f600c1ccfa3ac?s=96&d=identicon&r=g","url":"https:\/\/secure.gravatar.com\/avatar\/6772807857fdc35dc1c918927bb1613843f3ac8f8acb9aaafd3f600c1ccfa3ac?s=96&d=identicon&r=g","contentUrl":"https:\/\/secure.gravatar.com\/avatar\/6772807857fdc35dc1c918927bb1613843f3ac8f8acb9aaafd3f600c1ccfa3ac?s=96&d=identicon&r=g","caption":"webcjdb"},"sameAs":["https:\/\/www.facebook.com\/cjdbvillena\/","https:\/\/www.instagram.com\/cjdbvillena\/?hl=es","https:\/\/x.com\/cjdbvillena"],"url":"https:\/\/www.fededonbosco.org\/villena\/author\/webcjdb\/"}]}},"_links":{"self":[{"href":"https:\/\/www.fededonbosco.org\/villena\/wp-json\/wp\/v2\/posts\/7369","targetHints":{"allow":["GET"]}}],"collection":[{"href":"https:\/\/www.fededonbosco.org\/villena\/wp-json\/wp\/v2\/posts"}],"about":[{"href":"https:\/\/www.fededonbosco.org\/villena\/wp-json\/wp\/v2\/types\/post"}],"author":[{"embeddable":true,"href":"https:\/\/www.fededonbosco.org\/villena\/wp-json\/wp\/v2\/users\/8"}],"replies":[{"embeddable":true,"href":"https:\/\/www.fededonbosco.org\/villena\/wp-json\/wp\/v2\/comments?post=7369"}],"version-history":[{"count":4,"href":"https:\/\/www.fededonbosco.org\/villena\/wp-json\/wp\/v2\/posts\/7369\/revisions"}],"predecessor-version":[{"id":7372,"href":"https:\/\/www.fededonbosco.org\/villena\/wp-json\/wp\/v2\/posts\/7369\/revisions\/7372"}],"wp:featuredmedia":[{"embeddable":true,"href":"https:\/\/www.fededonbosco.org\/villena\/wp-json\/wp\/v2\/media\/7370"}],"wp:attachment":[{"href":"https:\/\/www.fededonbosco.org\/villena\/wp-json\/wp\/v2\/media?parent=7369"}],"wp:term":[{"taxonomy":"category","embeddable":true,"href":"https:\/\/www.fededonbosco.org\/villena\/wp-json\/wp\/v2\/categories?post=7369"},{"taxonomy":"post_tag","embeddable":true,"href":"https:\/\/www.fededonbosco.org\/villena\/wp-json\/wp\/v2\/tags?post=7369"}],"curies":[{"name":"wp","href":"https:\/\/api.w.org\/{rel}","templated":true}]}}