{"id":7391,"date":"2021-11-15T14:00:15","date_gmt":"2021-11-15T13:00:15","guid":{"rendered":"https:\/\/www.fededonbosco.org\/villena\/?p=7391"},"modified":"2021-11-15T15:23:43","modified_gmt":"2021-11-15T14:23:43","slug":"acampada-biarnua-jub","status":"publish","type":"post","link":"https:\/\/www.fededonbosco.org\/villena\/acampada-biarnua-jub\/","title":{"rendered":"ACAMPADA BIARNUA JUB"},"content":{"rendered":"<div id=\"fb-root\"><\/div>\n<h3>El fin de semana del <strong>18 y 19 de diciembre<\/strong> tenemos preparado algo muy especial para los destinatarios de JU-B!!!<img loading=\"lazy\" decoding=\"async\" class=\"emoji\" src=\"https:\/\/web.telegram.org\/k\/assets\/img\/emoji\/1f609.png\" alt=\"&#x1f609;\" width=\"17\" height=\"17\" \/><img loading=\"lazy\" decoding=\"async\" class=\"emoji\" src=\"https:\/\/web.telegram.org\/k\/assets\/img\/emoji\/1f91e.png\" alt=\"&#x1f91e;\" width=\"17\" height=\"17\" \/><\/h3>\n<h3><\/h3>\n<p>&nbsp;<\/p>\n<h1><strong><img loading=\"lazy\" decoding=\"async\" class=\"emoji\" src=\"https:\/\/web.telegram.org\/k\/assets\/img\/emoji\/1f332.png\" alt=\"&#x1f332;\" width=\"17\" height=\"17\" \/>BIARNUA<img loading=\"lazy\" decoding=\"async\" class=\"emoji\" src=\"https:\/\/web.telegram.org\/k\/assets\/img\/emoji\/1f332.png\" alt=\"&#x1f332;\" width=\"17\" height=\"17\" \/><\/strong><\/h1>\n<p>&nbsp;<\/p>\n<h3>Durante el fin de semana viviremos momentos \u00fanicos<img loading=\"lazy\" decoding=\"async\" class=\"emoji\" src=\"https:\/\/web.telegram.org\/k\/assets\/img\/emoji\/26f0.png\" alt=\"&#x26f0;&#xfe0f;\" width=\"17\" height=\"17\" \/> y desconectaremos de nuestro d\u00eda a d\u00eda para cargarnos de energ\u00eda positiva para el a\u00f1o 2022<img loading=\"lazy\" decoding=\"async\" class=\"emoji\" src=\"https:\/\/web.telegram.org\/k\/assets\/img\/emoji\/1f44c.png\" alt=\"&#x1f44c;\" width=\"17\" height=\"17\" \/><img loading=\"lazy\" decoding=\"async\" class=\"emoji\" src=\"https:\/\/web.telegram.org\/k\/assets\/img\/emoji\/1f917.png\" alt=\"&#x1f917;\" width=\"17\" height=\"17\" \/><\/h3>\n<p>&nbsp;<\/p>\n<h3>Pod\u00e9is encontrar la circular de en la parte de abajo de este articulo llamada &#8216;<a href=\"http:\/\/www.fededonbosco.org\/villena\/wp-content\/uploads\/sites\/4\/2021\/11\/INSCRIPCION-ACAMPADA-BIARNUA.pdf\">Inscripci\u00f3n campada Biarnua&#8217;<\/a>\u00a0 o en telegram<img loading=\"lazy\" decoding=\"async\" class=\"emoji\" src=\"https:\/\/web.telegram.org\/k\/assets\/img\/emoji\/1f4f2.png\" alt=\"&#x1f4f2;\" width=\"17\" height=\"17\" \/><\/h3>\n<p>&nbsp;<\/p>\n<h3>M\u00e1s informaci\u00f3n en el canal de TELEGRAM!!!<img loading=\"lazy\" decoding=\"async\" class=\"emoji\" src=\"https:\/\/web.telegram.org\/k\/assets\/img\/emoji\/1f63b.png\" alt=\"&#x1f63b;\" width=\"17\" height=\"17\" \/><img loading=\"lazy\" decoding=\"async\" class=\"emoji\" src=\"https:\/\/web.telegram.org\/k\/assets\/img\/emoji\/1f919.png\" alt=\"&#x1f919;\" width=\"17\" height=\"17\" \/> Os esperamos!!!<\/h3>\n<h3><\/h3>\n<p>&nbsp;<\/p>\n<h4><em><strong>CIRCULAR: <\/strong><\/em><a href=\"http:\/\/www.fededonbosco.org\/villena\/wp-content\/uploads\/sites\/4\/2021\/11\/INSCRIPCION-ACAMPADA-BIARNUA-1.pdf\"><em><strong>INSCRIPCI\u00d3N ACAMPADA BIARNUA<\/strong><\/em><\/a><\/h4>\n\n<div class=\"twitter-share\"><a href=\"https:\/\/twitter.com\/intent\/tweet?via=CJDB_Villena\" class=\"twitter-share-button\">Twittear<\/a><\/div>\n","protected":false},"excerpt":{"rendered":"<p>El fin de semana del 18 y 19 de diciembre tenemos preparado algo muy especial para los destinatarios de JU-B!!! &nbsp; BIARNUA &nbsp; Durante el fin de semana viviremos momentos \u00fanicos y desconectaremos de nuestro d\u00eda a d\u00eda para cargarnos de energ\u00eda positiva para el a\u00f1o 2022 &nbsp; Pod\u00e9is encontrar la circular de en la [&hellip;]<\/p>\n","protected":false},"author":8,"featured_media":7392,"comment_status":"closed","ping_status":"closed","sticky":false,"template":"","format":"standard","meta":{"_et_pb_use_builder":"","_et_pb_old_content":"","_et_gb_content_width":"","footnotes":""},"categories":[182,35,172],"tags":[],"class_list":["post-7391","post","type-post","status-publish","format-standard","has-post-thumbnail","hentry","category-general-val","category-general","category-ju-b"],"yoast_head":"<!-- This site is optimized with the Yoast SEO plugin v28.3 - https:\/\/yoast.com\/product\/yoast-seo-wordpress\/ -->\n<title>ACAMPADA BIARNUA JUB - Centro Juvenil Don Bosco Villena<\/title>\n<meta name=\"robots\" content=\"index, follow, max-snippet:-1, max-image-preview:large, max-video-preview:-1\" \/>\n<link rel=\"canonical\" href=\"https:\/\/www.fededonbosco.org\/villena\/acampada-biarnua-jub\/\" \/>\n<meta property=\"og:locale\" content=\"es_ES\" \/>\n<meta property=\"og:type\" content=\"article\" \/>\n<meta property=\"og:title\" content=\"ACAMPADA BIARNUA JUB - Centro Juvenil Don Bosco Villena\" \/>\n<meta property=\"og:description\" content=\"El fin de semana del 18 y 19 de diciembre tenemos preparado algo muy especial para los destinatarios de JU-B!!! &nbsp; BIARNUA &nbsp; Durante el fin de semana viviremos momentos \u00fanicos y desconectaremos de nuestro d\u00eda a d\u00eda para cargarnos de energ\u00eda positiva para el a\u00f1o 2022 &nbsp; Pod\u00e9is encontrar la circular de en la [&hellip;]\" \/>\n<meta property=\"og:url\" content=\"https:\/\/www.fededonbosco.org\/villena\/acampada-biarnua-jub\/\" \/>\n<meta property=\"og:site_name\" content=\"Centro Juvenil Don Bosco Villena\" \/>\n<meta property=\"article:author\" content=\"https:\/\/www.facebook.com\/cjdbvillena\/\" \/>\n<meta property=\"article:published_time\" content=\"2021-11-15T13:00:15+00:00\" \/>\n<meta property=\"article:modified_time\" content=\"2021-11-15T14:23:43+00:00\" \/>\n<meta property=\"og:image\" content=\"https:\/\/www.fededonbosco.org\/villena\/wp-content\/uploads\/sites\/4\/2021\/11\/photo5805622073165461522.jpg\" \/>\n\t<meta property=\"og:image:width\" content=\"1587\" \/>\n\t<meta property=\"og:image:height\" content=\"2245\" \/>\n\t<meta property=\"og:image:type\" content=\"image\/jpeg\" \/>\n<meta name=\"author\" content=\"webcjdb\" \/>\n<meta name=\"twitter:card\" content=\"summary_large_image\" \/>\n<meta name=\"twitter:creator\" content=\"@cjdbvillena\" \/>\n<meta name=\"twitter:label1\" content=\"Escrito por\" \/>\n\t<meta name=\"twitter:data1\" content=\"webcjdb\" \/>\n\t<meta name=\"twitter:label2\" content=\"Tiempo de lectura\" \/>\n\t<meta name=\"twitter:data2\" content=\"3 minutos\" \/>\n<script type=\"application\/ld+json\" class=\"yoast-schema-graph\">{\"@context\":\"https:\\\/\\\/schema.org\",\"@graph\":[{\"@type\":\"Article\",\"@id\":\"https:\\\/\\\/www.fededonbosco.org\\\/villena\\\/acampada-biarnua-jub\\\/#article\",\"isPartOf\":{\"@id\":\"https:\\\/\\\/www.fededonbosco.org\\\/villena\\\/acampada-biarnua-jub\\\/\"},\"author\":{\"name\":\"webcjdb\",\"@id\":\"https:\\\/\\\/www.fededonbosco.org\\\/villena\\\/#\\\/schema\\\/person\\\/4da59decd0bb185b3d847ec0fcc2087f\"},\"headline\":\"ACAMPADA BIARNUA JUB\",\"datePublished\":\"2021-11-15T13:00:15+00:00\",\"dateModified\":\"2021-11-15T14:23:43+00:00\",\"mainEntityOfPage\":{\"@id\":\"https:\\\/\\\/www.fededonbosco.org\\\/villena\\\/acampada-biarnua-jub\\\/\"},\"wordCount\":92,\"image\":{\"@id\":\"https:\\\/\\\/www.fededonbosco.org\\\/villena\\\/acampada-biarnua-jub\\\/#primaryimage\"},\"thumbnailUrl\":\"https:\\\/\\\/www.fededonbosco.org\\\/villena\\\/wp-content\\\/uploads\\\/sites\\\/4\\\/2021\\\/11\\\/photo5805622073165461522.jpg\",\"articleSection\":[\"General\",\"General\",\"Ju-B\"],\"inLanguage\":\"es\"},{\"@type\":\"WebPage\",\"@id\":\"https:\\\/\\\/www.fededonbosco.org\\\/villena\\\/acampada-biarnua-jub\\\/\",\"url\":\"https:\\\/\\\/www.fededonbosco.org\\\/villena\\\/acampada-biarnua-jub\\\/\",\"name\":\"ACAMPADA BIARNUA JUB - Centro Juvenil Don Bosco Villena\",\"isPartOf\":{\"@id\":\"https:\\\/\\\/www.fededonbosco.org\\\/villena\\\/#website\"},\"primaryImageOfPage\":{\"@id\":\"https:\\\/\\\/www.fededonbosco.org\\\/villena\\\/acampada-biarnua-jub\\\/#primaryimage\"},\"image\":{\"@id\":\"https:\\\/\\\/www.fededonbosco.org\\\/villena\\\/acampada-biarnua-jub\\\/#primaryimage\"},\"thumbnailUrl\":\"https:\\\/\\\/www.fededonbosco.org\\\/villena\\\/wp-content\\\/uploads\\\/sites\\\/4\\\/2021\\\/11\\\/photo5805622073165461522.jpg\",\"datePublished\":\"2021-11-15T13:00:15+00:00\",\"dateModified\":\"2021-11-15T14:23:43+00:00\",\"author\":{\"@id\":\"https:\\\/\\\/www.fededonbosco.org\\\/villena\\\/#\\\/schema\\\/person\\\/4da59decd0bb185b3d847ec0fcc2087f\"},\"breadcrumb\":{\"@id\":\"https:\\\/\\\/www.fededonbosco.org\\\/villena\\\/acampada-biarnua-jub\\\/#breadcrumb\"},\"inLanguage\":\"es\",\"potentialAction\":[{\"@type\":\"ReadAction\",\"target\":[\"https:\\\/\\\/www.fededonbosco.org\\\/villena\\\/acampada-biarnua-jub\\\/\"]}]},{\"@type\":\"ImageObject\",\"inLanguage\":\"es\",\"@id\":\"https:\\\/\\\/www.fededonbosco.org\\\/villena\\\/acampada-biarnua-jub\\\/#primaryimage\",\"url\":\"https:\\\/\\\/www.fededonbosco.org\\\/villena\\\/wp-content\\\/uploads\\\/sites\\\/4\\\/2021\\\/11\\\/photo5805622073165461522.jpg\",\"contentUrl\":\"https:\\\/\\\/www.fededonbosco.org\\\/villena\\\/wp-content\\\/uploads\\\/sites\\\/4\\\/2021\\\/11\\\/photo5805622073165461522.jpg\",\"width\":1587,\"height\":2245},{\"@type\":\"BreadcrumbList\",\"@id\":\"https:\\\/\\\/www.fededonbosco.org\\\/villena\\\/acampada-biarnua-jub\\\/#breadcrumb\",\"itemListElement\":[{\"@type\":\"ListItem\",\"position\":1,\"name\":\"Portada\",\"item\":\"https:\\\/\\\/www.fededonbosco.org\\\/villena\\\/\"},{\"@type\":\"ListItem\",\"position\":2,\"name\":\"ACAMPADA BIARNUA JUB\"}]},{\"@type\":\"WebSite\",\"@id\":\"https:\\\/\\\/www.fededonbosco.org\\\/villena\\\/#website\",\"url\":\"https:\\\/\\\/www.fededonbosco.org\\\/villena\\\/\",\"name\":\"Centro Juvenil Don Bosco Villena\",\"description\":\"Pagina oficial del Centro Juvenil Don Bosco\",\"potentialAction\":[{\"@type\":\"SearchAction\",\"target\":{\"@type\":\"EntryPoint\",\"urlTemplate\":\"https:\\\/\\\/www.fededonbosco.org\\\/villena\\\/?s={search_term_string}\"},\"query-input\":{\"@type\":\"PropertyValueSpecification\",\"valueRequired\":true,\"valueName\":\"search_term_string\"}}],\"inLanguage\":\"es\"},{\"@type\":\"Person\",\"@id\":\"https:\\\/\\\/www.fededonbosco.org\\\/villena\\\/#\\\/schema\\\/person\\\/4da59decd0bb185b3d847ec0fcc2087f\",\"name\":\"webcjdb\",\"image\":{\"@type\":\"ImageObject\",\"inLanguage\":\"es\",\"@id\":\"https:\\\/\\\/secure.gravatar.com\\\/avatar\\\/6772807857fdc35dc1c918927bb1613843f3ac8f8acb9aaafd3f600c1ccfa3ac?s=96&d=identicon&r=g\",\"url\":\"https:\\\/\\\/secure.gravatar.com\\\/avatar\\\/6772807857fdc35dc1c918927bb1613843f3ac8f8acb9aaafd3f600c1ccfa3ac?s=96&d=identicon&r=g\",\"contentUrl\":\"https:\\\/\\\/secure.gravatar.com\\\/avatar\\\/6772807857fdc35dc1c918927bb1613843f3ac8f8acb9aaafd3f600c1ccfa3ac?s=96&d=identicon&r=g\",\"caption\":\"webcjdb\"},\"sameAs\":[\"https:\\\/\\\/www.facebook.com\\\/cjdbvillena\\\/\",\"https:\\\/\\\/www.instagram.com\\\/cjdbvillena\\\/?hl=es\",\"https:\\\/\\\/x.com\\\/cjdbvillena\"],\"url\":\"https:\\\/\\\/www.fededonbosco.org\\\/villena\\\/author\\\/webcjdb\\\/\"}]}<\/script>\n<!-- \/ Yoast SEO plugin. -->","yoast_head_json":{"title":"ACAMPADA BIARNUA JUB - Centro Juvenil Don Bosco Villena","robots":{"index":"index","follow":"follow","max-snippet":"max-snippet:-1","max-image-preview":"max-image-preview:large","max-video-preview":"max-video-preview:-1"},"canonical":"https:\/\/www.fededonbosco.org\/villena\/acampada-biarnua-jub\/","og_locale":"es_ES","og_type":"article","og_title":"ACAMPADA BIARNUA JUB - Centro Juvenil Don Bosco Villena","og_description":"El fin de semana del 18 y 19 de diciembre tenemos preparado algo muy especial para los destinatarios de JU-B!!! &nbsp; BIARNUA &nbsp; Durante el fin de semana viviremos momentos \u00fanicos y desconectaremos de nuestro d\u00eda a d\u00eda para cargarnos de energ\u00eda positiva para el a\u00f1o 2022 &nbsp; Pod\u00e9is encontrar la circular de en la [&hellip;]","og_url":"https:\/\/www.fededonbosco.org\/villena\/acampada-biarnua-jub\/","og_site_name":"Centro Juvenil Don Bosco Villena","article_author":"https:\/\/www.facebook.com\/cjdbvillena\/","article_published_time":"2021-11-15T13:00:15+00:00","article_modified_time":"2021-11-15T14:23:43+00:00","og_image":[{"width":1587,"height":2245,"url":"https:\/\/www.fededonbosco.org\/villena\/wp-content\/uploads\/sites\/4\/2021\/11\/photo5805622073165461522.jpg","type":"image\/jpeg"}],"author":"webcjdb","twitter_card":"summary_large_image","twitter_creator":"@cjdbvillena","twitter_misc":{"Escrito por":"webcjdb","Tiempo de lectura":"3 minutos"},"schema":{"@context":"https:\/\/schema.org","@graph":[{"@type":"Article","@id":"https:\/\/www.fededonbosco.org\/villena\/acampada-biarnua-jub\/#article","isPartOf":{"@id":"https:\/\/www.fededonbosco.org\/villena\/acampada-biarnua-jub\/"},"author":{"name":"webcjdb","@id":"https:\/\/www.fededonbosco.org\/villena\/#\/schema\/person\/4da59decd0bb185b3d847ec0fcc2087f"},"headline":"ACAMPADA BIARNUA JUB","datePublished":"2021-11-15T13:00:15+00:00","dateModified":"2021-11-15T14:23:43+00:00","mainEntityOfPage":{"@id":"https:\/\/www.fededonbosco.org\/villena\/acampada-biarnua-jub\/"},"wordCount":92,"image":{"@id":"https:\/\/www.fededonbosco.org\/villena\/acampada-biarnua-jub\/#primaryimage"},"thumbnailUrl":"https:\/\/www.fededonbosco.org\/villena\/wp-content\/uploads\/sites\/4\/2021\/11\/photo5805622073165461522.jpg","articleSection":["General","General","Ju-B"],"inLanguage":"es"},{"@type":"WebPage","@id":"https:\/\/www.fededonbosco.org\/villena\/acampada-biarnua-jub\/","url":"https:\/\/www.fededonbosco.org\/villena\/acampada-biarnua-jub\/","name":"ACAMPADA BIARNUA JUB - Centro Juvenil Don Bosco Villena","isPartOf":{"@id":"https:\/\/www.fededonbosco.org\/villena\/#website"},"primaryImageOfPage":{"@id":"https:\/\/www.fededonbosco.org\/villena\/acampada-biarnua-jub\/#primaryimage"},"image":{"@id":"https:\/\/www.fededonbosco.org\/villena\/acampada-biarnua-jub\/#primaryimage"},"thumbnailUrl":"https:\/\/www.fededonbosco.org\/villena\/wp-content\/uploads\/sites\/4\/2021\/11\/photo5805622073165461522.jpg","datePublished":"2021-11-15T13:00:15+00:00","dateModified":"2021-11-15T14:23:43+00:00","author":{"@id":"https:\/\/www.fededonbosco.org\/villena\/#\/schema\/person\/4da59decd0bb185b3d847ec0fcc2087f"},"breadcrumb":{"@id":"https:\/\/www.fededonbosco.org\/villena\/acampada-biarnua-jub\/#breadcrumb"},"inLanguage":"es","potentialAction":[{"@type":"ReadAction","target":["https:\/\/www.fededonbosco.org\/villena\/acampada-biarnua-jub\/"]}]},{"@type":"ImageObject","inLanguage":"es","@id":"https:\/\/www.fededonbosco.org\/villena\/acampada-biarnua-jub\/#primaryimage","url":"https:\/\/www.fededonbosco.org\/villena\/wp-content\/uploads\/sites\/4\/2021\/11\/photo5805622073165461522.jpg","contentUrl":"https:\/\/www.fededonbosco.org\/villena\/wp-content\/uploads\/sites\/4\/2021\/11\/photo5805622073165461522.jpg","width":1587,"height":2245},{"@type":"BreadcrumbList","@id":"https:\/\/www.fededonbosco.org\/villena\/acampada-biarnua-jub\/#breadcrumb","itemListElement":[{"@type":"ListItem","position":1,"name":"Portada","item":"https:\/\/www.fededonbosco.org\/villena\/"},{"@type":"ListItem","position":2,"name":"ACAMPADA BIARNUA JUB"}]},{"@type":"WebSite","@id":"https:\/\/www.fededonbosco.org\/villena\/#website","url":"https:\/\/www.fededonbosco.org\/villena\/","name":"Centro Juvenil Don Bosco Villena","description":"Pagina oficial del Centro Juvenil Don Bosco","potentialAction":[{"@type":"SearchAction","target":{"@type":"EntryPoint","urlTemplate":"https:\/\/www.fededonbosco.org\/villena\/?s={search_term_string}"},"query-input":{"@type":"PropertyValueSpecification","valueRequired":true,"valueName":"search_term_string"}}],"inLanguage":"es"},{"@type":"Person","@id":"https:\/\/www.fededonbosco.org\/villena\/#\/schema\/person\/4da59decd0bb185b3d847ec0fcc2087f","name":"webcjdb","image":{"@type":"ImageObject","inLanguage":"es","@id":"https:\/\/secure.gravatar.com\/avatar\/6772807857fdc35dc1c918927bb1613843f3ac8f8acb9aaafd3f600c1ccfa3ac?s=96&d=identicon&r=g","url":"https:\/\/secure.gravatar.com\/avatar\/6772807857fdc35dc1c918927bb1613843f3ac8f8acb9aaafd3f600c1ccfa3ac?s=96&d=identicon&r=g","contentUrl":"https:\/\/secure.gravatar.com\/avatar\/6772807857fdc35dc1c918927bb1613843f3ac8f8acb9aaafd3f600c1ccfa3ac?s=96&d=identicon&r=g","caption":"webcjdb"},"sameAs":["https:\/\/www.facebook.com\/cjdbvillena\/","https:\/\/www.instagram.com\/cjdbvillena\/?hl=es","https:\/\/x.com\/cjdbvillena"],"url":"https:\/\/www.fededonbosco.org\/villena\/author\/webcjdb\/"}]}},"_links":{"self":[{"href":"https:\/\/www.fededonbosco.org\/villena\/wp-json\/wp\/v2\/posts\/7391","targetHints":{"allow":["GET"]}}],"collection":[{"href":"https:\/\/www.fededonbosco.org\/villena\/wp-json\/wp\/v2\/posts"}],"about":[{"href":"https:\/\/www.fededonbosco.org\/villena\/wp-json\/wp\/v2\/types\/post"}],"author":[{"embeddable":true,"href":"https:\/\/www.fededonbosco.org\/villena\/wp-json\/wp\/v2\/users\/8"}],"replies":[{"embeddable":true,"href":"https:\/\/www.fededonbosco.org\/villena\/wp-json\/wp\/v2\/comments?post=7391"}],"version-history":[{"count":12,"href":"https:\/\/www.fededonbosco.org\/villena\/wp-json\/wp\/v2\/posts\/7391\/revisions"}],"predecessor-version":[{"id":7415,"href":"https:\/\/www.fededonbosco.org\/villena\/wp-json\/wp\/v2\/posts\/7391\/revisions\/7415"}],"wp:featuredmedia":[{"embeddable":true,"href":"https:\/\/www.fededonbosco.org\/villena\/wp-json\/wp\/v2\/media\/7392"}],"wp:attachment":[{"href":"https:\/\/www.fededonbosco.org\/villena\/wp-json\/wp\/v2\/media?parent=7391"}],"wp:term":[{"taxonomy":"category","embeddable":true,"href":"https:\/\/www.fededonbosco.org\/villena\/wp-json\/wp\/v2\/categories?post=7391"},{"taxonomy":"post_tag","embeddable":true,"href":"https:\/\/www.fededonbosco.org\/villena\/wp-json\/wp\/v2\/tags?post=7391"}],"curies":[{"name":"wp","href":"https:\/\/api.w.org\/{rel}","templated":true}]}}