{"id":7451,"date":"2022-03-08T21:10:20","date_gmt":"2022-03-08T20:10:20","guid":{"rendered":"https:\/\/www.fededonbosco.org\/villena\/?p=7451"},"modified":"2022-03-08T21:18:55","modified_gmt":"2022-03-08T20:18:55","slug":"listos-para-el-gran-show","status":"publish","type":"post","link":"https:\/\/www.fededonbosco.org\/villena\/listos-para-el-gran-show\/","title":{"rendered":"\u00bfListos para el GRAN SHOW?"},"content":{"rendered":"<div id=\"fb-root\"><\/div>\n<p>Tras casi 2 a\u00f1os de espera\u2026 en noviembre de 2021, todo volvi\u00f3 a alinearse para comenzar con una gran aventura, nuestra aventura.<\/p>\n<p>Comenzamos eligiendo nuestra tem\u00e1tica para este curso 2021\/2022, \u201cEl Gran Showman\u201d, tem\u00e1tica que no dejar\u00e1 indiferente a ninguno de sus espectadores, ya que os ense\u00f1aremos a ver m\u00e1s all\u00e1 de una simple escena, baile o cambio de escenario.<\/p>\n<p>Tras un largo trabajo, lo conseguimos, nuestro equipo de traducci\u00f3n las ten\u00eda, sin esperarlo, ni creerlo a finales de Enero logramos alcanzar un pilar fundamental para el desarrollo de nuestro proyecto, canciones y di\u00e1logo adaptados al castellano, y sobre todo adaptado a nuestra gran esencia de centro juvenil salesiano.<\/p>\n<p>Sin pensarlo, nos lanzamos a ensayar nuestras canciones, y sin verlo ni creerlo, a finales del mes de Febrero nos encontr\u00e1bamos grabando el trabajo de varios meses de esfuerzo, y tras varias semanas, terminamos de grabar una gran parte de nuestra banda sonora, pr\u00e1cticamente al completo\u2026<\/p>\n<p>Hoy 8 de marzo, queremos recordaros que aqu\u00ed seguimos, trabajando, para que los d\u00edas 7,8,13 y 15 de mayo, volvamos brillar encima del escenario de nuestro querido teatro, el cual lucir\u00e1 como en los anteriores 29 musicales realizados, lleno luz, talento y magia.<\/p>\n<p>Aunque no estemos todos\/as, queremos ense\u00f1aros la gran familia que estamos creando\u2026 no lo dud\u00e9is, somos un equipo.<\/p>\n<p>Pero no nos gustar\u00eda despedirnos sin haceros una pregunta.<\/p>\n<p><strong>\u00bfEst\u00e1is listos para el gran show?<\/strong><\/p>\n\n<div class=\"twitter-share\"><a href=\"https:\/\/twitter.com\/intent\/tweet?via=CJDB_Villena\" class=\"twitter-share-button\">Twittear<\/a><\/div>\n","protected":false},"excerpt":{"rendered":"<p>Tras casi 2 a\u00f1os de espera\u2026 en noviembre de 2021, todo volvi\u00f3 a alinearse para comenzar con una gran aventura, nuestra aventura. Comenzamos eligiendo nuestra tem\u00e1tica para este curso 2021\/2022, \u201cEl Gran Showman\u201d, tem\u00e1tica que no dejar\u00e1 indiferente a ninguno de sus espectadores, ya que os ense\u00f1aremos a ver m\u00e1s all\u00e1 de una simple escena, [&hellip;]<\/p>\n","protected":false},"author":8,"featured_media":7452,"comment_status":"closed","ping_status":"closed","sticky":false,"template":"","format":"standard","meta":{"_et_pb_use_builder":"","_et_pb_old_content":"","_et_gb_content_width":"","footnotes":""},"categories":[182],"tags":[],"class_list":["post-7451","post","type-post","status-publish","format-standard","has-post-thumbnail","hentry","category-general-val"],"yoast_head":"<!-- This site is optimized with the Yoast SEO plugin v28.3 - https:\/\/yoast.com\/product\/yoast-seo-wordpress\/ -->\n<title>\u00bfListos para el GRAN SHOW? - Centro Juvenil Don Bosco Villena<\/title>\n<meta name=\"robots\" content=\"index, follow, max-snippet:-1, max-image-preview:large, max-video-preview:-1\" \/>\n<link rel=\"canonical\" href=\"https:\/\/www.fededonbosco.org\/villena\/listos-para-el-gran-show\/\" \/>\n<meta property=\"og:locale\" content=\"es_ES\" \/>\n<meta property=\"og:type\" content=\"article\" \/>\n<meta property=\"og:title\" content=\"\u00bfListos para el GRAN SHOW? - Centro Juvenil Don Bosco Villena\" \/>\n<meta property=\"og:description\" content=\"Tras casi 2 a\u00f1os de espera\u2026 en noviembre de 2021, todo volvi\u00f3 a alinearse para comenzar con una gran aventura, nuestra aventura. Comenzamos eligiendo nuestra tem\u00e1tica para este curso 2021\/2022, \u201cEl Gran Showman\u201d, tem\u00e1tica que no dejar\u00e1 indiferente a ninguno de sus espectadores, ya que os ense\u00f1aremos a ver m\u00e1s all\u00e1 de una simple escena, [&hellip;]\" \/>\n<meta property=\"og:url\" content=\"https:\/\/www.fededonbosco.org\/villena\/listos-para-el-gran-show\/\" \/>\n<meta property=\"og:site_name\" content=\"Centro Juvenil Don Bosco Villena\" \/>\n<meta property=\"article:author\" content=\"https:\/\/www.facebook.com\/cjdbvillena\/\" \/>\n<meta property=\"article:published_time\" content=\"2022-03-08T20:10:20+00:00\" \/>\n<meta property=\"article:modified_time\" content=\"2022-03-08T20:18:55+00:00\" \/>\n<meta property=\"og:image\" content=\"http:\/\/www.fededonbosco.org\/villena\/wp-content\/uploads\/sites\/4\/2022\/03\/photo_2022-02-27_20-05-26.jpg\" \/>\n\t<meta property=\"og:image:width\" content=\"1280\" \/>\n\t<meta property=\"og:image:height\" content=\"960\" \/>\n\t<meta property=\"og:image:type\" content=\"image\/jpeg\" \/>\n<meta name=\"author\" content=\"webcjdb\" \/>\n<meta name=\"twitter:card\" content=\"summary_large_image\" \/>\n<meta name=\"twitter:creator\" content=\"@cjdbvillena\" \/>\n<meta name=\"twitter:label1\" content=\"Escrito por\" \/>\n\t<meta name=\"twitter:data1\" content=\"webcjdb\" \/>\n\t<meta name=\"twitter:label2\" content=\"Tiempo de lectura\" \/>\n\t<meta name=\"twitter:data2\" content=\"2 minutos\" \/>\n<script type=\"application\/ld+json\" class=\"yoast-schema-graph\">{\"@context\":\"https:\\\/\\\/schema.org\",\"@graph\":[{\"@type\":\"Article\",\"@id\":\"https:\\\/\\\/www.fededonbosco.org\\\/villena\\\/listos-para-el-gran-show\\\/#article\",\"isPartOf\":{\"@id\":\"https:\\\/\\\/www.fededonbosco.org\\\/villena\\\/listos-para-el-gran-show\\\/\"},\"author\":{\"name\":\"webcjdb\",\"@id\":\"https:\\\/\\\/www.fededonbosco.org\\\/villena\\\/#\\\/schema\\\/person\\\/4da59decd0bb185b3d847ec0fcc2087f\"},\"headline\":\"\u00bfListos para el GRAN SHOW?\",\"datePublished\":\"2022-03-08T20:10:20+00:00\",\"dateModified\":\"2022-03-08T20:18:55+00:00\",\"mainEntityOfPage\":{\"@id\":\"https:\\\/\\\/www.fededonbosco.org\\\/villena\\\/listos-para-el-gran-show\\\/\"},\"wordCount\":245,\"image\":{\"@id\":\"https:\\\/\\\/www.fededonbosco.org\\\/villena\\\/listos-para-el-gran-show\\\/#primaryimage\"},\"thumbnailUrl\":\"https:\\\/\\\/www.fededonbosco.org\\\/villena\\\/wp-content\\\/uploads\\\/sites\\\/4\\\/2022\\\/03\\\/photo_2022-02-27_20-05-26.jpg\",\"articleSection\":[\"General\"],\"inLanguage\":\"es\"},{\"@type\":\"WebPage\",\"@id\":\"https:\\\/\\\/www.fededonbosco.org\\\/villena\\\/listos-para-el-gran-show\\\/\",\"url\":\"https:\\\/\\\/www.fededonbosco.org\\\/villena\\\/listos-para-el-gran-show\\\/\",\"name\":\"\u00bfListos para el GRAN SHOW? - Centro Juvenil Don Bosco Villena\",\"isPartOf\":{\"@id\":\"https:\\\/\\\/www.fededonbosco.org\\\/villena\\\/#website\"},\"primaryImageOfPage\":{\"@id\":\"https:\\\/\\\/www.fededonbosco.org\\\/villena\\\/listos-para-el-gran-show\\\/#primaryimage\"},\"image\":{\"@id\":\"https:\\\/\\\/www.fededonbosco.org\\\/villena\\\/listos-para-el-gran-show\\\/#primaryimage\"},\"thumbnailUrl\":\"https:\\\/\\\/www.fededonbosco.org\\\/villena\\\/wp-content\\\/uploads\\\/sites\\\/4\\\/2022\\\/03\\\/photo_2022-02-27_20-05-26.jpg\",\"datePublished\":\"2022-03-08T20:10:20+00:00\",\"dateModified\":\"2022-03-08T20:18:55+00:00\",\"author\":{\"@id\":\"https:\\\/\\\/www.fededonbosco.org\\\/villena\\\/#\\\/schema\\\/person\\\/4da59decd0bb185b3d847ec0fcc2087f\"},\"breadcrumb\":{\"@id\":\"https:\\\/\\\/www.fededonbosco.org\\\/villena\\\/listos-para-el-gran-show\\\/#breadcrumb\"},\"inLanguage\":\"es\",\"potentialAction\":[{\"@type\":\"ReadAction\",\"target\":[\"https:\\\/\\\/www.fededonbosco.org\\\/villena\\\/listos-para-el-gran-show\\\/\"]}]},{\"@type\":\"ImageObject\",\"inLanguage\":\"es\",\"@id\":\"https:\\\/\\\/www.fededonbosco.org\\\/villena\\\/listos-para-el-gran-show\\\/#primaryimage\",\"url\":\"https:\\\/\\\/www.fededonbosco.org\\\/villena\\\/wp-content\\\/uploads\\\/sites\\\/4\\\/2022\\\/03\\\/photo_2022-02-27_20-05-26.jpg\",\"contentUrl\":\"https:\\\/\\\/www.fededonbosco.org\\\/villena\\\/wp-content\\\/uploads\\\/sites\\\/4\\\/2022\\\/03\\\/photo_2022-02-27_20-05-26.jpg\",\"width\":1280,\"height\":960},{\"@type\":\"BreadcrumbList\",\"@id\":\"https:\\\/\\\/www.fededonbosco.org\\\/villena\\\/listos-para-el-gran-show\\\/#breadcrumb\",\"itemListElement\":[{\"@type\":\"ListItem\",\"position\":1,\"name\":\"Portada\",\"item\":\"https:\\\/\\\/www.fededonbosco.org\\\/villena\\\/\"},{\"@type\":\"ListItem\",\"position\":2,\"name\":\"\u00bfListos para el GRAN SHOW?\"}]},{\"@type\":\"WebSite\",\"@id\":\"https:\\\/\\\/www.fededonbosco.org\\\/villena\\\/#website\",\"url\":\"https:\\\/\\\/www.fededonbosco.org\\\/villena\\\/\",\"name\":\"Centro Juvenil Don Bosco Villena\",\"description\":\"Pagina oficial del Centro Juvenil Don Bosco\",\"potentialAction\":[{\"@type\":\"SearchAction\",\"target\":{\"@type\":\"EntryPoint\",\"urlTemplate\":\"https:\\\/\\\/www.fededonbosco.org\\\/villena\\\/?s={search_term_string}\"},\"query-input\":{\"@type\":\"PropertyValueSpecification\",\"valueRequired\":true,\"valueName\":\"search_term_string\"}}],\"inLanguage\":\"es\"},{\"@type\":\"Person\",\"@id\":\"https:\\\/\\\/www.fededonbosco.org\\\/villena\\\/#\\\/schema\\\/person\\\/4da59decd0bb185b3d847ec0fcc2087f\",\"name\":\"webcjdb\",\"image\":{\"@type\":\"ImageObject\",\"inLanguage\":\"es\",\"@id\":\"https:\\\/\\\/secure.gravatar.com\\\/avatar\\\/6772807857fdc35dc1c918927bb1613843f3ac8f8acb9aaafd3f600c1ccfa3ac?s=96&d=identicon&r=g\",\"url\":\"https:\\\/\\\/secure.gravatar.com\\\/avatar\\\/6772807857fdc35dc1c918927bb1613843f3ac8f8acb9aaafd3f600c1ccfa3ac?s=96&d=identicon&r=g\",\"contentUrl\":\"https:\\\/\\\/secure.gravatar.com\\\/avatar\\\/6772807857fdc35dc1c918927bb1613843f3ac8f8acb9aaafd3f600c1ccfa3ac?s=96&d=identicon&r=g\",\"caption\":\"webcjdb\"},\"sameAs\":[\"https:\\\/\\\/www.facebook.com\\\/cjdbvillena\\\/\",\"https:\\\/\\\/www.instagram.com\\\/cjdbvillena\\\/?hl=es\",\"https:\\\/\\\/x.com\\\/cjdbvillena\"],\"url\":\"https:\\\/\\\/www.fededonbosco.org\\\/villena\\\/author\\\/webcjdb\\\/\"}]}<\/script>\n<!-- \/ Yoast SEO plugin. -->","yoast_head_json":{"title":"\u00bfListos para el GRAN SHOW? - Centro Juvenil Don Bosco Villena","robots":{"index":"index","follow":"follow","max-snippet":"max-snippet:-1","max-image-preview":"max-image-preview:large","max-video-preview":"max-video-preview:-1"},"canonical":"https:\/\/www.fededonbosco.org\/villena\/listos-para-el-gran-show\/","og_locale":"es_ES","og_type":"article","og_title":"\u00bfListos para el GRAN SHOW? - Centro Juvenil Don Bosco Villena","og_description":"Tras casi 2 a\u00f1os de espera\u2026 en noviembre de 2021, todo volvi\u00f3 a alinearse para comenzar con una gran aventura, nuestra aventura. Comenzamos eligiendo nuestra tem\u00e1tica para este curso 2021\/2022, \u201cEl Gran Showman\u201d, tem\u00e1tica que no dejar\u00e1 indiferente a ninguno de sus espectadores, ya que os ense\u00f1aremos a ver m\u00e1s all\u00e1 de una simple escena, [&hellip;]","og_url":"https:\/\/www.fededonbosco.org\/villena\/listos-para-el-gran-show\/","og_site_name":"Centro Juvenil Don Bosco Villena","article_author":"https:\/\/www.facebook.com\/cjdbvillena\/","article_published_time":"2022-03-08T20:10:20+00:00","article_modified_time":"2022-03-08T20:18:55+00:00","og_image":[{"width":1280,"height":960,"url":"http:\/\/www.fededonbosco.org\/villena\/wp-content\/uploads\/sites\/4\/2022\/03\/photo_2022-02-27_20-05-26.jpg","type":"image\/jpeg"}],"author":"webcjdb","twitter_card":"summary_large_image","twitter_creator":"@cjdbvillena","twitter_misc":{"Escrito por":"webcjdb","Tiempo de lectura":"2 minutos"},"schema":{"@context":"https:\/\/schema.org","@graph":[{"@type":"Article","@id":"https:\/\/www.fededonbosco.org\/villena\/listos-para-el-gran-show\/#article","isPartOf":{"@id":"https:\/\/www.fededonbosco.org\/villena\/listos-para-el-gran-show\/"},"author":{"name":"webcjdb","@id":"https:\/\/www.fededonbosco.org\/villena\/#\/schema\/person\/4da59decd0bb185b3d847ec0fcc2087f"},"headline":"\u00bfListos para el GRAN SHOW?","datePublished":"2022-03-08T20:10:20+00:00","dateModified":"2022-03-08T20:18:55+00:00","mainEntityOfPage":{"@id":"https:\/\/www.fededonbosco.org\/villena\/listos-para-el-gran-show\/"},"wordCount":245,"image":{"@id":"https:\/\/www.fededonbosco.org\/villena\/listos-para-el-gran-show\/#primaryimage"},"thumbnailUrl":"https:\/\/www.fededonbosco.org\/villena\/wp-content\/uploads\/sites\/4\/2022\/03\/photo_2022-02-27_20-05-26.jpg","articleSection":["General"],"inLanguage":"es"},{"@type":"WebPage","@id":"https:\/\/www.fededonbosco.org\/villena\/listos-para-el-gran-show\/","url":"https:\/\/www.fededonbosco.org\/villena\/listos-para-el-gran-show\/","name":"\u00bfListos para el GRAN SHOW? - Centro Juvenil Don Bosco Villena","isPartOf":{"@id":"https:\/\/www.fededonbosco.org\/villena\/#website"},"primaryImageOfPage":{"@id":"https:\/\/www.fededonbosco.org\/villena\/listos-para-el-gran-show\/#primaryimage"},"image":{"@id":"https:\/\/www.fededonbosco.org\/villena\/listos-para-el-gran-show\/#primaryimage"},"thumbnailUrl":"https:\/\/www.fededonbosco.org\/villena\/wp-content\/uploads\/sites\/4\/2022\/03\/photo_2022-02-27_20-05-26.jpg","datePublished":"2022-03-08T20:10:20+00:00","dateModified":"2022-03-08T20:18:55+00:00","author":{"@id":"https:\/\/www.fededonbosco.org\/villena\/#\/schema\/person\/4da59decd0bb185b3d847ec0fcc2087f"},"breadcrumb":{"@id":"https:\/\/www.fededonbosco.org\/villena\/listos-para-el-gran-show\/#breadcrumb"},"inLanguage":"es","potentialAction":[{"@type":"ReadAction","target":["https:\/\/www.fededonbosco.org\/villena\/listos-para-el-gran-show\/"]}]},{"@type":"ImageObject","inLanguage":"es","@id":"https:\/\/www.fededonbosco.org\/villena\/listos-para-el-gran-show\/#primaryimage","url":"https:\/\/www.fededonbosco.org\/villena\/wp-content\/uploads\/sites\/4\/2022\/03\/photo_2022-02-27_20-05-26.jpg","contentUrl":"https:\/\/www.fededonbosco.org\/villena\/wp-content\/uploads\/sites\/4\/2022\/03\/photo_2022-02-27_20-05-26.jpg","width":1280,"height":960},{"@type":"BreadcrumbList","@id":"https:\/\/www.fededonbosco.org\/villena\/listos-para-el-gran-show\/#breadcrumb","itemListElement":[{"@type":"ListItem","position":1,"name":"Portada","item":"https:\/\/www.fededonbosco.org\/villena\/"},{"@type":"ListItem","position":2,"name":"\u00bfListos para el GRAN SHOW?"}]},{"@type":"WebSite","@id":"https:\/\/www.fededonbosco.org\/villena\/#website","url":"https:\/\/www.fededonbosco.org\/villena\/","name":"Centro Juvenil Don Bosco Villena","description":"Pagina oficial del Centro Juvenil Don Bosco","potentialAction":[{"@type":"SearchAction","target":{"@type":"EntryPoint","urlTemplate":"https:\/\/www.fededonbosco.org\/villena\/?s={search_term_string}"},"query-input":{"@type":"PropertyValueSpecification","valueRequired":true,"valueName":"search_term_string"}}],"inLanguage":"es"},{"@type":"Person","@id":"https:\/\/www.fededonbosco.org\/villena\/#\/schema\/person\/4da59decd0bb185b3d847ec0fcc2087f","name":"webcjdb","image":{"@type":"ImageObject","inLanguage":"es","@id":"https:\/\/secure.gravatar.com\/avatar\/6772807857fdc35dc1c918927bb1613843f3ac8f8acb9aaafd3f600c1ccfa3ac?s=96&d=identicon&r=g","url":"https:\/\/secure.gravatar.com\/avatar\/6772807857fdc35dc1c918927bb1613843f3ac8f8acb9aaafd3f600c1ccfa3ac?s=96&d=identicon&r=g","contentUrl":"https:\/\/secure.gravatar.com\/avatar\/6772807857fdc35dc1c918927bb1613843f3ac8f8acb9aaafd3f600c1ccfa3ac?s=96&d=identicon&r=g","caption":"webcjdb"},"sameAs":["https:\/\/www.facebook.com\/cjdbvillena\/","https:\/\/www.instagram.com\/cjdbvillena\/?hl=es","https:\/\/x.com\/cjdbvillena"],"url":"https:\/\/www.fededonbosco.org\/villena\/author\/webcjdb\/"}]}},"_links":{"self":[{"href":"https:\/\/www.fededonbosco.org\/villena\/wp-json\/wp\/v2\/posts\/7451","targetHints":{"allow":["GET"]}}],"collection":[{"href":"https:\/\/www.fededonbosco.org\/villena\/wp-json\/wp\/v2\/posts"}],"about":[{"href":"https:\/\/www.fededonbosco.org\/villena\/wp-json\/wp\/v2\/types\/post"}],"author":[{"embeddable":true,"href":"https:\/\/www.fededonbosco.org\/villena\/wp-json\/wp\/v2\/users\/8"}],"replies":[{"embeddable":true,"href":"https:\/\/www.fededonbosco.org\/villena\/wp-json\/wp\/v2\/comments?post=7451"}],"version-history":[{"count":2,"href":"https:\/\/www.fededonbosco.org\/villena\/wp-json\/wp\/v2\/posts\/7451\/revisions"}],"predecessor-version":[{"id":7454,"href":"https:\/\/www.fededonbosco.org\/villena\/wp-json\/wp\/v2\/posts\/7451\/revisions\/7454"}],"wp:featuredmedia":[{"embeddable":true,"href":"https:\/\/www.fededonbosco.org\/villena\/wp-json\/wp\/v2\/media\/7452"}],"wp:attachment":[{"href":"https:\/\/www.fededonbosco.org\/villena\/wp-json\/wp\/v2\/media?parent=7451"}],"wp:term":[{"taxonomy":"category","embeddable":true,"href":"https:\/\/www.fededonbosco.org\/villena\/wp-json\/wp\/v2\/categories?post=7451"},{"taxonomy":"post_tag","embeddable":true,"href":"https:\/\/www.fededonbosco.org\/villena\/wp-json\/wp\/v2\/tags?post=7451"}],"curies":[{"name":"wp","href":"https:\/\/api.w.org\/{rel}","templated":true}]}}