{"id":7521,"date":"2023-03-10T20:05:57","date_gmt":"2023-03-10T19:05:57","guid":{"rendered":"https:\/\/www.fededonbosco.org\/villena\/?p=7521"},"modified":"2023-03-10T20:06:11","modified_gmt":"2023-03-10T19:06:11","slug":"el-dia-del-cjdb-esta-de-vuelta","status":"publish","type":"post","link":"https:\/\/www.fededonbosco.org\/villena\/el-dia-del-cjdb-esta-de-vuelta\/","title":{"rendered":"El dia del CJDB esta de vuelta!!!!"},"content":{"rendered":"<div id=\"fb-root\"><\/div>\n<p>El d\u00eda 18 de Marzo&#x1f5d3;&#xfe0f;, ser\u00e1 un d\u00eda muy completo, desde las <strong>9.45<\/strong> en el Centro Juvenil&#x1f4cd; hasta las <strong>19:00<\/strong> de la tarde. El d\u00eda del centro juvenil es \u00fanico y nos representa como unidad. Adem\u00e1s, este a\u00f1o celebramos que llevamos 50 A\u00d1OS disfrutando del legado de Don Bosco en Villena. Es un d\u00eda muy especial y contamos CONTIGO&#x1faf6;&#x1f3fc; para celebrarlo.<\/p>\n<p>Pasaremos todo el d\u00eda juntos en el colegio disfrutando de muchos momentos, actividades y sorpresas.<\/p>\n<p>RECUERDA QUE DEBES RELLENAR EL <a href=\"https:\/\/docs.google.com\/forms\/d\/e\/1FAIpQLSeT69huwhg4QK3asocw3cBXv9bZ5qn5zF41eUJBnDwIOdp8yw\/viewform\">FORMULARIO<\/a> Y LLEVAR LA <a href=\"https:\/\/drive.google.com\/file\/d\/1Cnr9pZR8bxXWoP79f9OVmDerM0o9THTy\/view\">INSCRIPCI\u00d3N<\/a> FIRMADA EN PAPEL EN LOS D\u00cdAS INDICADOS&#x1f9fe;&#x1f4c4;&#x203c;&#xfe0f;&#x203c;&#xfe0f;<\/p>\n<p>Nos vemos el d\u00eda 18 de marzo&#x1f49b;&#x1f9e1;&#x1f49a;&#x1f49c;&#x203c;&#xfe0f;<\/p>\n\n<div class=\"twitter-share\"><a href=\"https:\/\/twitter.com\/intent\/tweet?via=CJDB_Villena\" class=\"twitter-share-button\">Twittear<\/a><\/div>\n","protected":false},"excerpt":{"rendered":"<p>El d\u00eda 18 de Marzo&#x1f5d3;&#xfe0f;, ser\u00e1 un d\u00eda muy completo, desde las 9.45 en el Centro Juvenil&#x1f4cd; hasta las 19:00 de la tarde. El d\u00eda del centro juvenil es \u00fanico y nos representa como unidad. Adem\u00e1s, este a\u00f1o celebramos que llevamos 50 A\u00d1OS disfrutando del legado de Don Bosco en Villena. Es un d\u00eda muy [&hellip;]<\/p>\n","protected":false},"author":8,"featured_media":7522,"comment_status":"closed","ping_status":"closed","sticky":false,"template":"","format":"standard","meta":{"_et_pb_use_builder":"","_et_pb_old_content":"","_et_gb_content_width":"","footnotes":""},"categories":[182],"tags":[],"class_list":["post-7521","post","type-post","status-publish","format-standard","has-post-thumbnail","hentry","category-general-val"],"yoast_head":"<!-- This site is optimized with the Yoast SEO plugin v28.3 - https:\/\/yoast.com\/product\/yoast-seo-wordpress\/ -->\n<title>El dia del CJDB esta de vuelta!!!! - Centro Juvenil Don Bosco Villena<\/title>\n<meta name=\"robots\" content=\"index, follow, max-snippet:-1, max-image-preview:large, max-video-preview:-1\" \/>\n<link rel=\"canonical\" href=\"https:\/\/www.fededonbosco.org\/villena\/el-dia-del-cjdb-esta-de-vuelta\/\" \/>\n<meta property=\"og:locale\" content=\"es_ES\" \/>\n<meta property=\"og:type\" content=\"article\" \/>\n<meta property=\"og:title\" content=\"El dia del CJDB esta de vuelta!!!! - Centro Juvenil Don Bosco Villena\" \/>\n<meta property=\"og:description\" content=\"El d\u00eda 18 de Marzo&#x1f5d3;&#xfe0f;, ser\u00e1 un d\u00eda muy completo, desde las 9.45 en el Centro Juvenil&#x1f4cd; hasta las 19:00 de la tarde. El d\u00eda del centro juvenil es \u00fanico y nos representa como unidad. Adem\u00e1s, este a\u00f1o celebramos que llevamos 50 A\u00d1OS disfrutando del legado de Don Bosco en Villena. Es un d\u00eda muy [&hellip;]\" \/>\n<meta property=\"og:url\" content=\"https:\/\/www.fededonbosco.org\/villena\/el-dia-del-cjdb-esta-de-vuelta\/\" \/>\n<meta property=\"og:site_name\" content=\"Centro Juvenil Don Bosco Villena\" \/>\n<meta property=\"article:author\" content=\"https:\/\/www.facebook.com\/cjdbvillena\/\" \/>\n<meta property=\"article:published_time\" content=\"2023-03-10T19:05:57+00:00\" \/>\n<meta property=\"article:modified_time\" content=\"2023-03-10T19:06:11+00:00\" \/>\n<meta property=\"og:image\" content=\"http:\/\/www.fededonbosco.org\/villena\/wp-content\/uploads\/sites\/4\/2023\/03\/photo_2023-03-10_20-04-58.jpg\" \/>\n\t<meta property=\"og:image:width\" content=\"853\" \/>\n\t<meta property=\"og:image:height\" content=\"1280\" \/>\n\t<meta property=\"og:image:type\" content=\"image\/jpeg\" \/>\n<meta name=\"author\" content=\"webcjdb\" \/>\n<meta name=\"twitter:card\" content=\"summary_large_image\" \/>\n<meta name=\"twitter:creator\" content=\"@cjdbvillena\" \/>\n<meta name=\"twitter:label1\" content=\"Escrito por\" \/>\n\t<meta name=\"twitter:data1\" content=\"webcjdb\" \/>\n\t<meta name=\"twitter:label2\" content=\"Tiempo de lectura\" \/>\n\t<meta name=\"twitter:data2\" content=\"1 minuto\" \/>\n<script type=\"application\/ld+json\" class=\"yoast-schema-graph\">{\"@context\":\"https:\\\/\\\/schema.org\",\"@graph\":[{\"@type\":\"Article\",\"@id\":\"https:\\\/\\\/www.fededonbosco.org\\\/villena\\\/el-dia-del-cjdb-esta-de-vuelta\\\/#article\",\"isPartOf\":{\"@id\":\"https:\\\/\\\/www.fededonbosco.org\\\/villena\\\/el-dia-del-cjdb-esta-de-vuelta\\\/\"},\"author\":{\"name\":\"webcjdb\",\"@id\":\"https:\\\/\\\/www.fededonbosco.org\\\/villena\\\/#\\\/schema\\\/person\\\/4da59decd0bb185b3d847ec0fcc2087f\"},\"headline\":\"El dia del CJDB esta de vuelta!!!!\",\"datePublished\":\"2023-03-10T19:05:57+00:00\",\"dateModified\":\"2023-03-10T19:06:11+00:00\",\"mainEntityOfPage\":{\"@id\":\"https:\\\/\\\/www.fededonbosco.org\\\/villena\\\/el-dia-del-cjdb-esta-de-vuelta\\\/\"},\"wordCount\":156,\"image\":{\"@id\":\"https:\\\/\\\/www.fededonbosco.org\\\/villena\\\/el-dia-del-cjdb-esta-de-vuelta\\\/#primaryimage\"},\"thumbnailUrl\":\"https:\\\/\\\/www.fededonbosco.org\\\/villena\\\/wp-content\\\/uploads\\\/sites\\\/4\\\/2023\\\/03\\\/photo_2023-03-10_20-04-58.jpg\",\"articleSection\":[\"General\"],\"inLanguage\":\"es\"},{\"@type\":\"WebPage\",\"@id\":\"https:\\\/\\\/www.fededonbosco.org\\\/villena\\\/el-dia-del-cjdb-esta-de-vuelta\\\/\",\"url\":\"https:\\\/\\\/www.fededonbosco.org\\\/villena\\\/el-dia-del-cjdb-esta-de-vuelta\\\/\",\"name\":\"El dia del CJDB esta de vuelta!!!! - Centro Juvenil Don Bosco Villena\",\"isPartOf\":{\"@id\":\"https:\\\/\\\/www.fededonbosco.org\\\/villena\\\/#website\"},\"primaryImageOfPage\":{\"@id\":\"https:\\\/\\\/www.fededonbosco.org\\\/villena\\\/el-dia-del-cjdb-esta-de-vuelta\\\/#primaryimage\"},\"image\":{\"@id\":\"https:\\\/\\\/www.fededonbosco.org\\\/villena\\\/el-dia-del-cjdb-esta-de-vuelta\\\/#primaryimage\"},\"thumbnailUrl\":\"https:\\\/\\\/www.fededonbosco.org\\\/villena\\\/wp-content\\\/uploads\\\/sites\\\/4\\\/2023\\\/03\\\/photo_2023-03-10_20-04-58.jpg\",\"datePublished\":\"2023-03-10T19:05:57+00:00\",\"dateModified\":\"2023-03-10T19:06:11+00:00\",\"author\":{\"@id\":\"https:\\\/\\\/www.fededonbosco.org\\\/villena\\\/#\\\/schema\\\/person\\\/4da59decd0bb185b3d847ec0fcc2087f\"},\"breadcrumb\":{\"@id\":\"https:\\\/\\\/www.fededonbosco.org\\\/villena\\\/el-dia-del-cjdb-esta-de-vuelta\\\/#breadcrumb\"},\"inLanguage\":\"es\",\"potentialAction\":[{\"@type\":\"ReadAction\",\"target\":[\"https:\\\/\\\/www.fededonbosco.org\\\/villena\\\/el-dia-del-cjdb-esta-de-vuelta\\\/\"]}]},{\"@type\":\"ImageObject\",\"inLanguage\":\"es\",\"@id\":\"https:\\\/\\\/www.fededonbosco.org\\\/villena\\\/el-dia-del-cjdb-esta-de-vuelta\\\/#primaryimage\",\"url\":\"https:\\\/\\\/www.fededonbosco.org\\\/villena\\\/wp-content\\\/uploads\\\/sites\\\/4\\\/2023\\\/03\\\/photo_2023-03-10_20-04-58.jpg\",\"contentUrl\":\"https:\\\/\\\/www.fededonbosco.org\\\/villena\\\/wp-content\\\/uploads\\\/sites\\\/4\\\/2023\\\/03\\\/photo_2023-03-10_20-04-58.jpg\",\"width\":853,\"height\":1280},{\"@type\":\"BreadcrumbList\",\"@id\":\"https:\\\/\\\/www.fededonbosco.org\\\/villena\\\/el-dia-del-cjdb-esta-de-vuelta\\\/#breadcrumb\",\"itemListElement\":[{\"@type\":\"ListItem\",\"position\":1,\"name\":\"Portada\",\"item\":\"https:\\\/\\\/www.fededonbosco.org\\\/villena\\\/\"},{\"@type\":\"ListItem\",\"position\":2,\"name\":\"El dia del CJDB esta de vuelta!!!!\"}]},{\"@type\":\"WebSite\",\"@id\":\"https:\\\/\\\/www.fededonbosco.org\\\/villena\\\/#website\",\"url\":\"https:\\\/\\\/www.fededonbosco.org\\\/villena\\\/\",\"name\":\"Centro Juvenil Don Bosco Villena\",\"description\":\"Pagina oficial del Centro Juvenil Don Bosco\",\"potentialAction\":[{\"@type\":\"SearchAction\",\"target\":{\"@type\":\"EntryPoint\",\"urlTemplate\":\"https:\\\/\\\/www.fededonbosco.org\\\/villena\\\/?s={search_term_string}\"},\"query-input\":{\"@type\":\"PropertyValueSpecification\",\"valueRequired\":true,\"valueName\":\"search_term_string\"}}],\"inLanguage\":\"es\"},{\"@type\":\"Person\",\"@id\":\"https:\\\/\\\/www.fededonbosco.org\\\/villena\\\/#\\\/schema\\\/person\\\/4da59decd0bb185b3d847ec0fcc2087f\",\"name\":\"webcjdb\",\"image\":{\"@type\":\"ImageObject\",\"inLanguage\":\"es\",\"@id\":\"https:\\\/\\\/secure.gravatar.com\\\/avatar\\\/6772807857fdc35dc1c918927bb1613843f3ac8f8acb9aaafd3f600c1ccfa3ac?s=96&d=identicon&r=g\",\"url\":\"https:\\\/\\\/secure.gravatar.com\\\/avatar\\\/6772807857fdc35dc1c918927bb1613843f3ac8f8acb9aaafd3f600c1ccfa3ac?s=96&d=identicon&r=g\",\"contentUrl\":\"https:\\\/\\\/secure.gravatar.com\\\/avatar\\\/6772807857fdc35dc1c918927bb1613843f3ac8f8acb9aaafd3f600c1ccfa3ac?s=96&d=identicon&r=g\",\"caption\":\"webcjdb\"},\"sameAs\":[\"https:\\\/\\\/www.facebook.com\\\/cjdbvillena\\\/\",\"https:\\\/\\\/www.instagram.com\\\/cjdbvillena\\\/?hl=es\",\"https:\\\/\\\/x.com\\\/cjdbvillena\"],\"url\":\"https:\\\/\\\/www.fededonbosco.org\\\/villena\\\/author\\\/webcjdb\\\/\"}]}<\/script>\n<!-- \/ Yoast SEO plugin. -->","yoast_head_json":{"title":"El dia del CJDB esta de vuelta!!!! - Centro Juvenil Don Bosco Villena","robots":{"index":"index","follow":"follow","max-snippet":"max-snippet:-1","max-image-preview":"max-image-preview:large","max-video-preview":"max-video-preview:-1"},"canonical":"https:\/\/www.fededonbosco.org\/villena\/el-dia-del-cjdb-esta-de-vuelta\/","og_locale":"es_ES","og_type":"article","og_title":"El dia del CJDB esta de vuelta!!!! - Centro Juvenil Don Bosco Villena","og_description":"El d\u00eda 18 de Marzo&#x1f5d3;&#xfe0f;, ser\u00e1 un d\u00eda muy completo, desde las 9.45 en el Centro Juvenil&#x1f4cd; hasta las 19:00 de la tarde. El d\u00eda del centro juvenil es \u00fanico y nos representa como unidad. Adem\u00e1s, este a\u00f1o celebramos que llevamos 50 A\u00d1OS disfrutando del legado de Don Bosco en Villena. Es un d\u00eda muy [&hellip;]","og_url":"https:\/\/www.fededonbosco.org\/villena\/el-dia-del-cjdb-esta-de-vuelta\/","og_site_name":"Centro Juvenil Don Bosco Villena","article_author":"https:\/\/www.facebook.com\/cjdbvillena\/","article_published_time":"2023-03-10T19:05:57+00:00","article_modified_time":"2023-03-10T19:06:11+00:00","og_image":[{"width":853,"height":1280,"url":"http:\/\/www.fededonbosco.org\/villena\/wp-content\/uploads\/sites\/4\/2023\/03\/photo_2023-03-10_20-04-58.jpg","type":"image\/jpeg"}],"author":"webcjdb","twitter_card":"summary_large_image","twitter_creator":"@cjdbvillena","twitter_misc":{"Escrito por":"webcjdb","Tiempo de lectura":"1 minuto"},"schema":{"@context":"https:\/\/schema.org","@graph":[{"@type":"Article","@id":"https:\/\/www.fededonbosco.org\/villena\/el-dia-del-cjdb-esta-de-vuelta\/#article","isPartOf":{"@id":"https:\/\/www.fededonbosco.org\/villena\/el-dia-del-cjdb-esta-de-vuelta\/"},"author":{"name":"webcjdb","@id":"https:\/\/www.fededonbosco.org\/villena\/#\/schema\/person\/4da59decd0bb185b3d847ec0fcc2087f"},"headline":"El dia del CJDB esta de vuelta!!!!","datePublished":"2023-03-10T19:05:57+00:00","dateModified":"2023-03-10T19:06:11+00:00","mainEntityOfPage":{"@id":"https:\/\/www.fededonbosco.org\/villena\/el-dia-del-cjdb-esta-de-vuelta\/"},"wordCount":156,"image":{"@id":"https:\/\/www.fededonbosco.org\/villena\/el-dia-del-cjdb-esta-de-vuelta\/#primaryimage"},"thumbnailUrl":"https:\/\/www.fededonbosco.org\/villena\/wp-content\/uploads\/sites\/4\/2023\/03\/photo_2023-03-10_20-04-58.jpg","articleSection":["General"],"inLanguage":"es"},{"@type":"WebPage","@id":"https:\/\/www.fededonbosco.org\/villena\/el-dia-del-cjdb-esta-de-vuelta\/","url":"https:\/\/www.fededonbosco.org\/villena\/el-dia-del-cjdb-esta-de-vuelta\/","name":"El dia del CJDB esta de vuelta!!!! - Centro Juvenil Don Bosco Villena","isPartOf":{"@id":"https:\/\/www.fededonbosco.org\/villena\/#website"},"primaryImageOfPage":{"@id":"https:\/\/www.fededonbosco.org\/villena\/el-dia-del-cjdb-esta-de-vuelta\/#primaryimage"},"image":{"@id":"https:\/\/www.fededonbosco.org\/villena\/el-dia-del-cjdb-esta-de-vuelta\/#primaryimage"},"thumbnailUrl":"https:\/\/www.fededonbosco.org\/villena\/wp-content\/uploads\/sites\/4\/2023\/03\/photo_2023-03-10_20-04-58.jpg","datePublished":"2023-03-10T19:05:57+00:00","dateModified":"2023-03-10T19:06:11+00:00","author":{"@id":"https:\/\/www.fededonbosco.org\/villena\/#\/schema\/person\/4da59decd0bb185b3d847ec0fcc2087f"},"breadcrumb":{"@id":"https:\/\/www.fededonbosco.org\/villena\/el-dia-del-cjdb-esta-de-vuelta\/#breadcrumb"},"inLanguage":"es","potentialAction":[{"@type":"ReadAction","target":["https:\/\/www.fededonbosco.org\/villena\/el-dia-del-cjdb-esta-de-vuelta\/"]}]},{"@type":"ImageObject","inLanguage":"es","@id":"https:\/\/www.fededonbosco.org\/villena\/el-dia-del-cjdb-esta-de-vuelta\/#primaryimage","url":"https:\/\/www.fededonbosco.org\/villena\/wp-content\/uploads\/sites\/4\/2023\/03\/photo_2023-03-10_20-04-58.jpg","contentUrl":"https:\/\/www.fededonbosco.org\/villena\/wp-content\/uploads\/sites\/4\/2023\/03\/photo_2023-03-10_20-04-58.jpg","width":853,"height":1280},{"@type":"BreadcrumbList","@id":"https:\/\/www.fededonbosco.org\/villena\/el-dia-del-cjdb-esta-de-vuelta\/#breadcrumb","itemListElement":[{"@type":"ListItem","position":1,"name":"Portada","item":"https:\/\/www.fededonbosco.org\/villena\/"},{"@type":"ListItem","position":2,"name":"El dia del CJDB esta de vuelta!!!!"}]},{"@type":"WebSite","@id":"https:\/\/www.fededonbosco.org\/villena\/#website","url":"https:\/\/www.fededonbosco.org\/villena\/","name":"Centro Juvenil Don Bosco Villena","description":"Pagina oficial del Centro Juvenil Don Bosco","potentialAction":[{"@type":"SearchAction","target":{"@type":"EntryPoint","urlTemplate":"https:\/\/www.fededonbosco.org\/villena\/?s={search_term_string}"},"query-input":{"@type":"PropertyValueSpecification","valueRequired":true,"valueName":"search_term_string"}}],"inLanguage":"es"},{"@type":"Person","@id":"https:\/\/www.fededonbosco.org\/villena\/#\/schema\/person\/4da59decd0bb185b3d847ec0fcc2087f","name":"webcjdb","image":{"@type":"ImageObject","inLanguage":"es","@id":"https:\/\/secure.gravatar.com\/avatar\/6772807857fdc35dc1c918927bb1613843f3ac8f8acb9aaafd3f600c1ccfa3ac?s=96&d=identicon&r=g","url":"https:\/\/secure.gravatar.com\/avatar\/6772807857fdc35dc1c918927bb1613843f3ac8f8acb9aaafd3f600c1ccfa3ac?s=96&d=identicon&r=g","contentUrl":"https:\/\/secure.gravatar.com\/avatar\/6772807857fdc35dc1c918927bb1613843f3ac8f8acb9aaafd3f600c1ccfa3ac?s=96&d=identicon&r=g","caption":"webcjdb"},"sameAs":["https:\/\/www.facebook.com\/cjdbvillena\/","https:\/\/www.instagram.com\/cjdbvillena\/?hl=es","https:\/\/x.com\/cjdbvillena"],"url":"https:\/\/www.fededonbosco.org\/villena\/author\/webcjdb\/"}]}},"_links":{"self":[{"href":"https:\/\/www.fededonbosco.org\/villena\/wp-json\/wp\/v2\/posts\/7521","targetHints":{"allow":["GET"]}}],"collection":[{"href":"https:\/\/www.fededonbosco.org\/villena\/wp-json\/wp\/v2\/posts"}],"about":[{"href":"https:\/\/www.fededonbosco.org\/villena\/wp-json\/wp\/v2\/types\/post"}],"author":[{"embeddable":true,"href":"https:\/\/www.fededonbosco.org\/villena\/wp-json\/wp\/v2\/users\/8"}],"replies":[{"embeddable":true,"href":"https:\/\/www.fededonbosco.org\/villena\/wp-json\/wp\/v2\/comments?post=7521"}],"version-history":[{"count":2,"href":"https:\/\/www.fededonbosco.org\/villena\/wp-json\/wp\/v2\/posts\/7521\/revisions"}],"predecessor-version":[{"id":7524,"href":"https:\/\/www.fededonbosco.org\/villena\/wp-json\/wp\/v2\/posts\/7521\/revisions\/7524"}],"wp:featuredmedia":[{"embeddable":true,"href":"https:\/\/www.fededonbosco.org\/villena\/wp-json\/wp\/v2\/media\/7522"}],"wp:attachment":[{"href":"https:\/\/www.fededonbosco.org\/villena\/wp-json\/wp\/v2\/media?parent=7521"}],"wp:term":[{"taxonomy":"category","embeddable":true,"href":"https:\/\/www.fededonbosco.org\/villena\/wp-json\/wp\/v2\/categories?post=7521"},{"taxonomy":"post_tag","embeddable":true,"href":"https:\/\/www.fededonbosco.org\/villena\/wp-json\/wp\/v2\/tags?post=7521"}],"curies":[{"name":"wp","href":"https:\/\/api.w.org\/{rel}","templated":true}]}}