{"id":7536,"date":"2023-04-05T08:39:00","date_gmt":"2023-04-05T07:39:00","guid":{"rendered":"https:\/\/www.fededonbosco.org\/villena\/?p=7536"},"modified":"2023-04-05T08:59:22","modified_gmt":"2023-04-05T07:59:22","slug":"los-descendientes-el-musical","status":"publish","type":"post","link":"https:\/\/www.fededonbosco.org\/villena\/los-descendientes-el-musical\/","title":{"rendered":"LOS DESCENDIENTES EL MUSICAL!!!"},"content":{"rendered":"<div id=\"fb-root\"><\/div>\n<blockquote>\n<p style=\"text-align: left\">Hace tan solo 7 meses dio comienzo uno de los talleres del Centro Juvenil Don Bosco&#x1f9e1;, el Taller Musical Juvenil, destinado a j\u00f3venes de 2\u00ba ESO hasta 2\u00ba BACH.<\/p>\n<\/blockquote>\n<p>Este a\u00f1o la tem\u00e1tica elegida fue &#x1f40d;LOS DESCENDIENTES&#x1f34e; , un gran reto e hilo conductor que conmovi\u00f3 la expectativas de alrededor de 70 participantes.<\/p>\n<p>Han sido meses de aprendizaje, de auto superaci\u00f3n, de diversi\u00f3n , de bailar &#x1f57a;&#x1f3fd;, de cantar&#x1f3a4;, pero sobre todo y lo m\u00e1s importante de educar , porque a trav\u00e9s de nuestros valores y los que conlleva el propio musical hemos podido ense\u00f1ar a trav\u00e9s de los diferentes ambientes que lo forman, una educaci\u00f3n sana y llena de vivencias y experiencias \u00fanicas&#x1f468;&#x200d;&#x1f469;&#x200d;&#x1f467;&#x200d;&#x1f466;.<\/p>\n<p>Desgraciadamente comienza la cuenta atr\u00e1s\u2026&#x2639;&#xfe0f;esto llega a su fin, pero con el mejor sabor de boca&#x1f929;.Comienzan las representaciones &#8230;. &#x1f92a;<\/p>\n<p>\u2022S\u00c1BADO 6 de MAYO 20:30h<br \/>\n\u2022DOMINGO 7 de MAYO 18:00h<br \/>\n\u2022VIERNES 13 de MAYO 20:30h<br \/>\n\u2022S\u00c1BADO 14 de MAYO 19:00h<br \/>\n\u2022DOMINGO 15 de MAYO 18:00h<\/p>\n<p>Como veis este a\u00f1o tenemos una gran novedad, una QUINTA REPRESENTACI\u00d3N&#x1f973;,ya que es para nosotros un motivo de celebraci\u00f3n el cumplir 50 a\u00f1os como Asociaci\u00f3n&#x1f49c;, y que durante su esos a\u00f1os, se hayan realizado 30 musicales\u2026 &#x1f49b;ESTAMOS DE ANIVERSARIO &#x1f389; &#x1f49a;<\/p>\n<p><strong>Para ello la venta de entradas para el p\u00fablico en general ser\u00e1 el d\u00eda 30 de Abril de 10:30h a 13:00h<\/strong> &#x1f44f;&#x1f3fd;y por supuesto, atendiendo a la necesidad de esta venta, avisaremos por nuestras redes sociales oficiales, si tras la venta de ese d\u00eda queda alguna entrada m\u00e1s y se habilitar\u00e1 otro d\u00eda esa misma semana entrante para que puedan conseguir su entrada aquellos\/as, que no pudieron\u2026<\/p>\n<p>Como todos los a\u00f1os, media hora antes de cada representaci\u00f3n, si quedan entradas, saldr\u00e1n a la venta para que se adquieran m\u00e1s si as\u00ed se necesitan.&#x1f60b;<\/p>\n<p>Pd: Familias de nuestros participantes, no os preocup\u00e9is\u2026 pronto recibir\u00e9is toda la informaci\u00f3n para obtener tambi\u00e9n vuestras entradas, estad atentos a los canales y grupos oficiales de comunicaci\u00f3n\u2026<\/p>\n<p>Y t\u00fa \u00bfTe lo vas a perder?<\/p>\n<p><strong>&#x26a0;&#xfe0f;Quedan 32 d\u00edas\u2026 para ESTRENAR&#x26a0;&#xfe0f;<\/strong><\/p>\n<p>&#x2757;&#xfe0f;OS ESPERAMOS&#x2755;<\/p>\n\n<div class=\"twitter-share\"><a href=\"https:\/\/twitter.com\/intent\/tweet?via=CJDB_Villena\" class=\"twitter-share-button\">Twittear<\/a><\/div>\n","protected":false},"excerpt":{"rendered":"<p>Hace tan solo 7 meses dio comienzo uno de los talleres del Centro Juvenil Don Bosco&#x1f9e1;, el Taller Musical Juvenil, destinado a j\u00f3venes de 2\u00ba ESO hasta 2\u00ba BACH. Este a\u00f1o la tem\u00e1tica elegida fue &#x1f40d;LOS DESCENDIENTES&#x1f34e; , un gran reto e hilo conductor que conmovi\u00f3 la expectativas de alrededor de 70 participantes. Han sido [&hellip;]<\/p>\n","protected":false},"author":8,"featured_media":7540,"comment_status":"closed","ping_status":"closed","sticky":false,"template":"","format":"standard","meta":{"_et_pb_use_builder":"","_et_pb_old_content":"","_et_gb_content_width":"","footnotes":""},"categories":[182],"tags":[],"class_list":["post-7536","post","type-post","status-publish","format-standard","has-post-thumbnail","hentry","category-general-val"],"yoast_head":"<!-- This site is optimized with the Yoast SEO plugin v28.3 - https:\/\/yoast.com\/product\/yoast-seo-wordpress\/ -->\n<title>LOS DESCENDIENTES EL MUSICAL!!! - Centro Juvenil Don Bosco Villena<\/title>\n<meta name=\"robots\" content=\"index, follow, max-snippet:-1, max-image-preview:large, max-video-preview:-1\" \/>\n<link rel=\"canonical\" href=\"https:\/\/www.fededonbosco.org\/villena\/los-descendientes-el-musical\/\" \/>\n<meta property=\"og:locale\" content=\"es_ES\" \/>\n<meta property=\"og:type\" content=\"article\" \/>\n<meta property=\"og:title\" content=\"LOS DESCENDIENTES EL MUSICAL!!! - Centro Juvenil Don Bosco Villena\" \/>\n<meta property=\"og:description\" content=\"Hace tan solo 7 meses dio comienzo uno de los talleres del Centro Juvenil Don Bosco&#x1f9e1;, el Taller Musical Juvenil, destinado a j\u00f3venes de 2\u00ba ESO hasta 2\u00ba BACH. Este a\u00f1o la tem\u00e1tica elegida fue &#x1f40d;LOS DESCENDIENTES&#x1f34e; , un gran reto e hilo conductor que conmovi\u00f3 la expectativas de alrededor de 70 participantes. Han sido [&hellip;]\" \/>\n<meta property=\"og:url\" content=\"https:\/\/www.fededonbosco.org\/villena\/los-descendientes-el-musical\/\" \/>\n<meta property=\"og:site_name\" content=\"Centro Juvenil Don Bosco Villena\" \/>\n<meta property=\"article:author\" content=\"https:\/\/www.facebook.com\/cjdbvillena\/\" \/>\n<meta property=\"article:published_time\" content=\"2023-04-05T07:39:00+00:00\" \/>\n<meta property=\"article:modified_time\" content=\"2023-04-05T07:59:22+00:00\" \/>\n<meta property=\"og:image\" content=\"http:\/\/www.fededonbosco.org\/villena\/wp-content\/uploads\/sites\/4\/2023\/04\/3_20230405_095746_0002-642x1024.png\" \/>\n\t<meta property=\"og:image:width\" content=\"642\" \/>\n\t<meta property=\"og:image:height\" content=\"1024\" \/>\n\t<meta property=\"og:image:type\" content=\"image\/png\" \/>\n<meta name=\"author\" content=\"webcjdb\" \/>\n<meta name=\"twitter:card\" content=\"summary_large_image\" \/>\n<meta name=\"twitter:creator\" content=\"@cjdbvillena\" \/>\n<meta name=\"twitter:label1\" content=\"Escrito por\" \/>\n\t<meta name=\"twitter:data1\" content=\"webcjdb\" \/>\n\t<meta name=\"twitter:label2\" content=\"Tiempo de lectura\" \/>\n\t<meta name=\"twitter:data2\" content=\"2 minutos\" \/>\n<script type=\"application\/ld+json\" class=\"yoast-schema-graph\">{\"@context\":\"https:\\\/\\\/schema.org\",\"@graph\":[{\"@type\":\"Article\",\"@id\":\"https:\\\/\\\/www.fededonbosco.org\\\/villena\\\/los-descendientes-el-musical\\\/#article\",\"isPartOf\":{\"@id\":\"https:\\\/\\\/www.fededonbosco.org\\\/villena\\\/los-descendientes-el-musical\\\/\"},\"author\":{\"name\":\"webcjdb\",\"@id\":\"https:\\\/\\\/www.fededonbosco.org\\\/villena\\\/#\\\/schema\\\/person\\\/4da59decd0bb185b3d847ec0fcc2087f\"},\"headline\":\"LOS DESCENDIENTES EL MUSICAL!!!\",\"datePublished\":\"2023-04-05T07:39:00+00:00\",\"dateModified\":\"2023-04-05T07:59:22+00:00\",\"mainEntityOfPage\":{\"@id\":\"https:\\\/\\\/www.fededonbosco.org\\\/villena\\\/los-descendientes-el-musical\\\/\"},\"wordCount\":430,\"image\":{\"@id\":\"https:\\\/\\\/www.fededonbosco.org\\\/villena\\\/los-descendientes-el-musical\\\/#primaryimage\"},\"thumbnailUrl\":\"https:\\\/\\\/www.fededonbosco.org\\\/villena\\\/wp-content\\\/uploads\\\/sites\\\/4\\\/2023\\\/04\\\/3_20230405_095746_0002.png\",\"articleSection\":[\"General\"],\"inLanguage\":\"es\"},{\"@type\":\"WebPage\",\"@id\":\"https:\\\/\\\/www.fededonbosco.org\\\/villena\\\/los-descendientes-el-musical\\\/\",\"url\":\"https:\\\/\\\/www.fededonbosco.org\\\/villena\\\/los-descendientes-el-musical\\\/\",\"name\":\"LOS DESCENDIENTES EL MUSICAL!!! - Centro Juvenil Don Bosco Villena\",\"isPartOf\":{\"@id\":\"https:\\\/\\\/www.fededonbosco.org\\\/villena\\\/#website\"},\"primaryImageOfPage\":{\"@id\":\"https:\\\/\\\/www.fededonbosco.org\\\/villena\\\/los-descendientes-el-musical\\\/#primaryimage\"},\"image\":{\"@id\":\"https:\\\/\\\/www.fededonbosco.org\\\/villena\\\/los-descendientes-el-musical\\\/#primaryimage\"},\"thumbnailUrl\":\"https:\\\/\\\/www.fededonbosco.org\\\/villena\\\/wp-content\\\/uploads\\\/sites\\\/4\\\/2023\\\/04\\\/3_20230405_095746_0002.png\",\"datePublished\":\"2023-04-05T07:39:00+00:00\",\"dateModified\":\"2023-04-05T07:59:22+00:00\",\"author\":{\"@id\":\"https:\\\/\\\/www.fededonbosco.org\\\/villena\\\/#\\\/schema\\\/person\\\/4da59decd0bb185b3d847ec0fcc2087f\"},\"breadcrumb\":{\"@id\":\"https:\\\/\\\/www.fededonbosco.org\\\/villena\\\/los-descendientes-el-musical\\\/#breadcrumb\"},\"inLanguage\":\"es\",\"potentialAction\":[{\"@type\":\"ReadAction\",\"target\":[\"https:\\\/\\\/www.fededonbosco.org\\\/villena\\\/los-descendientes-el-musical\\\/\"]}]},{\"@type\":\"ImageObject\",\"inLanguage\":\"es\",\"@id\":\"https:\\\/\\\/www.fededonbosco.org\\\/villena\\\/los-descendientes-el-musical\\\/#primaryimage\",\"url\":\"https:\\\/\\\/www.fededonbosco.org\\\/villena\\\/wp-content\\\/uploads\\\/sites\\\/4\\\/2023\\\/04\\\/3_20230405_095746_0002.png\",\"contentUrl\":\"https:\\\/\\\/www.fededonbosco.org\\\/villena\\\/wp-content\\\/uploads\\\/sites\\\/4\\\/2023\\\/04\\\/3_20230405_095746_0002.png\",\"width\":1587,\"height\":2532},{\"@type\":\"BreadcrumbList\",\"@id\":\"https:\\\/\\\/www.fededonbosco.org\\\/villena\\\/los-descendientes-el-musical\\\/#breadcrumb\",\"itemListElement\":[{\"@type\":\"ListItem\",\"position\":1,\"name\":\"Portada\",\"item\":\"https:\\\/\\\/www.fededonbosco.org\\\/villena\\\/\"},{\"@type\":\"ListItem\",\"position\":2,\"name\":\"LOS DESCENDIENTES EL MUSICAL!!!\"}]},{\"@type\":\"WebSite\",\"@id\":\"https:\\\/\\\/www.fededonbosco.org\\\/villena\\\/#website\",\"url\":\"https:\\\/\\\/www.fededonbosco.org\\\/villena\\\/\",\"name\":\"Centro Juvenil Don Bosco Villena\",\"description\":\"Pagina oficial del Centro Juvenil Don Bosco\",\"potentialAction\":[{\"@type\":\"SearchAction\",\"target\":{\"@type\":\"EntryPoint\",\"urlTemplate\":\"https:\\\/\\\/www.fededonbosco.org\\\/villena\\\/?s={search_term_string}\"},\"query-input\":{\"@type\":\"PropertyValueSpecification\",\"valueRequired\":true,\"valueName\":\"search_term_string\"}}],\"inLanguage\":\"es\"},{\"@type\":\"Person\",\"@id\":\"https:\\\/\\\/www.fededonbosco.org\\\/villena\\\/#\\\/schema\\\/person\\\/4da59decd0bb185b3d847ec0fcc2087f\",\"name\":\"webcjdb\",\"image\":{\"@type\":\"ImageObject\",\"inLanguage\":\"es\",\"@id\":\"https:\\\/\\\/secure.gravatar.com\\\/avatar\\\/6772807857fdc35dc1c918927bb1613843f3ac8f8acb9aaafd3f600c1ccfa3ac?s=96&d=identicon&r=g\",\"url\":\"https:\\\/\\\/secure.gravatar.com\\\/avatar\\\/6772807857fdc35dc1c918927bb1613843f3ac8f8acb9aaafd3f600c1ccfa3ac?s=96&d=identicon&r=g\",\"contentUrl\":\"https:\\\/\\\/secure.gravatar.com\\\/avatar\\\/6772807857fdc35dc1c918927bb1613843f3ac8f8acb9aaafd3f600c1ccfa3ac?s=96&d=identicon&r=g\",\"caption\":\"webcjdb\"},\"sameAs\":[\"https:\\\/\\\/www.facebook.com\\\/cjdbvillena\\\/\",\"https:\\\/\\\/www.instagram.com\\\/cjdbvillena\\\/?hl=es\",\"https:\\\/\\\/x.com\\\/cjdbvillena\"],\"url\":\"https:\\\/\\\/www.fededonbosco.org\\\/villena\\\/author\\\/webcjdb\\\/\"}]}<\/script>\n<!-- \/ Yoast SEO plugin. -->","yoast_head_json":{"title":"LOS DESCENDIENTES EL MUSICAL!!! - Centro Juvenil Don Bosco Villena","robots":{"index":"index","follow":"follow","max-snippet":"max-snippet:-1","max-image-preview":"max-image-preview:large","max-video-preview":"max-video-preview:-1"},"canonical":"https:\/\/www.fededonbosco.org\/villena\/los-descendientes-el-musical\/","og_locale":"es_ES","og_type":"article","og_title":"LOS DESCENDIENTES EL MUSICAL!!! - Centro Juvenil Don Bosco Villena","og_description":"Hace tan solo 7 meses dio comienzo uno de los talleres del Centro Juvenil Don Bosco&#x1f9e1;, el Taller Musical Juvenil, destinado a j\u00f3venes de 2\u00ba ESO hasta 2\u00ba BACH. Este a\u00f1o la tem\u00e1tica elegida fue &#x1f40d;LOS DESCENDIENTES&#x1f34e; , un gran reto e hilo conductor que conmovi\u00f3 la expectativas de alrededor de 70 participantes. Han sido [&hellip;]","og_url":"https:\/\/www.fededonbosco.org\/villena\/los-descendientes-el-musical\/","og_site_name":"Centro Juvenil Don Bosco Villena","article_author":"https:\/\/www.facebook.com\/cjdbvillena\/","article_published_time":"2023-04-05T07:39:00+00:00","article_modified_time":"2023-04-05T07:59:22+00:00","og_image":[{"width":642,"height":1024,"url":"http:\/\/www.fededonbosco.org\/villena\/wp-content\/uploads\/sites\/4\/2023\/04\/3_20230405_095746_0002-642x1024.png","type":"image\/png"}],"author":"webcjdb","twitter_card":"summary_large_image","twitter_creator":"@cjdbvillena","twitter_misc":{"Escrito por":"webcjdb","Tiempo de lectura":"2 minutos"},"schema":{"@context":"https:\/\/schema.org","@graph":[{"@type":"Article","@id":"https:\/\/www.fededonbosco.org\/villena\/los-descendientes-el-musical\/#article","isPartOf":{"@id":"https:\/\/www.fededonbosco.org\/villena\/los-descendientes-el-musical\/"},"author":{"name":"webcjdb","@id":"https:\/\/www.fededonbosco.org\/villena\/#\/schema\/person\/4da59decd0bb185b3d847ec0fcc2087f"},"headline":"LOS DESCENDIENTES EL MUSICAL!!!","datePublished":"2023-04-05T07:39:00+00:00","dateModified":"2023-04-05T07:59:22+00:00","mainEntityOfPage":{"@id":"https:\/\/www.fededonbosco.org\/villena\/los-descendientes-el-musical\/"},"wordCount":430,"image":{"@id":"https:\/\/www.fededonbosco.org\/villena\/los-descendientes-el-musical\/#primaryimage"},"thumbnailUrl":"https:\/\/www.fededonbosco.org\/villena\/wp-content\/uploads\/sites\/4\/2023\/04\/3_20230405_095746_0002.png","articleSection":["General"],"inLanguage":"es"},{"@type":"WebPage","@id":"https:\/\/www.fededonbosco.org\/villena\/los-descendientes-el-musical\/","url":"https:\/\/www.fededonbosco.org\/villena\/los-descendientes-el-musical\/","name":"LOS DESCENDIENTES EL MUSICAL!!! - Centro Juvenil Don Bosco Villena","isPartOf":{"@id":"https:\/\/www.fededonbosco.org\/villena\/#website"},"primaryImageOfPage":{"@id":"https:\/\/www.fededonbosco.org\/villena\/los-descendientes-el-musical\/#primaryimage"},"image":{"@id":"https:\/\/www.fededonbosco.org\/villena\/los-descendientes-el-musical\/#primaryimage"},"thumbnailUrl":"https:\/\/www.fededonbosco.org\/villena\/wp-content\/uploads\/sites\/4\/2023\/04\/3_20230405_095746_0002.png","datePublished":"2023-04-05T07:39:00+00:00","dateModified":"2023-04-05T07:59:22+00:00","author":{"@id":"https:\/\/www.fededonbosco.org\/villena\/#\/schema\/person\/4da59decd0bb185b3d847ec0fcc2087f"},"breadcrumb":{"@id":"https:\/\/www.fededonbosco.org\/villena\/los-descendientes-el-musical\/#breadcrumb"},"inLanguage":"es","potentialAction":[{"@type":"ReadAction","target":["https:\/\/www.fededonbosco.org\/villena\/los-descendientes-el-musical\/"]}]},{"@type":"ImageObject","inLanguage":"es","@id":"https:\/\/www.fededonbosco.org\/villena\/los-descendientes-el-musical\/#primaryimage","url":"https:\/\/www.fededonbosco.org\/villena\/wp-content\/uploads\/sites\/4\/2023\/04\/3_20230405_095746_0002.png","contentUrl":"https:\/\/www.fededonbosco.org\/villena\/wp-content\/uploads\/sites\/4\/2023\/04\/3_20230405_095746_0002.png","width":1587,"height":2532},{"@type":"BreadcrumbList","@id":"https:\/\/www.fededonbosco.org\/villena\/los-descendientes-el-musical\/#breadcrumb","itemListElement":[{"@type":"ListItem","position":1,"name":"Portada","item":"https:\/\/www.fededonbosco.org\/villena\/"},{"@type":"ListItem","position":2,"name":"LOS DESCENDIENTES EL MUSICAL!!!"}]},{"@type":"WebSite","@id":"https:\/\/www.fededonbosco.org\/villena\/#website","url":"https:\/\/www.fededonbosco.org\/villena\/","name":"Centro Juvenil Don Bosco Villena","description":"Pagina oficial del Centro Juvenil Don Bosco","potentialAction":[{"@type":"SearchAction","target":{"@type":"EntryPoint","urlTemplate":"https:\/\/www.fededonbosco.org\/villena\/?s={search_term_string}"},"query-input":{"@type":"PropertyValueSpecification","valueRequired":true,"valueName":"search_term_string"}}],"inLanguage":"es"},{"@type":"Person","@id":"https:\/\/www.fededonbosco.org\/villena\/#\/schema\/person\/4da59decd0bb185b3d847ec0fcc2087f","name":"webcjdb","image":{"@type":"ImageObject","inLanguage":"es","@id":"https:\/\/secure.gravatar.com\/avatar\/6772807857fdc35dc1c918927bb1613843f3ac8f8acb9aaafd3f600c1ccfa3ac?s=96&d=identicon&r=g","url":"https:\/\/secure.gravatar.com\/avatar\/6772807857fdc35dc1c918927bb1613843f3ac8f8acb9aaafd3f600c1ccfa3ac?s=96&d=identicon&r=g","contentUrl":"https:\/\/secure.gravatar.com\/avatar\/6772807857fdc35dc1c918927bb1613843f3ac8f8acb9aaafd3f600c1ccfa3ac?s=96&d=identicon&r=g","caption":"webcjdb"},"sameAs":["https:\/\/www.facebook.com\/cjdbvillena\/","https:\/\/www.instagram.com\/cjdbvillena\/?hl=es","https:\/\/x.com\/cjdbvillena"],"url":"https:\/\/www.fededonbosco.org\/villena\/author\/webcjdb\/"}]}},"_links":{"self":[{"href":"https:\/\/www.fededonbosco.org\/villena\/wp-json\/wp\/v2\/posts\/7536","targetHints":{"allow":["GET"]}}],"collection":[{"href":"https:\/\/www.fededonbosco.org\/villena\/wp-json\/wp\/v2\/posts"}],"about":[{"href":"https:\/\/www.fededonbosco.org\/villena\/wp-json\/wp\/v2\/types\/post"}],"author":[{"embeddable":true,"href":"https:\/\/www.fededonbosco.org\/villena\/wp-json\/wp\/v2\/users\/8"}],"replies":[{"embeddable":true,"href":"https:\/\/www.fededonbosco.org\/villena\/wp-json\/wp\/v2\/comments?post=7536"}],"version-history":[{"count":3,"href":"https:\/\/www.fededonbosco.org\/villena\/wp-json\/wp\/v2\/posts\/7536\/revisions"}],"predecessor-version":[{"id":7541,"href":"https:\/\/www.fededonbosco.org\/villena\/wp-json\/wp\/v2\/posts\/7536\/revisions\/7541"}],"wp:featuredmedia":[{"embeddable":true,"href":"https:\/\/www.fededonbosco.org\/villena\/wp-json\/wp\/v2\/media\/7540"}],"wp:attachment":[{"href":"https:\/\/www.fededonbosco.org\/villena\/wp-json\/wp\/v2\/media?parent=7536"}],"wp:term":[{"taxonomy":"category","embeddable":true,"href":"https:\/\/www.fededonbosco.org\/villena\/wp-json\/wp\/v2\/categories?post=7536"},{"taxonomy":"post_tag","embeddable":true,"href":"https:\/\/www.fededonbosco.org\/villena\/wp-json\/wp\/v2\/tags?post=7536"}],"curies":[{"name":"wp","href":"https:\/\/api.w.org\/{rel}","templated":true}]}}