{"id":7553,"date":"2023-09-18T20:58:02","date_gmt":"2023-09-18T19:58:02","guid":{"rendered":"https:\/\/www.fededonbosco.org\/villena\/?p=7553"},"modified":"2023-09-18T21:10:57","modified_gmt":"2023-09-18T20:10:57","slug":"inscripciones-curso-23-24","status":"publish","type":"post","link":"https:\/\/www.fededonbosco.org\/villena\/inscripciones-curso-23-24\/","title":{"rendered":"INSCRIPCIONES CURSO 23\/24"},"content":{"rendered":"<div id=\"fb-root\"><\/div>\n<p><em><strong>COMUNICADO OFICIAL CJDB <\/strong><\/em><\/p>\n<p><strong>Hola familias, soci@s, interesad@s\u2026 <\/strong><\/p>\n<p>Como ya sab\u00e9is el centro juvenil est\u00e1 formado por una maravilloso equipo de animador@s que trabajan de forma voluntaria en preparar con tanto cari\u00f1o esas actividades y momentos que tanto disfrutamos y nos ayudan a crecer y madurar juntos. Este equipo de voluntarios es peque\u00f1o y el n\u00famero de socios cada a\u00f1o es mayor, llegando a n\u00fameros con los que nos cuesta mucho poder dar todo lo que nos gustar\u00eda. Nuestra prioridad es siempre dar el 100% con cada uno de los j\u00f3venes que llegan a nosotros. Y por ello, a d\u00eda de hoy, no somos capaces de asumir la cantidad de socios tan grande que hemos tenido este \u00faltimo curso, lo cual nos lleva a tomar una serie de acciones para sopesar este hecho. Con mucha pena este curso <strong>no aceptaremos nuevos socios, a excepci\u00f3n de 4\u00ba de primaria<\/strong>, de forma que solo aquellas personas que hayan sido socias durante el curso 22\/23 podr\u00e1n inscribirse. Esperamos que esta medida sea suficiente para solucionar esta situaci\u00f3n pero no podemos descartar la posibilidad de la creaci\u00f3n de una lista de espera en caso de que sigamos teniendo un n\u00famero demasiado elevado de socios.<\/p>\n<p>Lamentamos las molestias y agradecemos la comprensi\u00f3n con la situaci\u00f3n actual.<\/p>\n<p>Cualquier duda pueden mandar un correo a presidencia@donboscovillena.dbcv.es o a los contactos habituales en telegram.<\/p>\n<p>A continuaci\u00f3n os dejamos los horarios de entrega de inscripciones.<\/p>\n<p><strong>Antiguos socios<\/strong><\/p>\n<ul>\n<li>Viernes 29 de septiembre de 17:15 a 19:00<\/li>\n<li>S\u00e1bado 30 de septiembre de 10:30 a 13:30 y de 16:30 a 19:00<\/li>\n<\/ul>\n<p><strong>Nuevos socios (Solo 4\u00b0Primaria)<\/strong><\/p>\n<ul>\n<li>Viernes 6 de octubre de 17:15 a 19:00<\/li>\n<li>S\u00e1bado 7 de octubre de 10:30 a 13:30<\/li>\n<\/ul>\n<p>Por \u00faltimo como novedad este a\u00f1o por la subida de costes de todo el material necesario para llevar acabo las actividades las cuotas subir\u00e1n de 40\u20ac a 50\u20ac para antiguos socios y de 50\u20ac a 60\u20ac para los nuevos socios.<\/p>\n<p>A continuaci\u00f3n os dejamos la ficha de inscripci\u00f3n.<\/p>\n<p>&nbsp;<\/p>\n<p><a href=\"https:\/\/drive.google.com\/file\/d\/1T-e71XF5Fu3D3RFBMw0i6dA86e70Dz5B\/view?usp=drivesdk\">FICHA DE INSCRIPCI\u00d3N 23\/24<\/a><\/p>\n\n<div class=\"twitter-share\"><a href=\"https:\/\/twitter.com\/intent\/tweet?via=CJDB_Villena\" class=\"twitter-share-button\">Twittear<\/a><\/div>\n","protected":false},"excerpt":{"rendered":"<p>COMUNICADO OFICIAL CJDB Hola familias, soci@s, interesad@s\u2026 Como ya sab\u00e9is el centro juvenil est\u00e1 formado por una maravilloso equipo de animador@s que trabajan de forma voluntaria en preparar con tanto cari\u00f1o esas actividades y momentos que tanto disfrutamos y nos ayudan a crecer y madurar juntos. Este equipo de voluntarios es peque\u00f1o y el n\u00famero [&hellip;]<\/p>\n","protected":false},"author":8,"featured_media":7557,"comment_status":"closed","ping_status":"closed","sticky":false,"template":"","format":"standard","meta":{"_et_pb_use_builder":"","_et_pb_old_content":"","_et_gb_content_width":"","footnotes":""},"categories":[182],"tags":[],"class_list":["post-7553","post","type-post","status-publish","format-standard","has-post-thumbnail","hentry","category-general-val"],"yoast_head":"<!-- This site is optimized with the Yoast SEO plugin v28.3 - https:\/\/yoast.com\/product\/yoast-seo-wordpress\/ -->\n<title>INSCRIPCIONES CURSO 23\/24 - Centro Juvenil Don Bosco Villena<\/title>\n<meta name=\"robots\" content=\"index, follow, max-snippet:-1, max-image-preview:large, max-video-preview:-1\" \/>\n<link rel=\"canonical\" href=\"https:\/\/www.fededonbosco.org\/villena\/inscripciones-curso-23-24\/\" \/>\n<meta property=\"og:locale\" content=\"es_ES\" \/>\n<meta property=\"og:type\" content=\"article\" \/>\n<meta property=\"og:title\" content=\"INSCRIPCIONES CURSO 23\/24 - Centro Juvenil Don Bosco Villena\" \/>\n<meta property=\"og:description\" content=\"COMUNICADO OFICIAL CJDB Hola familias, soci@s, interesad@s\u2026 Como ya sab\u00e9is el centro juvenil est\u00e1 formado por una maravilloso equipo de animador@s que trabajan de forma voluntaria en preparar con tanto cari\u00f1o esas actividades y momentos que tanto disfrutamos y nos ayudan a crecer y madurar juntos. Este equipo de voluntarios es peque\u00f1o y el n\u00famero [&hellip;]\" \/>\n<meta property=\"og:url\" content=\"https:\/\/www.fededonbosco.org\/villena\/inscripciones-curso-23-24\/\" \/>\n<meta property=\"og:site_name\" content=\"Centro Juvenil Don Bosco Villena\" \/>\n<meta property=\"article:author\" content=\"https:\/\/www.facebook.com\/cjdbvillena\/\" \/>\n<meta property=\"article:published_time\" content=\"2023-09-18T19:58:02+00:00\" \/>\n<meta property=\"article:modified_time\" content=\"2023-09-18T20:10:57+00:00\" \/>\n<meta property=\"og:image\" content=\"http:\/\/www.fededonbosco.org\/villena\/wp-content\/uploads\/sites\/4\/2023\/09\/20230918_221018_0000.png\" \/>\n\t<meta property=\"og:image:width\" content=\"1080\" \/>\n\t<meta property=\"og:image:height\" content=\"1080\" \/>\n\t<meta property=\"og:image:type\" content=\"image\/png\" \/>\n<meta name=\"author\" content=\"webcjdb\" \/>\n<meta name=\"twitter:card\" content=\"summary_large_image\" \/>\n<meta name=\"twitter:creator\" content=\"@cjdbvillena\" \/>\n<meta name=\"twitter:label1\" content=\"Escrito por\" \/>\n\t<meta name=\"twitter:data1\" content=\"webcjdb\" \/>\n\t<meta name=\"twitter:label2\" content=\"Tiempo de lectura\" \/>\n\t<meta name=\"twitter:data2\" content=\"2 minutos\" \/>\n<script type=\"application\/ld+json\" class=\"yoast-schema-graph\">{\"@context\":\"https:\\\/\\\/schema.org\",\"@graph\":[{\"@type\":\"Article\",\"@id\":\"https:\\\/\\\/www.fededonbosco.org\\\/villena\\\/inscripciones-curso-23-24\\\/#article\",\"isPartOf\":{\"@id\":\"https:\\\/\\\/www.fededonbosco.org\\\/villena\\\/inscripciones-curso-23-24\\\/\"},\"author\":{\"name\":\"webcjdb\",\"@id\":\"https:\\\/\\\/www.fededonbosco.org\\\/villena\\\/#\\\/schema\\\/person\\\/4da59decd0bb185b3d847ec0fcc2087f\"},\"headline\":\"INSCRIPCIONES CURSO 23\\\/24\",\"datePublished\":\"2023-09-18T19:58:02+00:00\",\"dateModified\":\"2023-09-18T20:10:57+00:00\",\"mainEntityOfPage\":{\"@id\":\"https:\\\/\\\/www.fededonbosco.org\\\/villena\\\/inscripciones-curso-23-24\\\/\"},\"wordCount\":341,\"image\":{\"@id\":\"https:\\\/\\\/www.fededonbosco.org\\\/villena\\\/inscripciones-curso-23-24\\\/#primaryimage\"},\"thumbnailUrl\":\"https:\\\/\\\/www.fededonbosco.org\\\/villena\\\/wp-content\\\/uploads\\\/sites\\\/4\\\/2023\\\/09\\\/20230918_221018_0000.png\",\"articleSection\":[\"General\"],\"inLanguage\":\"es\"},{\"@type\":\"WebPage\",\"@id\":\"https:\\\/\\\/www.fededonbosco.org\\\/villena\\\/inscripciones-curso-23-24\\\/\",\"url\":\"https:\\\/\\\/www.fededonbosco.org\\\/villena\\\/inscripciones-curso-23-24\\\/\",\"name\":\"INSCRIPCIONES CURSO 23\\\/24 - Centro Juvenil Don Bosco Villena\",\"isPartOf\":{\"@id\":\"https:\\\/\\\/www.fededonbosco.org\\\/villena\\\/#website\"},\"primaryImageOfPage\":{\"@id\":\"https:\\\/\\\/www.fededonbosco.org\\\/villena\\\/inscripciones-curso-23-24\\\/#primaryimage\"},\"image\":{\"@id\":\"https:\\\/\\\/www.fededonbosco.org\\\/villena\\\/inscripciones-curso-23-24\\\/#primaryimage\"},\"thumbnailUrl\":\"https:\\\/\\\/www.fededonbosco.org\\\/villena\\\/wp-content\\\/uploads\\\/sites\\\/4\\\/2023\\\/09\\\/20230918_221018_0000.png\",\"datePublished\":\"2023-09-18T19:58:02+00:00\",\"dateModified\":\"2023-09-18T20:10:57+00:00\",\"author\":{\"@id\":\"https:\\\/\\\/www.fededonbosco.org\\\/villena\\\/#\\\/schema\\\/person\\\/4da59decd0bb185b3d847ec0fcc2087f\"},\"breadcrumb\":{\"@id\":\"https:\\\/\\\/www.fededonbosco.org\\\/villena\\\/inscripciones-curso-23-24\\\/#breadcrumb\"},\"inLanguage\":\"es\",\"potentialAction\":[{\"@type\":\"ReadAction\",\"target\":[\"https:\\\/\\\/www.fededonbosco.org\\\/villena\\\/inscripciones-curso-23-24\\\/\"]}]},{\"@type\":\"ImageObject\",\"inLanguage\":\"es\",\"@id\":\"https:\\\/\\\/www.fededonbosco.org\\\/villena\\\/inscripciones-curso-23-24\\\/#primaryimage\",\"url\":\"https:\\\/\\\/www.fededonbosco.org\\\/villena\\\/wp-content\\\/uploads\\\/sites\\\/4\\\/2023\\\/09\\\/20230918_221018_0000.png\",\"contentUrl\":\"https:\\\/\\\/www.fededonbosco.org\\\/villena\\\/wp-content\\\/uploads\\\/sites\\\/4\\\/2023\\\/09\\\/20230918_221018_0000.png\",\"width\":1080,\"height\":1080},{\"@type\":\"BreadcrumbList\",\"@id\":\"https:\\\/\\\/www.fededonbosco.org\\\/villena\\\/inscripciones-curso-23-24\\\/#breadcrumb\",\"itemListElement\":[{\"@type\":\"ListItem\",\"position\":1,\"name\":\"Portada\",\"item\":\"https:\\\/\\\/www.fededonbosco.org\\\/villena\\\/\"},{\"@type\":\"ListItem\",\"position\":2,\"name\":\"INSCRIPCIONES CURSO 23\\\/24\"}]},{\"@type\":\"WebSite\",\"@id\":\"https:\\\/\\\/www.fededonbosco.org\\\/villena\\\/#website\",\"url\":\"https:\\\/\\\/www.fededonbosco.org\\\/villena\\\/\",\"name\":\"Centro Juvenil Don Bosco Villena\",\"description\":\"Pagina oficial del Centro Juvenil Don Bosco\",\"potentialAction\":[{\"@type\":\"SearchAction\",\"target\":{\"@type\":\"EntryPoint\",\"urlTemplate\":\"https:\\\/\\\/www.fededonbosco.org\\\/villena\\\/?s={search_term_string}\"},\"query-input\":{\"@type\":\"PropertyValueSpecification\",\"valueRequired\":true,\"valueName\":\"search_term_string\"}}],\"inLanguage\":\"es\"},{\"@type\":\"Person\",\"@id\":\"https:\\\/\\\/www.fededonbosco.org\\\/villena\\\/#\\\/schema\\\/person\\\/4da59decd0bb185b3d847ec0fcc2087f\",\"name\":\"webcjdb\",\"image\":{\"@type\":\"ImageObject\",\"inLanguage\":\"es\",\"@id\":\"https:\\\/\\\/secure.gravatar.com\\\/avatar\\\/6772807857fdc35dc1c918927bb1613843f3ac8f8acb9aaafd3f600c1ccfa3ac?s=96&d=identicon&r=g\",\"url\":\"https:\\\/\\\/secure.gravatar.com\\\/avatar\\\/6772807857fdc35dc1c918927bb1613843f3ac8f8acb9aaafd3f600c1ccfa3ac?s=96&d=identicon&r=g\",\"contentUrl\":\"https:\\\/\\\/secure.gravatar.com\\\/avatar\\\/6772807857fdc35dc1c918927bb1613843f3ac8f8acb9aaafd3f600c1ccfa3ac?s=96&d=identicon&r=g\",\"caption\":\"webcjdb\"},\"sameAs\":[\"https:\\\/\\\/www.facebook.com\\\/cjdbvillena\\\/\",\"https:\\\/\\\/www.instagram.com\\\/cjdbvillena\\\/?hl=es\",\"https:\\\/\\\/x.com\\\/cjdbvillena\"],\"url\":\"https:\\\/\\\/www.fededonbosco.org\\\/villena\\\/author\\\/webcjdb\\\/\"}]}<\/script>\n<!-- \/ Yoast SEO plugin. -->","yoast_head_json":{"title":"INSCRIPCIONES CURSO 23\/24 - Centro Juvenil Don Bosco Villena","robots":{"index":"index","follow":"follow","max-snippet":"max-snippet:-1","max-image-preview":"max-image-preview:large","max-video-preview":"max-video-preview:-1"},"canonical":"https:\/\/www.fededonbosco.org\/villena\/inscripciones-curso-23-24\/","og_locale":"es_ES","og_type":"article","og_title":"INSCRIPCIONES CURSO 23\/24 - Centro Juvenil Don Bosco Villena","og_description":"COMUNICADO OFICIAL CJDB Hola familias, soci@s, interesad@s\u2026 Como ya sab\u00e9is el centro juvenil est\u00e1 formado por una maravilloso equipo de animador@s que trabajan de forma voluntaria en preparar con tanto cari\u00f1o esas actividades y momentos que tanto disfrutamos y nos ayudan a crecer y madurar juntos. Este equipo de voluntarios es peque\u00f1o y el n\u00famero [&hellip;]","og_url":"https:\/\/www.fededonbosco.org\/villena\/inscripciones-curso-23-24\/","og_site_name":"Centro Juvenil Don Bosco Villena","article_author":"https:\/\/www.facebook.com\/cjdbvillena\/","article_published_time":"2023-09-18T19:58:02+00:00","article_modified_time":"2023-09-18T20:10:57+00:00","og_image":[{"width":1080,"height":1080,"url":"http:\/\/www.fededonbosco.org\/villena\/wp-content\/uploads\/sites\/4\/2023\/09\/20230918_221018_0000.png","type":"image\/png"}],"author":"webcjdb","twitter_card":"summary_large_image","twitter_creator":"@cjdbvillena","twitter_misc":{"Escrito por":"webcjdb","Tiempo de lectura":"2 minutos"},"schema":{"@context":"https:\/\/schema.org","@graph":[{"@type":"Article","@id":"https:\/\/www.fededonbosco.org\/villena\/inscripciones-curso-23-24\/#article","isPartOf":{"@id":"https:\/\/www.fededonbosco.org\/villena\/inscripciones-curso-23-24\/"},"author":{"name":"webcjdb","@id":"https:\/\/www.fededonbosco.org\/villena\/#\/schema\/person\/4da59decd0bb185b3d847ec0fcc2087f"},"headline":"INSCRIPCIONES CURSO 23\/24","datePublished":"2023-09-18T19:58:02+00:00","dateModified":"2023-09-18T20:10:57+00:00","mainEntityOfPage":{"@id":"https:\/\/www.fededonbosco.org\/villena\/inscripciones-curso-23-24\/"},"wordCount":341,"image":{"@id":"https:\/\/www.fededonbosco.org\/villena\/inscripciones-curso-23-24\/#primaryimage"},"thumbnailUrl":"https:\/\/www.fededonbosco.org\/villena\/wp-content\/uploads\/sites\/4\/2023\/09\/20230918_221018_0000.png","articleSection":["General"],"inLanguage":"es"},{"@type":"WebPage","@id":"https:\/\/www.fededonbosco.org\/villena\/inscripciones-curso-23-24\/","url":"https:\/\/www.fededonbosco.org\/villena\/inscripciones-curso-23-24\/","name":"INSCRIPCIONES CURSO 23\/24 - Centro Juvenil Don Bosco Villena","isPartOf":{"@id":"https:\/\/www.fededonbosco.org\/villena\/#website"},"primaryImageOfPage":{"@id":"https:\/\/www.fededonbosco.org\/villena\/inscripciones-curso-23-24\/#primaryimage"},"image":{"@id":"https:\/\/www.fededonbosco.org\/villena\/inscripciones-curso-23-24\/#primaryimage"},"thumbnailUrl":"https:\/\/www.fededonbosco.org\/villena\/wp-content\/uploads\/sites\/4\/2023\/09\/20230918_221018_0000.png","datePublished":"2023-09-18T19:58:02+00:00","dateModified":"2023-09-18T20:10:57+00:00","author":{"@id":"https:\/\/www.fededonbosco.org\/villena\/#\/schema\/person\/4da59decd0bb185b3d847ec0fcc2087f"},"breadcrumb":{"@id":"https:\/\/www.fededonbosco.org\/villena\/inscripciones-curso-23-24\/#breadcrumb"},"inLanguage":"es","potentialAction":[{"@type":"ReadAction","target":["https:\/\/www.fededonbosco.org\/villena\/inscripciones-curso-23-24\/"]}]},{"@type":"ImageObject","inLanguage":"es","@id":"https:\/\/www.fededonbosco.org\/villena\/inscripciones-curso-23-24\/#primaryimage","url":"https:\/\/www.fededonbosco.org\/villena\/wp-content\/uploads\/sites\/4\/2023\/09\/20230918_221018_0000.png","contentUrl":"https:\/\/www.fededonbosco.org\/villena\/wp-content\/uploads\/sites\/4\/2023\/09\/20230918_221018_0000.png","width":1080,"height":1080},{"@type":"BreadcrumbList","@id":"https:\/\/www.fededonbosco.org\/villena\/inscripciones-curso-23-24\/#breadcrumb","itemListElement":[{"@type":"ListItem","position":1,"name":"Portada","item":"https:\/\/www.fededonbosco.org\/villena\/"},{"@type":"ListItem","position":2,"name":"INSCRIPCIONES CURSO 23\/24"}]},{"@type":"WebSite","@id":"https:\/\/www.fededonbosco.org\/villena\/#website","url":"https:\/\/www.fededonbosco.org\/villena\/","name":"Centro Juvenil Don Bosco Villena","description":"Pagina oficial del Centro Juvenil Don Bosco","potentialAction":[{"@type":"SearchAction","target":{"@type":"EntryPoint","urlTemplate":"https:\/\/www.fededonbosco.org\/villena\/?s={search_term_string}"},"query-input":{"@type":"PropertyValueSpecification","valueRequired":true,"valueName":"search_term_string"}}],"inLanguage":"es"},{"@type":"Person","@id":"https:\/\/www.fededonbosco.org\/villena\/#\/schema\/person\/4da59decd0bb185b3d847ec0fcc2087f","name":"webcjdb","image":{"@type":"ImageObject","inLanguage":"es","@id":"https:\/\/secure.gravatar.com\/avatar\/6772807857fdc35dc1c918927bb1613843f3ac8f8acb9aaafd3f600c1ccfa3ac?s=96&d=identicon&r=g","url":"https:\/\/secure.gravatar.com\/avatar\/6772807857fdc35dc1c918927bb1613843f3ac8f8acb9aaafd3f600c1ccfa3ac?s=96&d=identicon&r=g","contentUrl":"https:\/\/secure.gravatar.com\/avatar\/6772807857fdc35dc1c918927bb1613843f3ac8f8acb9aaafd3f600c1ccfa3ac?s=96&d=identicon&r=g","caption":"webcjdb"},"sameAs":["https:\/\/www.facebook.com\/cjdbvillena\/","https:\/\/www.instagram.com\/cjdbvillena\/?hl=es","https:\/\/x.com\/cjdbvillena"],"url":"https:\/\/www.fededonbosco.org\/villena\/author\/webcjdb\/"}]}},"_links":{"self":[{"href":"https:\/\/www.fededonbosco.org\/villena\/wp-json\/wp\/v2\/posts\/7553","targetHints":{"allow":["GET"]}}],"collection":[{"href":"https:\/\/www.fededonbosco.org\/villena\/wp-json\/wp\/v2\/posts"}],"about":[{"href":"https:\/\/www.fededonbosco.org\/villena\/wp-json\/wp\/v2\/types\/post"}],"author":[{"embeddable":true,"href":"https:\/\/www.fededonbosco.org\/villena\/wp-json\/wp\/v2\/users\/8"}],"replies":[{"embeddable":true,"href":"https:\/\/www.fededonbosco.org\/villena\/wp-json\/wp\/v2\/comments?post=7553"}],"version-history":[{"count":3,"href":"https:\/\/www.fededonbosco.org\/villena\/wp-json\/wp\/v2\/posts\/7553\/revisions"}],"predecessor-version":[{"id":7556,"href":"https:\/\/www.fededonbosco.org\/villena\/wp-json\/wp\/v2\/posts\/7553\/revisions\/7556"}],"wp:featuredmedia":[{"embeddable":true,"href":"https:\/\/www.fededonbosco.org\/villena\/wp-json\/wp\/v2\/media\/7557"}],"wp:attachment":[{"href":"https:\/\/www.fededonbosco.org\/villena\/wp-json\/wp\/v2\/media?parent=7553"}],"wp:term":[{"taxonomy":"category","embeddable":true,"href":"https:\/\/www.fededonbosco.org\/villena\/wp-json\/wp\/v2\/categories?post=7553"},{"taxonomy":"post_tag","embeddable":true,"href":"https:\/\/www.fededonbosco.org\/villena\/wp-json\/wp\/v2\/tags?post=7553"}],"curies":[{"name":"wp","href":"https:\/\/api.w.org\/{rel}","templated":true}]}}