{"id":7588,"date":"2023-11-06T23:36:06","date_gmt":"2023-11-06T22:36:06","guid":{"rendered":"https:\/\/www.fededonbosco.org\/villena\/?p=7588"},"modified":"2023-11-06T23:36:06","modified_gmt":"2023-11-06T22:36:06","slug":"acampada-preju-1-y-2","status":"publish","type":"post","link":"https:\/\/www.fededonbosco.org\/villena\/acampada-preju-1-y-2\/","title":{"rendered":"ACAMPADA PREJU 1 y 2"},"content":{"rendered":"<div id=\"fb-root\"><\/div>\n<p>VUELVE LA ACAMPADA DE NAVIDAD &#x1f384;<\/p>\n<p>&nbsp;<\/p>\n<p>Como muchos ya sabr\u00e9is, los d\u00edas 16 y 17 de diciembre realizaremos la acampada de navidad los sectores de Preju-1 y Preju-2, pero este a\u00f1o ser\u00e1 especial, ser\u00e1 conjunta &#x1f60a; y adem\u00e1s la haremos con los centro juveniles \u201cValdocco\u201d (Ibi) y \u201cPinardi\u201d (Alcoy) &#x1f92d;&#x1f973;<\/p>\n<p>&nbsp;<\/p>\n<p>Ser\u00e1 una acampada para hacer amigos y amigas de otros centros juveniles y para generar ese sentimiento de familia, tan caracter\u00edstico de nuestro centro juvenil, entre los dos sectores &#x1f469;&#x1f3fc;&#x200d;&#x1f91d;&#x200d;&#x1f468;&#x1f3fd;&#x1f3e1;<\/p>\n<p>&nbsp;<\/p>\n<p>PD.: Ah, y, por cierto\u2026 \u00bfCONSEGUIR\u00c1S SALVAR LA NAVIDAD? &#x1f92b;&#x1f914;<\/p>\n<p><img loading=\"lazy\" decoding=\"async\" class=\"alignnone size-medium wp-image-7589\" src=\"http:\/\/www.fededonbosco.org\/villena\/wp-content\/uploads\/sites\/4\/2023\/11\/CIRCULAR-ACAMPADA-PREJU-1-212x300.png\" alt=\"\" width=\"212\" height=\"300\" \/><\/p>\n\n<div class=\"twitter-share\"><a href=\"https:\/\/twitter.com\/intent\/tweet?via=CJDB_Villena\" class=\"twitter-share-button\">Twittear<\/a><\/div>\n","protected":false},"excerpt":{"rendered":"<p>VUELVE LA ACAMPADA DE NAVIDAD &#x1f384; &nbsp; Como muchos ya sabr\u00e9is, los d\u00edas 16 y 17 de diciembre realizaremos la acampada de navidad los sectores de Preju-1 y Preju-2, pero este a\u00f1o ser\u00e1 especial, ser\u00e1 conjunta &#x1f60a; y adem\u00e1s la haremos con los centro juveniles \u201cValdocco\u201d (Ibi) y \u201cPinardi\u201d (Alcoy) &#x1f92d;&#x1f973; &nbsp; Ser\u00e1 una acampada [&hellip;]<\/p>\n","protected":false},"author":8,"featured_media":7591,"comment_status":"closed","ping_status":"closed","sticky":false,"template":"","format":"standard","meta":{"_et_pb_use_builder":"","_et_pb_old_content":"","_et_gb_content_width":"","footnotes":""},"categories":[182],"tags":[],"class_list":["post-7588","post","type-post","status-publish","format-standard","has-post-thumbnail","hentry","category-general-val"],"yoast_head":"<!-- This site is optimized with the Yoast SEO plugin v27.5 - https:\/\/yoast.com\/product\/yoast-seo-wordpress\/ -->\n<title>ACAMPADA PREJU 1 y 2 - Centro Juvenil Don Bosco Villena<\/title>\n<meta name=\"robots\" content=\"index, follow, max-snippet:-1, max-image-preview:large, max-video-preview:-1\" \/>\n<link rel=\"canonical\" href=\"https:\/\/www.fededonbosco.org\/villena\/acampada-preju-1-y-2\/\" \/>\n<meta property=\"og:locale\" content=\"es_ES\" \/>\n<meta property=\"og:type\" content=\"article\" \/>\n<meta property=\"og:title\" content=\"ACAMPADA PREJU 1 y 2 - Centro Juvenil Don Bosco Villena\" \/>\n<meta property=\"og:description\" content=\"VUELVE LA ACAMPADA DE NAVIDAD &#x1f384; &nbsp; Como muchos ya sabr\u00e9is, los d\u00edas 16 y 17 de diciembre realizaremos la acampada de navidad los sectores de Preju-1 y Preju-2, pero este a\u00f1o ser\u00e1 especial, ser\u00e1 conjunta &#x1f60a; y adem\u00e1s la haremos con los centro juveniles \u201cValdocco\u201d (Ibi) y \u201cPinardi\u201d (Alcoy) &#x1f92d;&#x1f973; &nbsp; Ser\u00e1 una acampada [&hellip;]\" \/>\n<meta property=\"og:url\" content=\"https:\/\/www.fededonbosco.org\/villena\/acampada-preju-1-y-2\/\" \/>\n<meta property=\"og:site_name\" content=\"Centro Juvenil Don Bosco Villena\" \/>\n<meta property=\"article:author\" content=\"https:\/\/www.facebook.com\/cjdbvillena\/\" \/>\n<meta property=\"article:published_time\" content=\"2023-11-06T22:36:06+00:00\" \/>\n<meta property=\"og:image\" content=\"http:\/\/www.fededonbosco.org\/villena\/wp-content\/uploads\/sites\/4\/2023\/11\/Cartel-CJDB_20231106_233517_0000.png\" \/>\n\t<meta property=\"og:image:width\" content=\"1080\" \/>\n\t<meta property=\"og:image:height\" content=\"1080\" \/>\n\t<meta property=\"og:image:type\" content=\"image\/png\" \/>\n<meta name=\"author\" content=\"webcjdb\" \/>\n<meta name=\"twitter:card\" content=\"summary_large_image\" \/>\n<meta name=\"twitter:creator\" content=\"@cjdbvillena\" \/>\n<meta name=\"twitter:label1\" content=\"Escrito por\" \/>\n\t<meta name=\"twitter:data1\" content=\"webcjdb\" \/>\n\t<meta name=\"twitter:label2\" content=\"Tiempo de lectura\" \/>\n\t<meta name=\"twitter:data2\" content=\"1 minuto\" \/>\n<script type=\"application\/ld+json\" class=\"yoast-schema-graph\">{\"@context\":\"https:\\\/\\\/schema.org\",\"@graph\":[{\"@type\":\"Article\",\"@id\":\"https:\\\/\\\/www.fededonbosco.org\\\/villena\\\/acampada-preju-1-y-2\\\/#article\",\"isPartOf\":{\"@id\":\"https:\\\/\\\/www.fededonbosco.org\\\/villena\\\/acampada-preju-1-y-2\\\/\"},\"author\":{\"name\":\"webcjdb\",\"@id\":\"https:\\\/\\\/www.fededonbosco.org\\\/villena\\\/#\\\/schema\\\/person\\\/4da59decd0bb185b3d847ec0fcc2087f\"},\"headline\":\"ACAMPADA PREJU 1 y 2\",\"datePublished\":\"2023-11-06T22:36:06+00:00\",\"mainEntityOfPage\":{\"@id\":\"https:\\\/\\\/www.fededonbosco.org\\\/villena\\\/acampada-preju-1-y-2\\\/\"},\"wordCount\":130,\"image\":{\"@id\":\"https:\\\/\\\/www.fededonbosco.org\\\/villena\\\/acampada-preju-1-y-2\\\/#primaryimage\"},\"thumbnailUrl\":\"https:\\\/\\\/www.fededonbosco.org\\\/villena\\\/wp-content\\\/uploads\\\/sites\\\/4\\\/2023\\\/11\\\/Cartel-CJDB_20231106_233517_0000.png\",\"articleSection\":[\"General\"],\"inLanguage\":\"es\"},{\"@type\":\"WebPage\",\"@id\":\"https:\\\/\\\/www.fededonbosco.org\\\/villena\\\/acampada-preju-1-y-2\\\/\",\"url\":\"https:\\\/\\\/www.fededonbosco.org\\\/villena\\\/acampada-preju-1-y-2\\\/\",\"name\":\"ACAMPADA PREJU 1 y 2 - Centro Juvenil Don Bosco Villena\",\"isPartOf\":{\"@id\":\"https:\\\/\\\/www.fededonbosco.org\\\/villena\\\/#website\"},\"primaryImageOfPage\":{\"@id\":\"https:\\\/\\\/www.fededonbosco.org\\\/villena\\\/acampada-preju-1-y-2\\\/#primaryimage\"},\"image\":{\"@id\":\"https:\\\/\\\/www.fededonbosco.org\\\/villena\\\/acampada-preju-1-y-2\\\/#primaryimage\"},\"thumbnailUrl\":\"https:\\\/\\\/www.fededonbosco.org\\\/villena\\\/wp-content\\\/uploads\\\/sites\\\/4\\\/2023\\\/11\\\/Cartel-CJDB_20231106_233517_0000.png\",\"datePublished\":\"2023-11-06T22:36:06+00:00\",\"author\":{\"@id\":\"https:\\\/\\\/www.fededonbosco.org\\\/villena\\\/#\\\/schema\\\/person\\\/4da59decd0bb185b3d847ec0fcc2087f\"},\"breadcrumb\":{\"@id\":\"https:\\\/\\\/www.fededonbosco.org\\\/villena\\\/acampada-preju-1-y-2\\\/#breadcrumb\"},\"inLanguage\":\"es\",\"potentialAction\":[{\"@type\":\"ReadAction\",\"target\":[\"https:\\\/\\\/www.fededonbosco.org\\\/villena\\\/acampada-preju-1-y-2\\\/\"]}]},{\"@type\":\"ImageObject\",\"inLanguage\":\"es\",\"@id\":\"https:\\\/\\\/www.fededonbosco.org\\\/villena\\\/acampada-preju-1-y-2\\\/#primaryimage\",\"url\":\"https:\\\/\\\/www.fededonbosco.org\\\/villena\\\/wp-content\\\/uploads\\\/sites\\\/4\\\/2023\\\/11\\\/Cartel-CJDB_20231106_233517_0000.png\",\"contentUrl\":\"https:\\\/\\\/www.fededonbosco.org\\\/villena\\\/wp-content\\\/uploads\\\/sites\\\/4\\\/2023\\\/11\\\/Cartel-CJDB_20231106_233517_0000.png\",\"width\":1080,\"height\":1080},{\"@type\":\"BreadcrumbList\",\"@id\":\"https:\\\/\\\/www.fededonbosco.org\\\/villena\\\/acampada-preju-1-y-2\\\/#breadcrumb\",\"itemListElement\":[{\"@type\":\"ListItem\",\"position\":1,\"name\":\"Portada\",\"item\":\"https:\\\/\\\/www.fededonbosco.org\\\/villena\\\/\"},{\"@type\":\"ListItem\",\"position\":2,\"name\":\"ACAMPADA PREJU 1 y 2\"}]},{\"@type\":\"WebSite\",\"@id\":\"https:\\\/\\\/www.fededonbosco.org\\\/villena\\\/#website\",\"url\":\"https:\\\/\\\/www.fededonbosco.org\\\/villena\\\/\",\"name\":\"Centro Juvenil Don Bosco Villena\",\"description\":\"Pagina oficial del Centro Juvenil Don Bosco\",\"potentialAction\":[{\"@type\":\"SearchAction\",\"target\":{\"@type\":\"EntryPoint\",\"urlTemplate\":\"https:\\\/\\\/www.fededonbosco.org\\\/villena\\\/?s={search_term_string}\"},\"query-input\":{\"@type\":\"PropertyValueSpecification\",\"valueRequired\":true,\"valueName\":\"search_term_string\"}}],\"inLanguage\":\"es\"},{\"@type\":\"Person\",\"@id\":\"https:\\\/\\\/www.fededonbosco.org\\\/villena\\\/#\\\/schema\\\/person\\\/4da59decd0bb185b3d847ec0fcc2087f\",\"name\":\"webcjdb\",\"image\":{\"@type\":\"ImageObject\",\"inLanguage\":\"es\",\"@id\":\"https:\\\/\\\/secure.gravatar.com\\\/avatar\\\/6772807857fdc35dc1c918927bb1613843f3ac8f8acb9aaafd3f600c1ccfa3ac?s=96&d=identicon&r=g\",\"url\":\"https:\\\/\\\/secure.gravatar.com\\\/avatar\\\/6772807857fdc35dc1c918927bb1613843f3ac8f8acb9aaafd3f600c1ccfa3ac?s=96&d=identicon&r=g\",\"contentUrl\":\"https:\\\/\\\/secure.gravatar.com\\\/avatar\\\/6772807857fdc35dc1c918927bb1613843f3ac8f8acb9aaafd3f600c1ccfa3ac?s=96&d=identicon&r=g\",\"caption\":\"webcjdb\"},\"sameAs\":[\"https:\\\/\\\/www.facebook.com\\\/cjdbvillena\\\/\",\"https:\\\/\\\/www.instagram.com\\\/cjdbvillena\\\/?hl=es\",\"https:\\\/\\\/x.com\\\/cjdbvillena\"],\"url\":\"https:\\\/\\\/www.fededonbosco.org\\\/villena\\\/author\\\/webcjdb\\\/\"}]}<\/script>\n<!-- \/ Yoast SEO plugin. -->","yoast_head_json":{"title":"ACAMPADA PREJU 1 y 2 - Centro Juvenil Don Bosco Villena","robots":{"index":"index","follow":"follow","max-snippet":"max-snippet:-1","max-image-preview":"max-image-preview:large","max-video-preview":"max-video-preview:-1"},"canonical":"https:\/\/www.fededonbosco.org\/villena\/acampada-preju-1-y-2\/","og_locale":"es_ES","og_type":"article","og_title":"ACAMPADA PREJU 1 y 2 - Centro Juvenil Don Bosco Villena","og_description":"VUELVE LA ACAMPADA DE NAVIDAD &#x1f384; &nbsp; Como muchos ya sabr\u00e9is, los d\u00edas 16 y 17 de diciembre realizaremos la acampada de navidad los sectores de Preju-1 y Preju-2, pero este a\u00f1o ser\u00e1 especial, ser\u00e1 conjunta &#x1f60a; y adem\u00e1s la haremos con los centro juveniles \u201cValdocco\u201d (Ibi) y \u201cPinardi\u201d (Alcoy) &#x1f92d;&#x1f973; &nbsp; Ser\u00e1 una acampada [&hellip;]","og_url":"https:\/\/www.fededonbosco.org\/villena\/acampada-preju-1-y-2\/","og_site_name":"Centro Juvenil Don Bosco Villena","article_author":"https:\/\/www.facebook.com\/cjdbvillena\/","article_published_time":"2023-11-06T22:36:06+00:00","og_image":[{"width":1080,"height":1080,"url":"http:\/\/www.fededonbosco.org\/villena\/wp-content\/uploads\/sites\/4\/2023\/11\/Cartel-CJDB_20231106_233517_0000.png","type":"image\/png"}],"author":"webcjdb","twitter_card":"summary_large_image","twitter_creator":"@cjdbvillena","twitter_misc":{"Escrito por":"webcjdb","Tiempo de lectura":"1 minuto"},"schema":{"@context":"https:\/\/schema.org","@graph":[{"@type":"Article","@id":"https:\/\/www.fededonbosco.org\/villena\/acampada-preju-1-y-2\/#article","isPartOf":{"@id":"https:\/\/www.fededonbosco.org\/villena\/acampada-preju-1-y-2\/"},"author":{"name":"webcjdb","@id":"https:\/\/www.fededonbosco.org\/villena\/#\/schema\/person\/4da59decd0bb185b3d847ec0fcc2087f"},"headline":"ACAMPADA PREJU 1 y 2","datePublished":"2023-11-06T22:36:06+00:00","mainEntityOfPage":{"@id":"https:\/\/www.fededonbosco.org\/villena\/acampada-preju-1-y-2\/"},"wordCount":130,"image":{"@id":"https:\/\/www.fededonbosco.org\/villena\/acampada-preju-1-y-2\/#primaryimage"},"thumbnailUrl":"https:\/\/www.fededonbosco.org\/villena\/wp-content\/uploads\/sites\/4\/2023\/11\/Cartel-CJDB_20231106_233517_0000.png","articleSection":["General"],"inLanguage":"es"},{"@type":"WebPage","@id":"https:\/\/www.fededonbosco.org\/villena\/acampada-preju-1-y-2\/","url":"https:\/\/www.fededonbosco.org\/villena\/acampada-preju-1-y-2\/","name":"ACAMPADA PREJU 1 y 2 - Centro Juvenil Don Bosco Villena","isPartOf":{"@id":"https:\/\/www.fededonbosco.org\/villena\/#website"},"primaryImageOfPage":{"@id":"https:\/\/www.fededonbosco.org\/villena\/acampada-preju-1-y-2\/#primaryimage"},"image":{"@id":"https:\/\/www.fededonbosco.org\/villena\/acampada-preju-1-y-2\/#primaryimage"},"thumbnailUrl":"https:\/\/www.fededonbosco.org\/villena\/wp-content\/uploads\/sites\/4\/2023\/11\/Cartel-CJDB_20231106_233517_0000.png","datePublished":"2023-11-06T22:36:06+00:00","author":{"@id":"https:\/\/www.fededonbosco.org\/villena\/#\/schema\/person\/4da59decd0bb185b3d847ec0fcc2087f"},"breadcrumb":{"@id":"https:\/\/www.fededonbosco.org\/villena\/acampada-preju-1-y-2\/#breadcrumb"},"inLanguage":"es","potentialAction":[{"@type":"ReadAction","target":["https:\/\/www.fededonbosco.org\/villena\/acampada-preju-1-y-2\/"]}]},{"@type":"ImageObject","inLanguage":"es","@id":"https:\/\/www.fededonbosco.org\/villena\/acampada-preju-1-y-2\/#primaryimage","url":"https:\/\/www.fededonbosco.org\/villena\/wp-content\/uploads\/sites\/4\/2023\/11\/Cartel-CJDB_20231106_233517_0000.png","contentUrl":"https:\/\/www.fededonbosco.org\/villena\/wp-content\/uploads\/sites\/4\/2023\/11\/Cartel-CJDB_20231106_233517_0000.png","width":1080,"height":1080},{"@type":"BreadcrumbList","@id":"https:\/\/www.fededonbosco.org\/villena\/acampada-preju-1-y-2\/#breadcrumb","itemListElement":[{"@type":"ListItem","position":1,"name":"Portada","item":"https:\/\/www.fededonbosco.org\/villena\/"},{"@type":"ListItem","position":2,"name":"ACAMPADA PREJU 1 y 2"}]},{"@type":"WebSite","@id":"https:\/\/www.fededonbosco.org\/villena\/#website","url":"https:\/\/www.fededonbosco.org\/villena\/","name":"Centro Juvenil Don Bosco Villena","description":"Pagina oficial del Centro Juvenil Don Bosco","potentialAction":[{"@type":"SearchAction","target":{"@type":"EntryPoint","urlTemplate":"https:\/\/www.fededonbosco.org\/villena\/?s={search_term_string}"},"query-input":{"@type":"PropertyValueSpecification","valueRequired":true,"valueName":"search_term_string"}}],"inLanguage":"es"},{"@type":"Person","@id":"https:\/\/www.fededonbosco.org\/villena\/#\/schema\/person\/4da59decd0bb185b3d847ec0fcc2087f","name":"webcjdb","image":{"@type":"ImageObject","inLanguage":"es","@id":"https:\/\/secure.gravatar.com\/avatar\/6772807857fdc35dc1c918927bb1613843f3ac8f8acb9aaafd3f600c1ccfa3ac?s=96&d=identicon&r=g","url":"https:\/\/secure.gravatar.com\/avatar\/6772807857fdc35dc1c918927bb1613843f3ac8f8acb9aaafd3f600c1ccfa3ac?s=96&d=identicon&r=g","contentUrl":"https:\/\/secure.gravatar.com\/avatar\/6772807857fdc35dc1c918927bb1613843f3ac8f8acb9aaafd3f600c1ccfa3ac?s=96&d=identicon&r=g","caption":"webcjdb"},"sameAs":["https:\/\/www.facebook.com\/cjdbvillena\/","https:\/\/www.instagram.com\/cjdbvillena\/?hl=es","https:\/\/x.com\/cjdbvillena"],"url":"https:\/\/www.fededonbosco.org\/villena\/author\/webcjdb\/"}]}},"_links":{"self":[{"href":"https:\/\/www.fededonbosco.org\/villena\/wp-json\/wp\/v2\/posts\/7588","targetHints":{"allow":["GET"]}}],"collection":[{"href":"https:\/\/www.fededonbosco.org\/villena\/wp-json\/wp\/v2\/posts"}],"about":[{"href":"https:\/\/www.fededonbosco.org\/villena\/wp-json\/wp\/v2\/types\/post"}],"author":[{"embeddable":true,"href":"https:\/\/www.fededonbosco.org\/villena\/wp-json\/wp\/v2\/users\/8"}],"replies":[{"embeddable":true,"href":"https:\/\/www.fededonbosco.org\/villena\/wp-json\/wp\/v2\/comments?post=7588"}],"version-history":[{"count":1,"href":"https:\/\/www.fededonbosco.org\/villena\/wp-json\/wp\/v2\/posts\/7588\/revisions"}],"predecessor-version":[{"id":7592,"href":"https:\/\/www.fededonbosco.org\/villena\/wp-json\/wp\/v2\/posts\/7588\/revisions\/7592"}],"wp:featuredmedia":[{"embeddable":true,"href":"https:\/\/www.fededonbosco.org\/villena\/wp-json\/wp\/v2\/media\/7591"}],"wp:attachment":[{"href":"https:\/\/www.fededonbosco.org\/villena\/wp-json\/wp\/v2\/media?parent=7588"}],"wp:term":[{"taxonomy":"category","embeddable":true,"href":"https:\/\/www.fededonbosco.org\/villena\/wp-json\/wp\/v2\/categories?post=7588"},{"taxonomy":"post_tag","embeddable":true,"href":"https:\/\/www.fededonbosco.org\/villena\/wp-json\/wp\/v2\/tags?post=7588"}],"curies":[{"name":"wp","href":"https:\/\/api.w.org\/{rel}","templated":true}]}}